{"id":52067,"date":"2025-10-03T21:29:09","date_gmt":"2025-10-03T21:29:09","guid":{"rendered":"https:\/\/www.europesays.com\/no\/52067\/"},"modified":"2025-10-03T21:29:09","modified_gmt":"2025-10-03T21:29:09","slug":"en-kollaps-dagbladet-no","status":"publish","type":"post","link":"https:\/\/www.europesays.com\/no\/52067\/","title":{"rendered":"&#8211; En kollaps &#8211; dagbladet.no"},"content":{"rendered":"<ol>\n<li><a href=\"https:\/\/news.google.com\/rss\/articles\/CBMiX0FVX3lxTFBnV3M3OVNVbXRwYUlFdEJYTFRXUEE5aXhSZkJReGFvR3UyaVdaZE5GTlg1Und2MEwyZW1QWVBOaTdSYU55YWNUSHVrd3Rza2JobVQ4SnpWQ056RHdETnE0?oc=5\" target=\"_blank\" rel=\"nofollow noopener\">&#8211; En kollaps<\/a>&nbsp;&nbsp;dagbladet.no<\/li>\n<li><a href=\"https:\/\/news.google.com\/rss\/articles\/CBMiakFVX3lxTE5pbzR2RmlGUjc1aWdKX0JSdFh6cU12M0J4SDE4Qmd1Q0labFJ6dXB4NE9BWGluRWlLRnM0bTVZb0pZemxKSVZ2N3NSN2tFeXE5c2ZjMEFWcXlYUFZ6Z0dCVGZhZWZQNllReHc?oc=5\" target=\"_blank\" rel=\"nofollow noopener\">\u2013 Spaserer hjem opprykket<\/a>&nbsp;&nbsp;TV2.no<\/li>\n<li><a href=\"https:\/\/news.google.com\/rss\/articles\/CBMitAFBVV95cUxOeDNGa0dPMVQyMmxyUDU1V2M5QjBKX3VjRjF1SGVmVlh6TkpwanoySXViUFdRdEJVQzQ1TWpKVlg3Y3F0eUtRTzBHSHJqb3Z3cWQzYXo5R0hkRzBMWDJOeU9VdlY4d2FuSldta1JjWEFYV1M4TUNBemk5bzRJQzlvT2FwTE1pSTEyV19oU2VvRTVvVzNDSEdnMTRDRFF1am1TSHk0N0Y1Z3hERncxNG1nREtxakc?oc=5\" target=\"_blank\" rel=\"nofollow noopener\">Har blitt enige om \u00e9n ting: \u2013 Vi m\u00e5 ha fokus p\u00e5 det som skjer i gruppa v\u00e5r<\/a>&nbsp;&nbsp;fvn.no<\/li>\n<li><a href=\"https:\/\/news.google.com\/rss\/articles\/CBMivwFBVV95cUxNNmFFd0FMZm1Val8xR0lRcXlodUwzcUI1M3g1eldOQUtNd2V5X2RNYzNZelItbC1INS1wZHlIT3ZlZ0lVbWRYczV5dU5fRUVaamFxdVg1NF9qV1dzT2xTTkIyS1VHQ19sSnhwMFFqNERkWlpwOUdGMnA4VnRXVHo0d1V0Vnc4d2hVcm1Rc3pxNTZpXzBzMVNieDdTdmpiUVdSejUyS2hVUHZBYWZ3Q1oyOVVzNE1HSE4wMFZvbzJiMA?oc=5\" target=\"_blank\" rel=\"nofollow noopener\">IK Start med tredje strake tap p\u00e5 rad: \u2013 Vi presterer ikke p\u00e5 det niv\u00e5et vi \u00f8nsker<\/a>&nbsp;&nbsp;NRK<\/li>\n<li><a href=\"https:\/\/news.google.com\/rss\/articles\/CBMinwFBVV95cUxPRi1NT1pDNXZCWVRGclExNW9acHpzcmFGSnlmR094V2w5eF9MVUhUaEtfckZ5ekE2ME9EU1FoTTJrQU1KMV81RlhENDRUYy03b2FWMzRRZHNIbnZQNUhSeGhFZ3lQMVJEcUZiRC0tQ1B1dUtCOGRueDdwQUxxa3NaaExPV1l5NkJkUDRVenVCeHdaeXQ0QkV5RU10dmlOTjQ?oc=5\" target=\"_blank\" rel=\"nofollow noopener\">Thriller i kampen om kvalifisering: Ranheim tar imot Egersund!<\/a>&nbsp;&nbsp;Ranheim Fotball<\/li>\n<\/ol>\n","protected":false},"excerpt":{"rendered":"&#8211; En kollaps&nbsp;&nbsp;dagbladet.no \u2013 Spaserer hjem opprykket&nbsp;&nbsp;TV2.no Har blitt enige om \u00e9n ting: \u2013 Vi m\u00e5 ha fokus&hellip;\n","protected":false},"author":2,"featured_media":52068,"comment_status":"","ping_status":"","sticky":false,"template":"","format":"standard","meta":{"footnotes":""},"categories":[59],"tags":[92,303,30,28,29,3108,83,82],"class_list":{"0":"post-52067","1":"post","2":"type-post","3":"status-publish","4":"format-standard","5":"has-post-thumbnail","7":"category-sport","8":"tag-fotball","9":"tag-ik-start","10":"tag-no","11":"tag-norge","12":"tag-norway","13":"tag-obosligaen","14":"tag-sport","15":"tag-sports"},"share_on_mastodon":{"url":"","error":""},"_links":{"self":[{"href":"https:\/\/www.europesays.com\/no\/wp-json\/wp\/v2\/posts\/52067","targetHints":{"allow":["GET"]}}],"collection":[{"href":"https:\/\/www.europesays.com\/no\/wp-json\/wp\/v2\/posts"}],"about":[{"href":"https:\/\/www.europesays.com\/no\/wp-json\/wp\/v2\/types\/post"}],"author":[{"embeddable":true,"href":"https:\/\/www.europesays.com\/no\/wp-json\/wp\/v2\/users\/2"}],"replies":[{"embeddable":true,"href":"https:\/\/www.europesays.com\/no\/wp-json\/wp\/v2\/comments?post=52067"}],"version-history":[{"count":0,"href":"https:\/\/www.europesays.com\/no\/wp-json\/wp\/v2\/posts\/52067\/revisions"}],"wp:featuredmedia":[{"embeddable":true,"href":"https:\/\/www.europesays.com\/no\/wp-json\/wp\/v2\/media\/52068"}],"wp:attachment":[{"href":"https:\/\/www.europesays.com\/no\/wp-json\/wp\/v2\/media?parent=52067"}],"wp:term":[{"taxonomy":"category","embeddable":true,"href":"https:\/\/www.europesays.com\/no\/wp-json\/wp\/v2\/categories?post=52067"},{"taxonomy":"post_tag","embeddable":true,"href":"https:\/\/www.europesays.com\/no\/wp-json\/wp\/v2\/tags?post=52067"}],"curies":[{"name":"wp","href":"https:\/\/api.w.org\/{rel}","templated":true}]}}