{"id":52110,"date":"2025-10-03T22:08:16","date_gmt":"2025-10-03T22:08:16","guid":{"rendered":"https:\/\/www.europesays.com\/no\/52110\/"},"modified":"2025-10-03T22:08:16","modified_gmt":"2025-10-03T22:08:16","slug":"mann-60-drept-av-voldelige-ungdommer","status":"publish","type":"post","link":"https:\/\/www.europesays.com\/no\/52110\/","title":{"rendered":"Mann (60) drept av voldelige ungdommer"},"content":{"rendered":"<p><strong>En mann i 60-\u00e5rene d\u00f8de mandag kveld etter et basketak ved en skolg\u00e5rd i Malm\u00f6. If\u00f8lge <a href=\"https:\/\/www.tv4.se\/artikel\/238A0xwLL1Zo0FDcS2P5EI\/man-doed-efter-brak-med-ungdomar\" rel=\"nofollow noopener\" target=\"_blank\">TV4 <\/a>var han ute og luftet hunden da han kom i konflikt med flere unge personer. Politiet etterforsker saken som drap.<\/strong><\/p>\n<p>Meldingen om hendelsen kom inn til politiet rundt klokken 21. If\u00f8lge innringere skal tre eller fire personer ha havnet i et slagsm\u00e5l, hvor \u00e9n av dem \u2013 den avd\u00f8de \u2013 falt i bakken. Da politiet ankom stedet, ble mannen funnet livl\u00f8s.<\/p>\n<p>\u2013 Det finnes fortsatt sp\u00f8rsm\u00e5l rundt hva som har skjedd og hvorfor han har f\u00e5tt de skadene han har f\u00e5tt, sier Evelina Olsson, talsperson for politiregion Syd.<\/p>\n<p>Politi og teknikere har gjennom natten arbeidet i omr\u00e5det. Flere ungdommer skal ha blitt kontrollert, men ingen er s\u00e5 langt p\u00e5grepet. If\u00f8lge TV4s opplysninger var det tre ungdommer som var involvert i hendelsen, men dette er ikke bekreftet av politiet.<\/p>\n<p>\u2013 Vi har ingen opplysninger i det hele tatt om de involverte, sier Olsson.<\/p>\n<p>Politiet bekrefter derimot at mannen var ute med hunden da hendelsen fant sted. En hund ble funnet p\u00e5 stedet, men det er uklart hva som har skjedd med den.<\/p>\n<p>Etterforskningen p\u00e5g\u00e5r n\u00e5 som en drapssak, og det jobbes med \u00e5 samle inn vitneforklaringer, g\u00e5 gjennom overv\u00e5kningsbilder og gjennomf\u00f8re d\u00f8rsalg i n\u00e6romr\u00e5det. Mannens p\u00e5r\u00f8rende er varslet.<\/p>\n","protected":false},"excerpt":{"rendered":"En mann i 60-\u00e5rene d\u00f8de mandag kveld etter et basketak ved en skolg\u00e5rd i Malm\u00f6. If\u00f8lge TV4 var&hellip;\n","protected":false},"author":2,"featured_media":52111,"comment_status":"","ping_status":"","sticky":false,"template":"","format":"standard","meta":{"footnotes":""},"categories":[12],"tags":[20,21,377,24,25,15,22,23,7198,13,30,28,29,14,16,26,27,3813,42,43,44,45],"class_list":{"0":"post-52110","1":"post","2":"type-post","3":"status-publish","4":"format-standard","5":"has-post-thumbnail","7":"category-verden","8":"tag-breaking-news","9":"tag-breakingnews","10":"tag-drap","11":"tag-featured-news","12":"tag-featurednews","13":"tag-headlines","14":"tag-latest-news","15":"tag-latestnews","16":"tag-malmo","17":"tag-news","18":"tag-no","19":"tag-norge","20":"tag-norway","21":"tag-nyheter","22":"tag-overskrifter","23":"tag-top-stories","24":"tag-topstories","25":"tag-ungdomskriminalitet","26":"tag-verden","27":"tag-world","28":"tag-world-news","29":"tag-worldnews"},"share_on_mastodon":{"url":"","error":""},"_links":{"self":[{"href":"https:\/\/www.europesays.com\/no\/wp-json\/wp\/v2\/posts\/52110","targetHints":{"allow":["GET"]}}],"collection":[{"href":"https:\/\/www.europesays.com\/no\/wp-json\/wp\/v2\/posts"}],"about":[{"href":"https:\/\/www.europesays.com\/no\/wp-json\/wp\/v2\/types\/post"}],"author":[{"embeddable":true,"href":"https:\/\/www.europesays.com\/no\/wp-json\/wp\/v2\/users\/2"}],"replies":[{"embeddable":true,"href":"https:\/\/www.europesays.com\/no\/wp-json\/wp\/v2\/comments?post=52110"}],"version-history":[{"count":0,"href":"https:\/\/www.europesays.com\/no\/wp-json\/wp\/v2\/posts\/52110\/revisions"}],"wp:featuredmedia":[{"embeddable":true,"href":"https:\/\/www.europesays.com\/no\/wp-json\/wp\/v2\/media\/52111"}],"wp:attachment":[{"href":"https:\/\/www.europesays.com\/no\/wp-json\/wp\/v2\/media?parent=52110"}],"wp:term":[{"taxonomy":"category","embeddable":true,"href":"https:\/\/www.europesays.com\/no\/wp-json\/wp\/v2\/categories?post=52110"},{"taxonomy":"post_tag","embeddable":true,"href":"https:\/\/www.europesays.com\/no\/wp-json\/wp\/v2\/tags?post=52110"}],"curies":[{"name":"wp","href":"https:\/\/api.w.org\/{rel}","templated":true}]}}