{"id":52112,"date":"2025-10-03T22:11:41","date_gmt":"2025-10-03T22:11:41","guid":{"rendered":"https:\/\/www.europesays.com\/no\/52112\/"},"modified":"2025-10-03T22:11:41","modified_gmt":"2025-10-03T22:11:41","slug":"cecilia-braekhus-boksing-braekhus-fikk-fart-pa-damene-i-bokseklubben","status":"publish","type":"post","link":"https:\/\/www.europesays.com\/no\/52112\/","title":{"rendered":"Cecilia Br\u00e6khus, Boksing | Br\u00e6khus fikk fart p\u00e5 damene i bokseklubben"},"content":{"rendered":"\n<p>Klubben har i mange \u00e5r hatt f\u00e5 jenter, men n\u00e5 ser det annerledes ut.<\/p>\n<p>De nye medlemmene er mellom 14 og 25 \u00e5r. Forel\u00f8pig er de ferske i sporten, men klubbens ildsjel, Espen Johannessen, h\u00e5per noen av dem kan utvikle seg videre.<\/p>\n<p>\u2013 Vi har f\u00e5tt nye medlemmer. Damer. \u00c5tte nye damer p\u00e5 grunn av Cecilia. P\u00e5 grunn av det som skjer n\u00e5 til helgen, sier han.<\/p>\n<p>Boksedronningen har den siste tiden trent hos Romerike bokseklubb i forkant av avskjedskampen i Lillestr\u00f8m 4. oktober.<\/p>\n<p>  <a href=\"https:\/\/www.rb.no\/5-43-2507650\" class=\"related-teaser has-image default-story-teaser article--c-eRUmMG article--c-eRUmMG-jKCPdD-design-default\" rel=\"nofollow noopener\" target=\"_blank\"><\/p>\n<p>    <img decoding=\"async\" loading=\"lazy\"  src=\"https:\/\/www.europesays.com\/no\/wp-content\/uploads\/2025\/10\/DSC_2812_1.jpg\" alt=\"\" class=\"brick-c-cFOWSL\" style=\"\"\/><\/p>\n<p>\n            Les ogs\u00e5<\/p>\n<p>              Verdensstjernen flytter til Lillestr\u00f8m: \u2013 Jeg skal lage et internasjonalt show!\n        <\/p>\n<p>  <\/a><\/p>\n<p>Johannessen mener Br\u00e6khus-effekten g\u00e5r utover Romerike.<\/p>\n<p>\u2013 Det har noe \u00e5 si for klubben, men ogs\u00e5 for hele Bokse-Norge. At vi f\u00e5r flere kvinnelige ut\u00f8vere, er viktig. Vi har nesten ikke hatt jenter i klubben i hele tatt. Det er f\u00f8rst n\u00e5 det har tatt seg opp.<\/p>\n<p>   <img decoding=\"async\" width=\"5235\" height=\"2945\" fetchpriority=\"low\"  loading=\"lazy\"  src=\"https:\/\/www.europesays.com\/no\/wp-content\/uploads\/2025\/10\/DSC_6990-2.jpg\" alt=\"\" class=\"brick-c-cFOWSL\" style=\"--brick-image-ratio: 5235 \/ 2945;\"\/><\/p>\n<p>    BETYR MYE: Styremedlem og ildsjel i Romerike bokseklubb, Espen Johannessen, sier Cecilia Br\u00e6khus har f\u00e5tt klubben til \u00e5 vokse.<br \/>\n    Foto: Fouad Acharki\n  <\/p>\n<p>  R\u00f8rt av oppmerksomheten<\/p>\n<p>Cecilia Br\u00e6khus sier hun setter stor pris p\u00e5 \u00e5 h\u00f8re at hennes trening i Lillestr\u00f8m har f\u00e5tt ringvirkninger.<\/p>\n<p>\u2013 Det er utrolig r\u00f8rende \u00e5 h\u00f8re. Jeg h\u00e5per at n\u00e5r media gir kvinnelige idrettsut\u00f8vere og boksere oppmerksomhet, at det gjenspeiler seg i klubbene, sier hun.<\/p>\n<p>Hun mener media spiller en avgj\u00f8rende rolle.<\/p>\n<p>\u2013 Media har jo en veldig viktig rolle i \u00e5 promotere kvinnelige bokser og kvinnelige ut\u00f8vere. For det har en trickle-down-effect p\u00e5 neste generasjon som kommer.<\/p>\n<p>Og Br\u00e6khus smiler bredt av h\u00f8re at Romerike bokseklubb har vokst p\u00e5 grunn av henne.<\/p>\n<p>\u2013 Det \u00e5 h\u00f8re at det har kommet \u00e5tte jenter til klubben er veldig, veldig g\u00f8y.<\/p>\n<p>   <img decoding=\"async\" width=\"4919\" height=\"2767\" fetchpriority=\"low\"  loading=\"lazy\"  src=\"https:\/\/www.europesays.com\/no\/wp-content\/uploads\/2025\/10\/DSC_7001.jpg\" alt=\"\" class=\"brick-c-cFOWSL\" style=\"--brick-image-ratio: 4919 \/ 2767;\"\/><\/p>\n<p>    SISTE FORBEREDELSER: Cecilia Br\u00e6khus trener foran pressen hos Romerike bokseklubb.<br \/>\n    Foto: Fouad Acharki\n  <\/p>\n<p>  Siste kamp n\u00e6rmer seg<\/p>\n<p>Til helgen g\u00e5r boksedronningen sin siste kamp i Nova Spektrum. Forberedelsene har v\u00e6rt gode, forteller hun.<\/p>\n<p>\u2013 Den siste oppkj\u00f8ringen har v\u00e6rt veldig bra. Jeg har f\u00e5tt gjort det jeg skulle i fred og ro, og jeg har f\u00e5tt forberedt meg godt, sier Br\u00e6khus.<\/p>\n<p>Hun takker ogs\u00e5 for mottakelsen hun har f\u00e5tt i Lillestr\u00f8m.<\/p>\n<p>\u2013 Jeg vet jo at jeg kommer litt utenifra, men til alle de i Lillestr\u00f8m som faktisk har st\u00f8ttet meg: Jeg kommer til \u00e5 huske p\u00e5 dere, det kommer til \u00e5 v\u00e6re en del av denne reisen for evig og alltid, s\u00e5 jeg er veldig takknemlig for de menneskene som har stilt opp og v\u00e6rt der.<\/p>\n<p>  <a href=\"https:\/\/www.rb.no\/5-43-2578532\" class=\"related-teaser has-image default-story-teaser article--c-eRUmMG article--c-eRUmMG-jKCPdD-design-default\" rel=\"nofollow noopener\" target=\"_blank\"><\/p>\n<p>    <img decoding=\"async\" loading=\"lazy\"  src=\"https:\/\/www.europesays.com\/no\/wp-content\/uploads\/2025\/10\/The+Final+Bell+plakat.jpg\" alt=\"\" class=\"brick-c-cFOWSL\" style=\"\"\/><\/p>\n<p>\n            Les ogs\u00e5<\/p>\n<p>              Kjendisene str\u00f8mmer til Br\u00e6khus-kampen i Lillestr\u00f8m\n        <\/p>\n<p>  <\/a><\/p>\n<p>N\u00e5r hun legger opp, vil hun ta en pause fra boksingen, men hun utelukker ikke \u00e5 komme tilbake i en ny rolle.<\/p>\n<p>\u2013 Det blir en prosess \u00e5 finne ut hvem jeg er utenfor ringen. Jeg trenger litt avstand fra boksingen en periode, men jeg finner nok tilbake, sier hun.<\/p>\n<p>   <img decoding=\"async\" width=\"4655\" height=\"2618\" fetchpriority=\"low\"  loading=\"lazy\"  src=\"https:\/\/www.europesays.com\/no\/wp-content\/uploads\/2025\/10\/DSC_6995_1.jpg\" alt=\"\" class=\"brick-c-cFOWSL\" style=\"--brick-image-ratio: 4655 \/ 2618;\"\/><\/p>\n<p>    LANG KARRIERE: Cecilia Br\u00e6khus har bokset 41 kamper siden 2003 og vunnet 38 av de.<br \/>\n    Foto: Fouad Acharki\n  <\/p>\n","protected":false},"excerpt":{"rendered":"Klubben har i mange \u00e5r hatt f\u00e5 jenter, men n\u00e5 ser det annerledes ut. De nye medlemmene er&hellip;\n","protected":false},"author":2,"featured_media":52113,"comment_status":"","ping_status":"","sticky":false,"template":"","format":"standard","meta":{"footnotes":""},"categories":[59],"tags":[36,1563,1610,729,7958,30,28,29,7957,83,82,1510],"class_list":{"0":"post-52112","1":"post","2":"type-post","3":"status-publish","4":"format-standard","5":"has-post-thumbnail","7":"category-sport","8":"tag-art","9":"tag-boksing","10":"tag-cecilia-braekhus","11":"tag-lillestrom","12":"tag-mittlillestrom","13":"tag-no","14":"tag-norge","15":"tag-norway","16":"tag-romerike-bokseklubb","17":"tag-sport","18":"tag-sports","19":"tag-story"},"share_on_mastodon":{"url":"","error":""},"_links":{"self":[{"href":"https:\/\/www.europesays.com\/no\/wp-json\/wp\/v2\/posts\/52112","targetHints":{"allow":["GET"]}}],"collection":[{"href":"https:\/\/www.europesays.com\/no\/wp-json\/wp\/v2\/posts"}],"about":[{"href":"https:\/\/www.europesays.com\/no\/wp-json\/wp\/v2\/types\/post"}],"author":[{"embeddable":true,"href":"https:\/\/www.europesays.com\/no\/wp-json\/wp\/v2\/users\/2"}],"replies":[{"embeddable":true,"href":"https:\/\/www.europesays.com\/no\/wp-json\/wp\/v2\/comments?post=52112"}],"version-history":[{"count":0,"href":"https:\/\/www.europesays.com\/no\/wp-json\/wp\/v2\/posts\/52112\/revisions"}],"wp:featuredmedia":[{"embeddable":true,"href":"https:\/\/www.europesays.com\/no\/wp-json\/wp\/v2\/media\/52113"}],"wp:attachment":[{"href":"https:\/\/www.europesays.com\/no\/wp-json\/wp\/v2\/media?parent=52112"}],"wp:term":[{"taxonomy":"category","embeddable":true,"href":"https:\/\/www.europesays.com\/no\/wp-json\/wp\/v2\/categories?post=52112"},{"taxonomy":"post_tag","embeddable":true,"href":"https:\/\/www.europesays.com\/no\/wp-json\/wp\/v2\/tags?post=52112"}],"curies":[{"name":"wp","href":"https:\/\/api.w.org\/{rel}","templated":true}]}}