{"id":52123,"date":"2025-10-03T22:52:18","date_gmt":"2025-10-03T22:52:18","guid":{"rendered":"https:\/\/www.europesays.com\/no\/52123\/"},"modified":"2025-10-03T22:52:18","modified_gmt":"2025-10-03T22:52:18","slug":"dronekaos-i-norden-norge-er-sarbare","status":"publish","type":"post","link":"https:\/\/www.europesays.com\/no\/52123\/","title":{"rendered":"Dronekaos i Norden: &#8211; Norge er s\u00e5rbare"},"content":{"rendered":"\n<ul class=\"_list_1994c_3 _list_64s2r_85 _unordered_1994c_105 text-sans-m\">\n<li class=\"_item_1994c_30\">Flere droneobservasjoner i Norge og Danmark skaper bekymring. <\/li>\n<li class=\"_item_1994c_30\">Droner kan brukes b\u00e5de som v\u00e5pen og til etterretning. <\/li>\n<li class=\"_item_1994c_30\">Droneforsker mener Norge er s\u00e5rbart overfor droner. <\/li>\n<li class=\"_item_1994c_30\">PST mener det er ingen grunn til bekymring. <\/li>\n<\/ul>\n<p>Vis mer <\/p>\n<p class=\"_paragraph_1994c_4 _paragraph_xtcu6_10 layout-component text-serif-m layout-normal text-serif-m layout-padded\">Den siste tiden har det v\u00e6rt observert droner flere steder i <a href=\"https:\/\/www.vg.no\/tag\/norge?utm_source=vg-article&amp;utm_medium=auto-tagger&amp;utm_campaign=LMJrR9\" class=\"_link_1994c_39\" rel=\"nofollow noopener\" target=\"_blank\">Norge<\/a>, blant annet ved Gardermoen, \u00d8rlandet flystasjon og oljeplattformen Sleipner i Nordsj\u00f8en. Observasjonene har f\u00f8rt til stengte flyplasser, b\u00e5de i Norge og i Danmark. <\/p>\n<p class=\"_paragraph_1994c_4 _paragraph_xtcu6_10 layout-component text-serif-m layout-normal text-serif-m layout-padded\">I Norge har <a href=\"https:\/\/www.vg.no\/nyheter\/i\/Oow7bE\/forsvarsministeren-dronene-over-norge-er-overvaakingsdroner\" data-track-element-type=\"Link\" data-track-id=\"link:Oow7bE\" class=\"_link_1994c_39\" rel=\"nofollow noopener\" target=\"_blank\">flere av observasjonene v\u00e6rt usikre<\/a>, men i Danmark mener myndighetene at en statlig akt\u00f8r st\u00e5r bak. Den danske statsministeren Mette Frederiksen sier p\u00e5 et pressem\u00f8te onsdag at <a href=\"https:\/\/www.vg.no\/nyheter\/i\/0VPRqG\/danmarks-statsminister-den-stoerste-trusselen-siden-andre-verdenskrig\" data-track-element-type=\"Link\" data-track-id=\"link:0VPRqG\" class=\"_link_1994c_39\" rel=\"nofollow noopener\" target=\"_blank\">hybridkrigen har rammet Europa<\/a>. <\/p>\n<p class=\"_paragraph_1994c_4 _paragraph_xtcu6_10 layout-component text-serif-m layout-normal text-serif-m layout-padded\">\u2013 Vi st\u00e5r overfor den st\u00f8rste trusselen siden andre verdenskrig, sier Frederiksen. <\/p>\n<p><img alt=\"Politiet p\u00e5 plass p\u00e5 Kastrup flyplass etter observasjon av tre udentifiserte droner.   Foto: Johan Nilsson \/ TT \/ TT Nyhetsbyr\u00e5n \/ NTB\" class=\"_image_qp4xg_65 layout-component layout-normal\" data-fullscreen- data-track-element-type=\"Article image fullscreen\" data-track-name=\"ImageFullscreen\" decoding=\"async\" loading=\"lazy\" height=\"4155\" itemprop=\"image\"  src=\"https:\/\/www.europesays.com\/no\/wp-content\/uploads\/2025\/10\/075b58cf-cc80-4f4c-8f14-b72faa8d1006\"  style=\"object-position:0% 0%\" width=\"6000\"\/>Politiet p\u00e5 plass p\u00e5 Kastrup flyplass etter observasjon av tre udentifiserte droner.   Foto: Johan Nilsson \/ TT \/ TT Nyhetsbyr\u00e5n \/ NTB<\/p>\n<p class=\"_paragraph_1994c_4 _paragraph_xtcu6_10 layout-component text-serif-m layout-normal text-serif-m layout-padded\"><strong class=\"_strong_1994c_25\">Men utgj\u00f8r droner en stor trussel?<\/strong><\/p>\n<p class=\"_paragraph_1994c_4 _paragraph_xtcu6_10 layout-component text-serif-m layout-normal text-serif-m layout-padded\">Ja, er det korte svaret, if\u00f8lge droneforsker Bruno Oliveira Martins, som blant annet forsker p\u00e5 sikkerhetsteknologi ved Institutt for fredsforskning i Oslo (PRIO).<\/p>\n<p class=\"_paragraph_1994c_4 _paragraph_xtcu6_10 layout-component text-serif-m layout-normal text-serif-m layout-padded\">\u2013 Droner kan brukes til etterretning, overv\u00e5kning og rekognoseringrekognoseringMilit\u00e6r aktivitet for \u00e5 samle informasjon om fiendens posisjoner eller bevegelser. . Droner sendes inn for \u00e5 gi soldater oversikt over hva som skjer meter eller kilometer foran dem. <\/p>\n<p><img decoding=\"async\" alt=\"Bilde av Bruno Oliveira Martins\" class=\"_image_ygndg_42\" height=\"88\" itemprop=\"image\" loading=\"lazy\"  src=\"https:\/\/www.europesays.com\/no\/wp-content\/uploads\/2025\/10\/e125c11f-9d1b-4303-aa18-218c6d793a31\"  width=\"40\"\/><strong class=\"_name_ygndg_51 title-serif-xs\">Bruno Oliveira Martins<\/strong><\/p>\n<p class=\"_paragraph_1994c_4 text-sans-m _description_ygndg_56\">Forsker ved Institutt for fredsforskning <\/p>\n<p class=\"_paragraph_1994c_4 _paragraph_xtcu6_10 layout-component text-serif-m layout-normal text-serif-m layout-padded\">Men de kan ogs\u00e5 brukes som v\u00e5pen, forklarer Martins. <\/p>\n<p class=\"_paragraph_1994c_4 _paragraph_xtcu6_10 layout-component text-serif-m layout-normal text-serif-m layout-padded\">\u2013 Enten ved at dronen selv er v\u00e5penet, som en kamikaze-dronekamikaze-droneEn drone som krasjer inn i et m\u00e5l og \u00f8delegger det ved selv \u00e5 eksplodere.  som styrter seg selv mot et m\u00e5l, eller ved at den b\u00e6rer med seg sprengstoff eller missiler som slippes mot et m\u00e5l. <\/p>\n<p><img alt=\"En israelsk drone som b\u00e6rer en r\u00f8ykbombe under en israelsk milit\u00e6roperasjon i Gaza.   Foto: MOHAMMED SABER \/ EPA \/ NTB\" class=\"_image_qp4xg_65 layout-component layout-normal\" data-fullscreen- data-track-element-type=\"Article image fullscreen\" data-track-name=\"ImageFullscreen\" decoding=\"async\" loading=\"lazy\" height=\"3883\" itemprop=\"image\"  src=\"https:\/\/www.europesays.com\/no\/wp-content\/uploads\/2025\/10\/434009e2-5b46-41e0-8a92-54dad1a9a1c1\"  style=\"object-position:0% 0%\" width=\"5633\"\/>En israelsk drone som b\u00e6rer en r\u00f8ykbombe under en israelsk milit\u00e6roperasjon i Gaza.   Foto: MOHAMMED SABER \/ EPA \/ NTB<\/p>\n<p class=\"_paragraph_1994c_4 _paragraph_xtcu6_10 layout-component text-serif-m layout-normal text-serif-m layout-padded\"><strong class=\"_strong_1994c_25\">Norge er s\u00e5rbart overfor droner<\/strong>, mener Martins. <\/p>\n<p class=\"_paragraph_1994c_4 _paragraph_xtcu6_10 layout-component text-serif-m layout-normal text-serif-m layout-padded\">\u2013 Alle land er s\u00e5rbare, det er viktig \u00e5 understreke. Men Norge er medlem av NATO, har en veldig lang kystlinje og har grense til Russland \u2013 noe som gj\u00f8r landet strategisk viktig. <\/p>\n<p class=\"_paragraph_1994c_4 _paragraph_xtcu6_10 layout-component text-serif-m layout-normal text-serif-m layout-padded\">Det betyr at Norge m\u00e5 ta disse s\u00e5rbarhetene p\u00e5 alvor, utdyper han. <\/p>\n<p class=\"_paragraph_1994c_4 _paragraph_xtcu6_10 layout-component text-serif-m layout-normal text-serif-m layout-padded\">\u2013 Noen deler av infrastrukturen, som flyplasser, oljeplattformer og kraftverk, b\u00f8r f\u00e5 mer oppmerksomhet og investering i teknologi for beskyttelse. <\/p>\n<p class=\"_paragraph_1994c_4 _paragraph_xtcu6_10 layout-component text-serif-m layout-normal text-serif-m layout-padded\"><strong class=\"_strong_1994c_25\">Men man kan aldri fjerne trusselen helt,<\/strong> forklarer droneforskeren: <\/p>\n<ul class=\"_list_1994c_3 _list_xtcu6_9 _unordered_1994c_105 layout-component text-serif-m layout-normal text-serif-m layout-padded\">\n<li class=\"_item_1994c_30\">Droner er vanskelige \u00e5 identifisere, og utfordrende \u00e5 knytte til avsender. <\/li>\n<li class=\"_item_1994c_30\">De er vanskelige \u00e5 oppdage.<\/li>\n<li class=\"_item_1994c_30\">De etterlater seg f\u00e5 digitale spor. <\/li>\n<li class=\"_item_1994c_30\">De kan b\u00e6re med seg kjemiske midler eller eksplosiver. <\/li>\n<li class=\"_item_1994c_30\">Det er vanskelig \u00e5 gj\u00f8re noe med dem uten risiko. <\/li>\n<\/ul>\n<p class=\"_paragraph_1994c_4 _paragraph_xtcu6_10 layout-component text-serif-m layout-normal text-serif-m layout-padded\">\u2013 Det kan v\u00e6re farlig \u00e5 skyte dem ned. Hvis dronene svever over en flyplass med tusenvis av mennesker, kan det \u00e5 skyte i v\u00e6ret skape en langt farligere situasjon enn dronen selv. <\/p>\n<p>\u2013 Ingen grunn til bekymring<\/p>\n<p class=\"_paragraph_1994c_4 _paragraph_xtcu6_10 layout-component text-serif-m layout-normal text-serif-m layout-padded\">Flere blir bekymret n\u00e5r man fra Danmark merker noe som kan ligne hybrid krigf\u00f8ringhybrid krigf\u00f8ringKrigf\u00f8ring med ikke-milit\u00e6re midler. Midlene kan v\u00e6re propaganda, \u00f8konomisk press og cyberangrep. . Det er ikke n\u00f8dvendig, mener Eirik Veum, Seniorr\u00e5dgiver i Politiets sikkerhetstjeneste (PST).<\/p>\n<p class=\"_paragraph_1994c_4 _paragraph_xtcu6_10 layout-component text-serif-m layout-normal text-serif-m layout-padded\">\u2013 Vi mener at folk har ikke grunn til \u00e5 v\u00e6re bekymret, sier Veum.<\/p>\n<p class=\"_paragraph_1994c_4 _paragraph_xtcu6_10 layout-component text-serif-m layout-normal text-serif-m layout-padded\">Dronene som er blitt observert i Norge har, per n\u00e5, ingen tilknytning til statlige akt\u00f8rer, forteller han. <\/p>\n<p class=\"_paragraph_1994c_4 _paragraph_xtcu6_10 layout-component text-serif-m layout-normal text-serif-m layout-padded\">\u2013 Det kan godt v\u00e6re ulovlig, men det betyr ikke at det er noe som ber\u00f8rer PSTs mandat, sier seniorr\u00e5dgiveren.<\/p>\n<p class=\"_paragraph_1994c_4 _paragraph_xtcu6_10 layout-component text-serif-m layout-normal text-serif-m layout-padded\"><strong class=\"_strong_1994c_25\">I Nordland er det gjort flere observasjoner av droner: <\/strong><\/p>\n<p>Observasjoner av droner i Nordland:<\/p>\n<ul class=\"_list_1994c_3 _list_xtcu6_9 _list_16v91_9 _unordered_1994c_105 layout-component text-serif-m layout-normal text-sans-m layout-padded\">\n<li class=\"_item_1994c_30\">Politiet har opprettet flere saker som gjelder mulige droneobservasjoner. <\/li>\n<li class=\"_item_1994c_30\">Politiet jobber med \u00e5 identifisere om observasjonene var droner, eventuelt hvilken type, retning og plassering. <\/li>\n<li class=\"_item_1994c_30\">En kinesisk statsborger fikk et forelegg p\u00e5 12000 kroner, beslaglagt dronen og gitt et forh\u00e5ndsvarsel om utvisning fra Norge i Svolv\u00e6r. Personen fl\u00f8y en drone i n\u00e6rheten av Svolv\u00e6r lufthavn. <\/li>\n<li class=\"_item_1994c_30\">Tre tyske statsborgere er siktet for flyvning innenfor 5 km-sonnen fra flyplassen i Mo i Rana. <\/li>\n<\/ul>\n<p class=\"_paragraph_1994c_4 _paragraph_xtcu6_10 _paragraph_16v91_10 layout-component text-serif-m layout-normal text-sans-m layout-padded\">Kilde: Pressemelding fra politiet i Nordland om observasjon av droner. <\/p>\n<p>Vis mer<\/p>\n<p class=\"_paragraph_1994c_4 _paragraph_xtcu6_10 layout-component text-serif-m layout-normal text-serif-m layout-padded\">En drone er enkelt sagt et kj\u00f8ret\u00f8y som beveger seg uten at noen sitter i det. Vanligvis snakker man om luftdroner, men det finnes ogs\u00e5 bakkedroner og undervannsdroner. <\/p>\n<p class=\"_paragraph_1994c_4 _paragraph_xtcu6_10 layout-component text-serif-m layout-normal text-serif-m layout-padded\">De fleste droner styres av en pilot p\u00e5 avstand, men etter hvert som teknologien utvikler seg, ser man ogs\u00e5 flere og flere droner som flyr autonomt ved hjelp av kunstig intelligens. <\/p>\n<p><img alt=\"Australske livreddere bruker droner for \u00e5 oppdage haier.   Foto: DAVID GRAY \/ AFP \/ NTB\" class=\"_image_qp4xg_65 layout-component layout-normal\" data-fullscreen- data-track-element-type=\"Article image fullscreen\" data-track-name=\"ImageFullscreen\" decoding=\"async\" loading=\"lazy\" height=\"3304\" itemprop=\"image\"  src=\"https:\/\/www.europesays.com\/no\/wp-content\/uploads\/2025\/10\/d5e4f5e8-8eef-4a47-b391-1cfbbc972ae5\"  style=\"object-position:0% 0%\" width=\"4956\"\/>Australske livreddere bruker droner for \u00e5 oppdage haier.   Foto: DAVID GRAY \/ AFP \/ NTB<\/p>\n<p class=\"_paragraph_1994c_4 _paragraph_xtcu6_10 layout-component text-serif-m layout-normal text-serif-m layout-padded\">Droner finnes i alle mulige former og st\u00f8rrelser: <\/p>\n<p class=\"_paragraph_1994c_4 _paragraph_xtcu6_10 layout-component text-serif-m layout-normal text-serif-m layout-padded\">\u2013 Fra sm\u00e5 flygende enheter som f\u00e5r plass i h\u00e5nden, til store droner p\u00e5 st\u00f8rrelse med et vanlig fly. <\/p>\n<p class=\"_paragraph_1994c_4 _paragraph_xtcu6_10 layout-component text-serif-m layout-normal text-serif-m layout-padded\">Noen har vinger og ser ut som sm\u00e5 fly, mens andre har flere rotorer og ligner litt p\u00e5 helikoptre, men med fire propeller. <\/p>\n<p> Slik vet du at det er en drone<\/p>\n<p class=\"_paragraph_1994c_4 _paragraph_xtcu6_10 layout-component text-serif-m layout-normal text-serif-m layout-padded\">Politiet unders\u00f8ker og etterforsker veldig mange droneobservasjoner i l\u00f8pet av et \u00e5r. Stabssjef i politidirektoratet, Lars Lyckander Aune, sier at de aller fleste av disse observasjonene viser seg \u00e5 ikke v\u00e6re droner. Det kan v\u00e6re stjerner, sm\u00e5fly eller andre lysfenomener. <\/p>\n<p class=\"_paragraph_1994c_4 _paragraph_xtcu6_10 layout-component text-serif-m layout-normal text-serif-m layout-padded\">Men det er \u00e9n ting som skiller droner fra andre ting \u2013 lyden. <\/p>\n<p class=\"_paragraph_1994c_4 _paragraph_xtcu6_10 layout-component text-serif-m layout-normal text-serif-m layout-padded\">\u2013 Mer enn utseende, faktisk. Noen droner er s\u00e5 sm\u00e5 at du ikke ser dem i himmelen, men du h\u00f8rer dem. Den summende lyden er veldig typisk, litt som en h\u00f8y insektslyd, sier Bruno Oliveira Martins. <\/p>\n<p>   Ukraina som laboratorium <\/p>\n<p class=\"_paragraph_1994c_4 _paragraph_xtcu6_10 layout-component text-serif-m layout-normal text-serif-m layout-padded\">Krigen i Ukraina har v\u00e6rt et laboratorium for drone-teknologi, sier droneforskeren. Han forteller at utviklingen har akselerert massivt de siste tre og et halvt \u00e5rene. <\/p>\n<p class=\"_paragraph_1994c_4 _paragraph_xtcu6_10 layout-component text-serif-m layout-normal text-serif-m layout-padded\">\u2013 Droner blir mindre, raskere og mer kapable. De blir ogs\u00e5 bedre til \u00e5 operere i svermer, alts\u00e5 store grupper som kan koordinere angrep. <\/p>\n<p class=\"_paragraph_1994c_4 _paragraph_xtcu6_10 layout-component text-serif-m layout-normal text-serif-m layout-padded\"><strong class=\"_strong_1994c_25\">Se: 19 russiske droner krenket polsk luftrom 10. september: <\/strong><\/p>\n<p class=\"_paragraph_1994c_4 _paragraph_xtcu6_10 layout-component text-serif-m layout-normal text-serif-m layout-padded\">Martins mener kapasiteten gj\u00f8r trusselen mer alvorlig. <\/p>\n<p class=\"_paragraph_1994c_4 _paragraph_xtcu6_10 layout-component text-serif-m layout-normal text-serif-m layout-padded\">\u2013 Vi har sett flere eksempler p\u00e5 dette, som i Polen nylig hvor man identifiserte 19 droner. Det er noe vi trolig vil se mer av fremover. <\/p>\n","protected":false},"excerpt":{"rendered":"Flere droneobservasjoner i Norge og Danmark skaper bekymring. Droner kan brukes b\u00e5de som v\u00e5pen og til etterretning. Droneforsker&hellip;\n","protected":false},"author":2,"featured_media":52124,"comment_status":"","ping_status":"","sticky":false,"template":"","format":"standard","meta":{"footnotes":""},"categories":[5],"tags":[20,21,1014,24,25,15,19,22,23,17,18,13,30,28,29,14,16,26,27],"class_list":{"0":"post-52123","1":"post","2":"type-post","3":"status-publish","4":"format-standard","5":"has-post-thumbnail","7":"category-overskrifter","8":"tag-breaking-news","9":"tag-breakingnews","10":"tag-droner","11":"tag-featured-news","12":"tag-featurednews","13":"tag-headlines","14":"tag-hovedoppslag","15":"tag-latest-news","16":"tag-latestnews","17":"tag-main-news","18":"tag-mainnews","19":"tag-news","20":"tag-no","21":"tag-norge","22":"tag-norway","23":"tag-nyheter","24":"tag-overskrifter","25":"tag-top-stories","26":"tag-topstories"},"share_on_mastodon":{"url":"","error":""},"_links":{"self":[{"href":"https:\/\/www.europesays.com\/no\/wp-json\/wp\/v2\/posts\/52123","targetHints":{"allow":["GET"]}}],"collection":[{"href":"https:\/\/www.europesays.com\/no\/wp-json\/wp\/v2\/posts"}],"about":[{"href":"https:\/\/www.europesays.com\/no\/wp-json\/wp\/v2\/types\/post"}],"author":[{"embeddable":true,"href":"https:\/\/www.europesays.com\/no\/wp-json\/wp\/v2\/users\/2"}],"replies":[{"embeddable":true,"href":"https:\/\/www.europesays.com\/no\/wp-json\/wp\/v2\/comments?post=52123"}],"version-history":[{"count":0,"href":"https:\/\/www.europesays.com\/no\/wp-json\/wp\/v2\/posts\/52123\/revisions"}],"wp:featuredmedia":[{"embeddable":true,"href":"https:\/\/www.europesays.com\/no\/wp-json\/wp\/v2\/media\/52124"}],"wp:attachment":[{"href":"https:\/\/www.europesays.com\/no\/wp-json\/wp\/v2\/media?parent=52123"}],"wp:term":[{"taxonomy":"category","embeddable":true,"href":"https:\/\/www.europesays.com\/no\/wp-json\/wp\/v2\/categories?post=52123"},{"taxonomy":"post_tag","embeddable":true,"href":"https:\/\/www.europesays.com\/no\/wp-json\/wp\/v2\/tags?post=52123"}],"curies":[{"name":"wp","href":"https:\/\/api.w.org\/{rel}","templated":true}]}}