{"id":52127,"date":"2025-10-03T23:06:10","date_gmt":"2025-10-03T23:06:10","guid":{"rendered":"https:\/\/www.europesays.com\/no\/52127\/"},"modified":"2025-10-03T23:06:10","modified_gmt":"2025-10-03T23:06:10","slug":"storm-uvaer-vinduer-var-i-ferd-med-a-falle-ut-fra-scandic-hotell","status":"publish","type":"post","link":"https:\/\/www.europesays.com\/no\/52127\/","title":{"rendered":"Storm, Uv\u00e6r | Vinduer var i ferd med \u00e5 falle ut fra Scandic-hotell"},"content":{"rendered":"\n<p>Klokken 2253 fredag fikk n\u00f8detatene melding <a href=\"https:\/\/www.ba.no\/uvaret-amy-direkte\/s\/5-8-3176265?p=lc-10291572-72053-bergensavisen\" rel=\"Follow nofollow noopener\" target=\"_blank\">om at vinduer holdt p\u00e5 \u00e5 falle ut fra Scandic Byparken.<\/a> Vinduene var i femte og sjette etasje.<\/p>\n<p><b>\u2013 Noen p\u00e5 stedet holder i vinduene n\u00e5, meldte operasjonsleder ved Vest politidistrikt, Steinar Hausvik, innledningsvis.<\/b><\/p>\n<p>Verken personer eller kj\u00f8ret\u00f8y fikk passere ved hotellet, og like f\u00f8r klokken 23 var n\u00f8detatene plass.<\/p>\n<p>BAs reporter var p\u00e5 stedet kort tid senere. Da var brannvesenet og politiet i full sving.<\/p>\n<p>\n          Stopp video<br \/>\n          Sl\u00e5 p\u00e5 lyd<br \/>\n          <video data-standalone=\"false\" preload=\"none\" muted=\"\" loop=\"\" playsinline=\"\" autoplay=\"\"><\/p>\n<p>          <\/video>\n        <\/p>\n<p>    \u2013 Hva er det som skjer?<\/p>\n<p>Mens aksjonen p\u00e5gikk, m\u00f8tte BA det svenske paret Martin og Irmeli Andersson p\u00e5 andre siden av gaten.<\/p>\n<p>De er i Bergen denne helgen for \u00e5 bes\u00f8ke venner, og skulle g\u00e5 inn p\u00e5 Scandic Byparken etter \u00e5 ha spist middag ute da de ble m\u00f8tt av en politimann.<\/p>\n<p><b>\u2013 Han sa bare \u00abg\u00e5 p\u00e5 andre siden, g\u00e5 p\u00e5 andre siden\u00bb. Vi tenkte, hva er det som skjer? Vi spurte om vi fikk komme inn p\u00e5 hotellet, og de sa nei, forteller Irmeli.<\/b><\/p>\n<p>   <img decoding=\"async\" width=\"4032\" height=\"3024\" fetchpriority=\"low\"  loading=\"lazy\"  src=\"https:\/\/www.europesays.com\/no\/wp-content\/uploads\/2025\/10\/IMG_5837+%281%29.jpg\" alt=\"\" class=\"brick-c-cFOWSL\" style=\"--brick-image-ratio: 4032 \/ 3024;\"\/><\/p>\n<p>    Martin og Irmeli Andersson forteller at de er vant til storm &#8211; de bor p\u00e5 vestkysten i Sverige.<br \/>\n    Foto: Magnhild Mostad\n  <\/p>\n<p>Kort tid etter fikk de imidlertid komme inn p\u00e5 hotellet igjen. Da hadde brannvesenet flyttet seg for \u00e5 jobbe et annet sted p\u00e5 bygget.<\/p>\n<p><b>Her var det nemlig ogs\u00e5 tr\u00f8bbel.<\/b><\/p>\n<p>\n          Stopp video<br \/>\n          Sl\u00e5 p\u00e5 lyd<br \/>\n          <video data-standalone=\"false\" preload=\"none\" muted=\"\" loop=\"\" playsinline=\"\" autoplay=\"\"><\/p>\n<p>          <\/video>\n        <\/p>\n<p>    Lot seg ikke lukke<\/p>\n<p>Innsatsleder i politiet, Rune Vedeler, forteller til BA at den kraftige vinden tok tak i noen vinduer som har g\u00e5tt av hengslene.<\/p>\n<p><b>\u2013 De lot seg ikke lukke, opplyser Vedeler. <\/b><\/p>\n<p>   <img decoding=\"async\" width=\"4032\" height=\"3024\" fetchpriority=\"low\"  loading=\"lazy\"  src=\"https:\/\/www.europesays.com\/no\/wp-content\/uploads\/2025\/10\/IMG_5838+%281%29.jpg\" alt=\"\" class=\"brick-c-cFOWSL\" style=\"--brick-image-ratio: 4032 \/ 3024;\"\/><\/p>\n<p>    Innsatsleder Rune Vedeler i politiet.<br \/>\n    Foto: Magnhild Mostad\n  <\/p>\n<p>F\u00f8rst var det problemer p\u00e5 et rom p\u00e5 hotellet, og n\u00f8detatene gikk inn og fikk ordnet det fra innsiden.<\/p>\n<p>Deretter kj\u00f8rte brannvesenets lift seg til langsiden av bygget i Christies gate. Ogs\u00e5 her hadde et vindu, i \u00f8verste etasje, blitt \u00f8delagt i stormen.<\/p>\n<p>Per klokken 2320 holdt brannvesenet p\u00e5 med sikringsarbeid p\u00e5 ruten fra toppen av liften. Ikke lange tiden etter var de ferdige, og pakket sammen sakene.<\/p>\n<p>   <img decoding=\"async\" width=\"4032\" height=\"3024\" fetchpriority=\"low\"  loading=\"lazy\"  src=\"https:\/\/www.europesays.com\/no\/wp-content\/uploads\/2025\/10\/IMG_5852_1.jpg\" alt=\"\" class=\"brick-c-cFOWSL\" style=\"--brick-image-ratio: 4032 \/ 3024;\"\/><\/p>\n<p>    Her ser man at den ene ruten er tatt vekk av brannvesenet.<br \/>\n    Foto: Magnhild Mostad\n  <\/p>\n<p><b>\u2013 Vinduene er fjernet, melder politiet i en avsluttende melding klokken 2334.<\/b><\/p>\n<p>Ansatte p\u00e5 hotellet opplyser til BA p\u00e5 stedet at alt er i orden og trygt, og henviser til ledelsen for ytterligere kommentarer.<\/p>\n","protected":false},"excerpt":{"rendered":"Klokken 2253 fredag fikk n\u00f8detatene melding om at vinduer holdt p\u00e5 \u00e5 falle ut fra Scandic Byparken. Vinduene&hellip;\n","protected":false},"author":2,"featured_media":52128,"comment_status":"","ping_status":"","sticky":false,"template":"","format":"standard","meta":{"footnotes":""},"categories":[5],"tags":[36,20,21,24,25,15,19,22,23,17,18,13,30,28,29,14,16,2761,6631,1510,26,27,3230,553],"class_list":{"0":"post-52127","1":"post","2":"type-post","3":"status-publish","4":"format-standard","5":"has-post-thumbnail","7":"category-overskrifter","8":"tag-art","9":"tag-breaking-news","10":"tag-breakingnews","11":"tag-featured-news","12":"tag-featurednews","13":"tag-headlines","14":"tag-hovedoppslag","15":"tag-latest-news","16":"tag-latestnews","17":"tag-main-news","18":"tag-mainnews","19":"tag-news","20":"tag-no","21":"tag-norge","22":"tag-norway","23":"tag-nyheter","24":"tag-overskrifter","25":"tag-scandic","26":"tag-storm","27":"tag-story","28":"tag-top-stories","29":"tag-topstories","30":"tag-uvaer","31":"tag-vaer"},"share_on_mastodon":{"url":"","error":""},"_links":{"self":[{"href":"https:\/\/www.europesays.com\/no\/wp-json\/wp\/v2\/posts\/52127","targetHints":{"allow":["GET"]}}],"collection":[{"href":"https:\/\/www.europesays.com\/no\/wp-json\/wp\/v2\/posts"}],"about":[{"href":"https:\/\/www.europesays.com\/no\/wp-json\/wp\/v2\/types\/post"}],"author":[{"embeddable":true,"href":"https:\/\/www.europesays.com\/no\/wp-json\/wp\/v2\/users\/2"}],"replies":[{"embeddable":true,"href":"https:\/\/www.europesays.com\/no\/wp-json\/wp\/v2\/comments?post=52127"}],"version-history":[{"count":0,"href":"https:\/\/www.europesays.com\/no\/wp-json\/wp\/v2\/posts\/52127\/revisions"}],"wp:featuredmedia":[{"embeddable":true,"href":"https:\/\/www.europesays.com\/no\/wp-json\/wp\/v2\/media\/52128"}],"wp:attachment":[{"href":"https:\/\/www.europesays.com\/no\/wp-json\/wp\/v2\/media?parent=52127"}],"wp:term":[{"taxonomy":"category","embeddable":true,"href":"https:\/\/www.europesays.com\/no\/wp-json\/wp\/v2\/categories?post=52127"},{"taxonomy":"post_tag","embeddable":true,"href":"https:\/\/www.europesays.com\/no\/wp-json\/wp\/v2\/tags?post=52127"}],"curies":[{"name":"wp","href":"https:\/\/api.w.org\/{rel}","templated":true}]}}