{"id":52139,"date":"2025-10-03T23:53:08","date_gmt":"2025-10-03T23:53:08","guid":{"rendered":"https:\/\/www.europesays.com\/no\/52139\/"},"modified":"2025-10-03T23:53:08","modified_gmt":"2025-10-03T23:53:08","slug":"svenske-drept-i-spania-skal-ha-gjengtilknytning","status":"publish","type":"post","link":"https:\/\/www.europesays.com\/no\/52139\/","title":{"rendered":"Svenske drept i Spania \u2013 skal ha gjengtilknytning"},"content":{"rendered":"\n<p class=\"_lead_1994c_2 _lead_xtcu6_50 layout-component text-serif-m layout-normal text-serif-l layout-component layout-wide layout-padded _wide_17hqh_1 layout-padded\">En svensk mann i 25-\u00e5rsalderen er skutt og drept i spanske Marbella. If\u00f8lge opplysninger SVT har f\u00e5tt, har mannen koblinger til gjengmilj\u00f8et i Stockholm.<\/p>\n<ul aria-hidden=\"true\" class=\"_images_1y6fe_106\">\n<li><a class=\"_link_1y6fe_111\" href=\"https:\/\/www.vg.no\/forfatter\/ntb\" style=\"z-index:1\" title=\"NTB\" rel=\"nofollow noopener\" target=\"_blank\"><img alt=\"Bilde av NTB\" class=\"_image_1y6fe_88\" fetchpriority=\"low\" loading=\"lazy\" decoding=\"async\" itemprop=\"image\"  src=\"https:\/\/www.europesays.com\/no\/wp-content\/uploads\/2025\/10\/1759535587_813_c33980b0-5d07-4027-84a1-813f90a7c8d6\"  width=\"480\"\/><\/a><\/li>\n<\/ul>\n<p> Oppdatert l\u00f8rdag 4. oktober kl. 00:26     <\/p>\n<p class=\"_paragraph_1994c_4 _paragraph_xtcu6_10 layout-component text-serif-m layout-normal text-serif-m layout-padded\">Den mistenkte gjerningsmannen er ogs\u00e5 svensk. Han er p\u00e5grepet av politiet, skriver Malaga Hoy.<\/p>\n<p class=\"_paragraph_1994c_4 _paragraph_xtcu6_10 layout-component text-serif-m layout-normal text-serif-m layout-padded\">Skytingen skjedde p\u00e5 uteserveringen til en bar tidlig fredag ettermiddag. Vitner har fortalt at skytteren kom i bil, gikk ut av bilen og avfyrte flere skudd. Han ble p\u00e5grepet p\u00e5 stedet.<\/p>\n<p class=\"_paragraph_1994c_4 _paragraph_xtcu6_10 layout-component text-serif-m layout-normal text-serif-m layout-padded\"> Offeret ble kj\u00f8rt til sykehus, men livet sto ikke til \u00e5 redde. <a href=\"https:\/\/www.svt.se\/nyheter\/inrikes\/uppgifter-svensk-man-med-gangkoppling-skjuten-till-dods-i-marbella\" class=\"_link_1994c_39\" rel=\"nofollow noopener\" target=\"_blank\">If\u00f8lge opplysninger SVT<\/a> sitter p\u00e5, hadde mannen en kobling til milj\u00f8et med kriminelle nettverk i Stockholm, og det forel\u00e5 et trusselbilde mot ham.<\/p>\n<p class=\"_paragraph_1994c_4 _paragraph_xtcu6_10 layout-component text-serif-m layout-normal text-serif-m layout-padded\">Den mistenkte gjerningsmannen skal ikke ha noen kjent gjengtilknytning.<\/p>\n","protected":false},"excerpt":{"rendered":"En svensk mann i 25-\u00e5rsalderen er skutt og drept i spanske Marbella. If\u00f8lge opplysninger SVT har f\u00e5tt, har&hellip;\n","protected":false},"author":2,"featured_media":52140,"comment_status":"","ping_status":"","sticky":false,"template":"","format":"standard","meta":{"footnotes":""},"categories":[12],"tags":[20,21,24,25,15,3881,22,23,13,30,28,29,14,16,1515,3148,26,27,42,43,44,45],"class_list":{"0":"post-52139","1":"post","2":"type-post","3":"status-publish","4":"format-standard","5":"has-post-thumbnail","7":"category-verden","8":"tag-breaking-news","9":"tag-breakingnews","10":"tag-featured-news","11":"tag-featurednews","12":"tag-headlines","13":"tag-kriminelle-nettverk","14":"tag-latest-news","15":"tag-latestnews","16":"tag-news","17":"tag-no","18":"tag-norge","19":"tag-norway","20":"tag-nyheter","21":"tag-overskrifter","22":"tag-spania","23":"tag-stockholm","24":"tag-top-stories","25":"tag-topstories","26":"tag-verden","27":"tag-world","28":"tag-world-news","29":"tag-worldnews"},"share_on_mastodon":{"url":"","error":""},"_links":{"self":[{"href":"https:\/\/www.europesays.com\/no\/wp-json\/wp\/v2\/posts\/52139","targetHints":{"allow":["GET"]}}],"collection":[{"href":"https:\/\/www.europesays.com\/no\/wp-json\/wp\/v2\/posts"}],"about":[{"href":"https:\/\/www.europesays.com\/no\/wp-json\/wp\/v2\/types\/post"}],"author":[{"embeddable":true,"href":"https:\/\/www.europesays.com\/no\/wp-json\/wp\/v2\/users\/2"}],"replies":[{"embeddable":true,"href":"https:\/\/www.europesays.com\/no\/wp-json\/wp\/v2\/comments?post=52139"}],"version-history":[{"count":0,"href":"https:\/\/www.europesays.com\/no\/wp-json\/wp\/v2\/posts\/52139\/revisions"}],"wp:featuredmedia":[{"embeddable":true,"href":"https:\/\/www.europesays.com\/no\/wp-json\/wp\/v2\/media\/52140"}],"wp:attachment":[{"href":"https:\/\/www.europesays.com\/no\/wp-json\/wp\/v2\/media?parent=52139"}],"wp:term":[{"taxonomy":"category","embeddable":true,"href":"https:\/\/www.europesays.com\/no\/wp-json\/wp\/v2\/categories?post=52139"},{"taxonomy":"post_tag","embeddable":true,"href":"https:\/\/www.europesays.com\/no\/wp-json\/wp\/v2\/tags?post=52139"}],"curies":[{"name":"wp","href":"https:\/\/api.w.org\/{rel}","templated":true}]}}