{"id":52150,"date":"2025-10-04T01:33:09","date_gmt":"2025-10-04T01:33:09","guid":{"rendered":"https:\/\/www.europesays.com\/no\/52150\/"},"modified":"2025-10-04T01:33:09","modified_gmt":"2025-10-04T01:33:09","slug":"14-mistet-forerkort-pa-vei-til-biltreff","status":"publish","type":"post","link":"https:\/\/www.europesays.com\/no\/52150\/","title":{"rendered":"14 mistet f\u00f8rerkort p\u00e5 vei til biltreff"},"content":{"rendered":"\n<p class=\"_lead_1994c_2 _lead_xtcu6_50 layout-component text-serif-m layout-normal text-serif-l layout-component layout-wide layout-padded _wide_17hqh_1 layout-padded\">13 unge menn og en kvinne mistet f\u00f8rerkortet i forbindelse med et street-meet i Lillestr\u00f8m fredag kveld og natt.<\/p>\n<ul aria-hidden=\"true\" class=\"_images_1y6fe_106\">\n<li><a class=\"_link_1y6fe_111\" href=\"https:\/\/www.vg.no\/forfatter\/kari-aarstad-aase\" style=\"z-index:1\" title=\"Kari Aarstad Aase\" rel=\"nofollow noopener\" target=\"_blank\"><img alt=\"Bilde av Kari Aarstad Aase\" class=\"_image_1y6fe_88\" fetchpriority=\"low\" loading=\"lazy\" decoding=\"async\" itemprop=\"image\"  src=\"https:\/\/www.europesays.com\/no\/wp-content\/uploads\/2025\/10\/1759541587_915_0dbde33e-6d8e-4680-8e4f-e2a64281e2b8\"  width=\"480\"\/><\/a><\/li>\n<\/ul>\n<p> Oppdatert l\u00f8rdag 4. oktober kl. 02:56     <\/p>\n<p class=\"_paragraph_1994c_4 _paragraph_xtcu6_10 layout-component text-serif-m layout-normal text-serif-m layout-padded\">Den h\u00f8yeste m\u00e5lingen var 190 km\/t i 90-sone, forteller operasjonsleder Atle Vesttorp i <a href=\"https:\/\/www.vg.no\/tag\/oest-politidistrikt?utm_source=vg-article&amp;utm_medium=auto-tagger&amp;utm_campaign=eMbWxQ\" class=\"_link_1994c_39\" rel=\"nofollow noopener\" target=\"_blank\">\u00d8st politidistrikt<\/a>.<\/p>\n<p class=\"_paragraph_1994c_4 _paragraph_xtcu6_10 layout-component text-serif-m layout-normal text-serif-m layout-padded\">Han sier det erfaringsmessig er en del h\u00f8y fart p\u00e5 vei til \u00e5 fra biltreffene. <\/p>\n<p class=\"_paragraph_1994c_4 _paragraph_xtcu6_10 layout-component text-serif-m layout-normal text-serif-m layout-padded\">Det var UP som stilte seg opp p\u00e5 forskjellige steder langs E6 og tok r\u00e5kj\u00f8rerne. <\/p>\n<p class=\"_paragraph_1994c_4 _paragraph_xtcu6_10 layout-component text-serif-m layout-normal text-serif-m layout-padded\">N\u00e6r 500 biler deltok i biltreffet, og disse flyttet seg mellom ulike steder p\u00e5 Romerike.<\/p>\n<p class=\"_paragraph_1994c_4 _paragraph_xtcu6_10 layout-component text-serif-m layout-normal text-serif-m layout-padded\">I tillegg til fartsovertredelsene var det noen av deltagerne som hindret politiet arbeid. <\/p>\n<p class=\"_paragraph_1994c_4 _paragraph_xtcu6_10 layout-component text-serif-m layout-normal text-serif-m layout-padded\">\u2013 Da politiet kom til de ulike stedene observerte de biler som bl.a. drev med drifting. Patruljene opplevde \u00e5 bli hindret ved at folk stilte seg i veien for patruljebilen, sier Vesttorp. <\/p>\n<p class=\"_paragraph_1994c_4 _paragraph_xtcu6_10 layout-component text-serif-m layout-normal text-serif-m layout-padded\">Han understreker at de aller fleste oppf\u00f8rte seg fint.<\/p>\n<p class=\"_paragraph_1994c_4 _paragraph_xtcu6_10 layout-component text-serif-m layout-normal text-serif-m layout-padded\">-Det er et f\u00e5tall som \u00f8delegger for mange.<\/p>\n<p>Fartsovertredelsene som endte med f\u00f8rerkortbeslag:<\/p>\n<ul class=\"_list_1994c_3 _list_xtcu6_9 _unordered_1994c_105 layout-component text-serif-m layout-normal text-serif-m layout-padded\">\n<li class=\"_item_1994c_30\">Mann i slutten av ten\u00e5rene fra Follo m\u00e5lt til 190 km\/t i 90-sone p\u00e5 E6 nordg\u00e5ende ved Hvam<\/li>\n<li class=\"_item_1994c_30\">Mann i begynnelsen av 20-\u00e5rene m\u00e5lt til 154 km\/t i 90-sone p\u00e5 E6 nordg\u00e5ende ved Hvam<\/li>\n<li class=\"_item_1994c_30\">Mann i slutten av ten\u00e5rene fra Oslo m\u00e5lt til 135 km\/t i 90-sone p\u00e5 E6 nordg\u00e5ende ved Hvam<\/li>\n<li class=\"_item_1994c_30\">Mann i midten 20-\u00e5rene fra Laksev\u00e5g m\u00e5lt til 140 km\/t i 90-sone p\u00e5 E6 nordg\u00e5ende ved Hvam<\/li>\n<li class=\"_item_1994c_30\">Kvinne i midten 20-\u00e5rene fra Arendal m\u00e5lt til 132 km\/t i 90-sone p\u00e5 E6 nordg\u00e5ende ved Hvam<\/li>\n<li class=\"_item_1994c_30\">Mann i begynnelsen 20-\u00e5rene fra Ullensaker m\u00e5lt til 153 km\/t i 100-sone p\u00e5 E6 nordg\u00e5ende ved Granskrysset<\/li>\n<li class=\"_item_1994c_30\">Mann i slutten av ten\u00e5rene fra Selje m\u00e5lt til 163 km\/t i 100-sone p\u00e5 E6 s\u00f8rg\u00e5ende ved Granskrysset<\/li>\n<li class=\"_item_1994c_30\">Mann i midten av 20-\u00e5rene fra Oslo m\u00e5lt til 164 km\/t i 100-sone p\u00e5 E6 s\u00f8rg\u00e5ende ved Granskrysset.<\/li>\n<li class=\"_item_1994c_30\">Mann i slutten av ten\u00e5rene fra Oslo m\u00e5lt til 149 km\/t i 100-sone p\u00e5 E6 S\u00f8rg\u00e5ende ved Granskrysset.<\/li>\n<li class=\"_item_1994c_30\">Mann i begynnelsen av 20-\u00e5rene fra Ullensaker m\u00e5lt til 149 km\/t i 100-sone p\u00e5 E6 S\u00f8rg\u00e5ende ved Granskrysset.<\/li>\n<li class=\"_item_1994c_30\">Mann i midten 20-\u00e5rene fra Follo m\u00e5lt til 133 km\/t i 90-sone p\u00e5 Rv 159 Str\u00f8msveien<\/li>\n<\/ul>\n<p class=\"_paragraph_1994c_4 _paragraph_xtcu6_10 layout-component text-serif-m layout-normal text-serif-m layout-padded\">De tre siste f\u00f8rerkortbeslagene er det pr.n\u00e5 ikke f\u00e5tt meldt inn hastighet p\u00e5.<\/p>\n<p>    <img decoding=\"async\" alt=\"Tips oss illustrasjon\" width=\"62px\" height=\"auto\" src=\"https:\/\/www.europesays.com\/no\/wp-content\/uploads\/2025\/08\/1754784428_95_W9avJzE.png\"\/>    <\/p>\n<p class=\"title-serif-s\">Har du tips til oss?<\/p>\n<p class=\"text-sans-m\">Send oss informasjon, bilder eller video<\/p>\n<p>  <a href=\"https:\/\/www.vg.no\/tips-oss\" rel=\"nofollow noopener\" target=\"_blank\"> Tips oss <\/a>      <\/p>\n","protected":false},"excerpt":{"rendered":"13 unge menn og en kvinne mistet f\u00f8rerkortet i forbindelse med et street-meet i Lillestr\u00f8m fredag kveld og&hellip;\n","protected":false},"author":2,"featured_media":52151,"comment_status":"","ping_status":"","sticky":false,"template":"","format":"standard","meta":{"footnotes":""},"categories":[5],"tags":[31,20,21,24,25,7964,15,19,22,23,17,18,13,30,28,29,14,16,415,26,27],"class_list":{"0":"post-52150","1":"post","2":"type-post","3":"status-publish","4":"format-standard","5":"has-post-thumbnail","7":"category-overskrifter","8":"tag-breaking","9":"tag-breaking-news","10":"tag-breakingnews","11":"tag-featured-news","12":"tag-featurednews","13":"tag-forerkortbeslag","14":"tag-headlines","15":"tag-hovedoppslag","16":"tag-latest-news","17":"tag-latestnews","18":"tag-main-news","19":"tag-mainnews","20":"tag-news","21":"tag-no","22":"tag-norge","23":"tag-norway","24":"tag-nyheter","25":"tag-overskrifter","26":"tag-ost-politidistrikt","27":"tag-top-stories","28":"tag-topstories"},"share_on_mastodon":{"url":"","error":""},"_links":{"self":[{"href":"https:\/\/www.europesays.com\/no\/wp-json\/wp\/v2\/posts\/52150","targetHints":{"allow":["GET"]}}],"collection":[{"href":"https:\/\/www.europesays.com\/no\/wp-json\/wp\/v2\/posts"}],"about":[{"href":"https:\/\/www.europesays.com\/no\/wp-json\/wp\/v2\/types\/post"}],"author":[{"embeddable":true,"href":"https:\/\/www.europesays.com\/no\/wp-json\/wp\/v2\/users\/2"}],"replies":[{"embeddable":true,"href":"https:\/\/www.europesays.com\/no\/wp-json\/wp\/v2\/comments?post=52150"}],"version-history":[{"count":0,"href":"https:\/\/www.europesays.com\/no\/wp-json\/wp\/v2\/posts\/52150\/revisions"}],"wp:featuredmedia":[{"embeddable":true,"href":"https:\/\/www.europesays.com\/no\/wp-json\/wp\/v2\/media\/52151"}],"wp:attachment":[{"href":"https:\/\/www.europesays.com\/no\/wp-json\/wp\/v2\/media?parent=52150"}],"wp:term":[{"taxonomy":"category","embeddable":true,"href":"https:\/\/www.europesays.com\/no\/wp-json\/wp\/v2\/categories?post=52150"},{"taxonomy":"post_tag","embeddable":true,"href":"https:\/\/www.europesays.com\/no\/wp-json\/wp\/v2\/tags?post=52150"}],"curies":[{"name":"wp","href":"https:\/\/api.w.org\/{rel}","templated":true}]}}