{"id":52156,"date":"2025-10-04T01:47:19","date_gmt":"2025-10-04T01:47:19","guid":{"rendered":"https:\/\/www.europesays.com\/no\/52156\/"},"modified":"2025-10-04T01:47:19","modified_gmt":"2025-10-04T01:47:19","slug":"adam-aleksic-forklarer-hva-ordene-betyr","status":"publish","type":"post","link":"https:\/\/www.europesays.com\/no\/52156\/","title":{"rendered":"Adam Aleksic forklarer hva ordene betyr"},"content":{"rendered":"\n<p class=\"_paragraph_1994c_4 _paragraph_xtcu6_10 layout-component text-serif-m layout-normal text-serif-m layout-padded\">Mange VG-lesere r\u00f8dmet tidligere i v\u00e5r, da <a href=\"https:\/\/www.vg.no\/rampelys\/i\/vg14R4\/anmeldelse-adolescence\" data-track-element-type=\"Link\" data-track-id=\"link:vg14R4\" class=\"_link_1994c_39\" rel=\"nofollow noopener\" target=\"_blank\">en Netflix-dokumentar <\/a>forklarte et eldre publikum hva ulike emojis egentlig betyr.<\/p>\n<p class=\"_paragraph_1994c_4 _paragraph_xtcu6_10 layout-component text-serif-m layout-normal text-serif-m layout-padded\">Her har vi gamle tanter og annet rask g\u00e5tt rundt og tenkt at det var greit \u00e5 sende hjerter i alle farger og at frukt i alle fall var harml\u00f8st. <\/p>\n<p class=\"_paragraph_1994c_4 _paragraph_xtcu6_10 layout-component text-serif-m layout-normal text-serif-m layout-padded\">\ud83c\udf46<\/p>\n<p class=\"_paragraph_1994c_4 _paragraph_xtcu6_10 layout-component text-serif-m layout-normal text-serif-m layout-padded\">S\u00e5 viser det seg at en lilla aubergine refererer til det mannlige kj\u00f8nnsorganet. <\/p>\n<p><img alt=\"EMOJIS: Oppsto p\u00e5 internetts tidligste forum som strektegninger.   Foto: MIGUEL MEDINA \/ AFP \/ NTB\" class=\"_image_qp4xg_65 layout-component layout-normal\" data-fullscreen- data-track-element-type=\"Article image fullscreen\" data-track-name=\"ImageFullscreen\" decoding=\"async\" loading=\"lazy\" height=\"2570\" itemprop=\"image\"  src=\"https:\/\/www.europesays.com\/no\/wp-content\/uploads\/2025\/10\/5bc4d1b0-2f52-46ef-b2c2-2792f8a847d2\"  style=\"object-position:0% 0%\" width=\"3900\"\/>EMOJIS: Oppsto p\u00e5 internetts tidligste forum som strektegninger.   Foto: MIGUEL MEDINA \/ AFP \/ NTB<\/p>\n<p class=\"_paragraph_1994c_4 _paragraph_xtcu6_10 layout-component text-serif-m layout-normal text-serif-m layout-padded\">Og lilla hjerte? \ud83d\udc9c<\/p>\n<p class=\"_paragraph_1994c_4 _paragraph_xtcu6_10 layout-component text-serif-m layout-normal text-serif-m layout-padded\">Beklager \u00e5 m\u00e5tte si dette, men det betyr visstnok at du har lyst p\u00e5 en s\u00e5nn aubergine. <\/p>\n<p class=\"_paragraph_1994c_4 _paragraph_xtcu6_10 layout-component text-serif-m layout-normal text-serif-m layout-padded\">Det er mye \u00e5 slite med i m\u00f8te med ny teknologi. Et h\u00f8ydepunkt for meg serverte stavekontrollen. <\/p>\n<p class=\"_paragraph_1994c_4 _paragraph_xtcu6_10 layout-component text-serif-m layout-normal text-serif-m layout-padded\">Den ga et innlegg i en lokal sygruppe der en deltaker klaget p\u00e5 at \u00abglidemiddel er blitt s\u00e5 dyrt\u00bb.<\/p>\n<p class=\"_paragraph_1994c_4 _paragraph_xtcu6_10 layout-component text-serif-m layout-normal text-serif-m layout-padded\">Ja, det var glidel\u00e5s det skulle st\u00e5. Skjermdumpmafiaen dokumenterte det hele. <\/p>\n<p class=\"_paragraph_1994c_4 _paragraph_xtcu6_10 layout-component text-serif-m layout-normal text-serif-m layout-padded\">Det er like urettferdig at en uskyldig gr\u00f8nnsak (frukt?) har endt opp som symbol for mannlig kj\u00f8nnsorgan.<\/p>\n<p class=\"_paragraph_1994c_4 _paragraph_xtcu6_10 layout-component text-serif-m layout-normal text-serif-m layout-padded\">Spr\u00e5knerden Adam Aleksic har skrevet boken Algospeak (en kort en) for oss som pr\u00f8ver \u00e5 henge med. Han forklarer hvordan sosiale medier endrer spr\u00e5ket.<\/p>\n<p class=\"_paragraph_1994c_4 _paragraph_xtcu6_10 layout-component text-serif-m layout-normal text-serif-m layout-padded\">Det er sensuren av kj\u00f8nnsorgan-ord som har f\u00f8rt til at auberginen har blitt symbolet p\u00e5 en p1kk. <\/p>\n<p><img alt=\"GIKK VIRALT: Kamala Harris\u2019 kampanje hengte seg p\u00e5 \u00abbrat summer\u00bb. Problemet var at viben var over da valget kom i november.   Foto: WILL OLIVER \/ EPA \/ NTB\" class=\"_image_qp4xg_65 layout-component layout-normal\" data-fullscreen- data-track-element-type=\"Article image fullscreen\" data-track-name=\"ImageFullscreen\" decoding=\"async\" loading=\"lazy\" height=\"3275\" itemprop=\"image\"  src=\"https:\/\/www.europesays.com\/no\/wp-content\/uploads\/2025\/10\/ba486030-bfdf-4cbf-a28b-b3fd819073a5\"  style=\"object-position:0% 0%\" width=\"4913\"\/>GIKK VIRALT: Kamala Harris\u2019 kampanje hengte seg p\u00e5 \u00abbrat summer\u00bb. Problemet var at viben var over da valget kom i november.   Foto: WILL OLIVER \/ EPA \/ NTB<\/p>\n<p class=\"_paragraph_1994c_4 _paragraph_xtcu6_10 layout-component text-serif-m layout-normal text-serif-m layout-padded\">Og ord som \u00abunalive\u00bb og \u00absegsy\u00bb oppst\u00e5r fordi algoritmenealgoritmeneAlgoritmer er sett med regler eller instruksjoner som datamaskiner f\u00f8lger for \u00e5 l\u00f8se problemer eller ta beslutninger, ofte brukt i sosiale medier for \u00e5 bestemme hva slags innhold som vises til brukerne. stanser ord som \u00abkill\u00bb og \u00absexy\u00bb. <\/p>\n<p class=\"_paragraph_1994c_4 _paragraph_xtcu6_10 layout-component text-serif-m layout-normal text-serif-m layout-padded\">\u00abAccoustic\u00bb startet som en intern, sp\u00f8kete variant av \u00abautistisk\u00bb. S\u00e5 ble det et meme og brukt til \u00e5 gj\u00f8re narr p\u00e5 TikTok.<\/p>\n<p class=\"_paragraph_1994c_4 _paragraph_xtcu6_10 layout-component text-serif-m layout-normal text-serif-m layout-padded\">De mest vellykkede ordene og emneknaggene g\u00e5r ikke bare viralt. Det skapes egne dialekter, slik som Swiftie-spr\u00e5ket. Du viser tilh\u00f8righet og identitet ved \u00e5 snakke spr\u00e5ket. <\/p>\n<p class=\"_paragraph_1994c_4 _paragraph_xtcu6_10 layout-component text-serif-m layout-normal text-serif-m layout-padded\">Mange ord siver ogs\u00e5 inn i dagligtalen. Vi g\u00e5r rundt og sier \u00absad\u00bb og \u00abfake news\u00bb, fordi Trump populariserte det. I skoleg\u00e5rden kan man h\u00f8re \u00abHe unalived himself\u00bb og \u00abskibidi\u00bb, \u00abskibidi\u00bb, https:\/\/knowyourmeme.com\/memes\/subcultures\/skibidi-toiletmens Marstein rapper om beefs og memes. <\/p>\n<p class=\"_paragraph_1994c_4 _paragraph_xtcu6_10 layout-component text-serif-m layout-normal text-serif-m layout-padded\">Forfatteren mener de fleste av ordene som havner i mainstreamen, kommer fra incelfora (\u00absigma\u00bb) og afroamerikansk slang (<a href=\"https:\/\/knowyourmeme.com\/memes\/gyatt\" class=\"_link_1994c_39\" rel=\"nofollow noopener\" target=\"_blank\">\u00abgyatt\u00bb<\/a>). <\/p>\n<p class=\"_paragraph_1994c_4 _paragraph_xtcu6_10 layout-component text-serif-m layout-normal text-serif-m layout-padded\">Og dette forandrer mer enn en liten emoji kan tyde p\u00e5. <\/p>\n<p class=\"_paragraph_1994c_4 _paragraph_xtcu6_10 layout-component text-serif-m layout-normal text-serif-m layout-padded\">Tilpasning til algoritmene gj\u00f8r spr\u00e5ket mer ekstremt (Trumps STORE BOKSTAVER) og emosjonelt (for \u00e5 vekke oppmerksomheten din). <\/p>\n<p><img alt=\"KRANGLER OM VIBES: \u00abTrad wife\u00bb er en emneknagg som trender. Her fra \u00abDebatten\u00bb p\u00e5 NRK.    Foto: Skjermdump \/ NRK\" class=\"_image_qp4xg_65 layout-component layout-normal\" data-fullscreen- data-track-element-type=\"Article image fullscreen\" data-track-name=\"ImageFullscreen\" decoding=\"async\" loading=\"lazy\" height=\"1139\" itemprop=\"image\"  src=\"https:\/\/www.europesays.com\/no\/wp-content\/uploads\/2025\/10\/55259b29-4686-409e-80de-42bcbe7dc673\"  style=\"object-position:63.15068493150685% 34.28446005267779%\" width=\"1460\"\/>KRANGLER OM VIBES: \u00abTrad wife\u00bb er en emneknagg som trender. Her fra \u00abDebatten\u00bb p\u00e5 NRK.    Foto: Skjermdump \/ NRK<\/p>\n<p class=\"_paragraph_1994c_4 _paragraph_xtcu6_10 layout-component text-serif-m layout-normal text-serif-m layout-padded\">N\u00e5 om dagen snakker vi om \u00abtrad wifes\u00bb i Norge, et n\u00e6rmest ikke-eksisterende fenomen. <\/p>\n<p class=\"_paragraph_1994c_4 _paragraph_xtcu6_10 layout-component text-serif-m layout-normal text-serif-m layout-padded\">Men n\u00e5r ord og emneknagger trender, kaster alle seg p\u00e5, inkludert \u00abmsm\u00bb.  <\/p>\n<p class=\"_paragraph_1994c_4 _paragraph_xtcu6_10 layout-component text-serif-m layout-normal text-serif-m layout-padded\">Slik endres den politiske debatten (hva snakkes ikke om?). <\/p>\n<p class=\"_paragraph_1994c_4 _paragraph_xtcu6_10 layout-component text-serif-m layout-normal text-serif-m layout-padded\">Trad wife-debatten handler mest om f\u00f8lelser, ikke fakta. Det er en algoritme-oppjazzet krangel. <\/p>\n<p class=\"_paragraph_1994c_4 _paragraph_xtcu6_10 layout-component text-serif-m layout-normal text-serif-m layout-padded\">Kvoter og pappaperm er egentlig ganske kjedelig. Akt\u00f8rene krangler om for eller imot \u00abviben\u00bb. Hva slags meme b\u00f8r spres, forkle eller powersuit? <\/p>\n<p><img alt=\"MILLENIAL: I sosiale mediers bobler finnes et eget Swiftie-spr\u00e5k, en fanilekt som ogs\u00e5 spres blant kongelige.  Foto: The Prince and Princess of Wales \/ Instagram\" class=\"_image_qp4xg_65 layout-component layout-normal\" data-fullscreen- data-track-element-type=\"Article image fullscreen\" data-track-name=\"ImageFullscreen\" decoding=\"async\" loading=\"lazy\" height=\"1294\" itemprop=\"image\"  src=\"https:\/\/www.europesays.com\/no\/wp-content\/uploads\/2025\/10\/fc9e4170-81c4-459a-841c-b00d7178ba64\"  style=\"object-position:0% 0%\" width=\"1941\"\/>MILLENIAL: I sosiale mediers bobler finnes et eget Swiftie-spr\u00e5k, en fanilekt som ogs\u00e5 spres blant kongelige.  Foto: The Prince and Princess of Wales \/ Instagram<\/p>\n<p class=\"_paragraph_1994c_4 _paragraph_xtcu6_10 layout-component text-serif-m layout-normal text-serif-m layout-padded\">At eldre generasjoner ikke forst\u00e5r dette, er ikke s\u00e5 rart. <\/p>\n<p class=\"_paragraph_1994c_4 _paragraph_xtcu6_10 layout-component text-serif-m layout-normal text-serif-m layout-padded\">Aleksic (24) mener ogs\u00e5 at Taylor Swift (35) tilh\u00f8rer en eldre generasjon p\u00e5 sosiale medier. Hun starter ofte videoer med en kort stillhet, den s\u00e5kalte \u00abmillennium-pausen\u00bb. <\/p>\n<p class=\"_paragraph_1994c_4 _paragraph_xtcu6_10 layout-component text-serif-m layout-normal text-serif-m layout-padded\">Gen Z gj\u00f8r visstnok ikke det. De skj\u00f8nner at det er for risikabelt med algoritmene, selv om Meta, X og de andre tech-selskapene ikke er \u00e5pne om hva de demper og l\u00f8fter fram. <\/p>\n<p class=\"_paragraph_1994c_4 _paragraph_xtcu6_10 layout-component text-serif-m layout-normal text-serif-m layout-padded\">Algoritmer kan designes for \u00e5 bidra til nyanserte samtaler. Men tvert om. Det er jakten p\u00e5 mest mulig av v\u00e5r tid og h\u00f8ye inntekter som skaper en ny medierevolusjon.  <\/p>\n<p class=\"_paragraph_1994c_4 _paragraph_xtcu6_10 layout-component text-serif-m layout-normal text-serif-m layout-padded\">Uttrykket \u00abpolitikken f\u00f8lger kulturen\u00bb, ble popularisert av MAGA-kirketjener Steve Bannon. <\/p>\n<p class=\"_paragraph_1994c_4 _paragraph_xtcu6_10 layout-component text-serif-m layout-normal text-serif-m layout-padded\">Det han mener, er at for \u00e5 vinne politisk makt, m\u00e5 man p\u00e5virke kultur, medier, utdanning og underholdning.<\/p>\n<p class=\"_paragraph_1994c_4 _paragraph_xtcu6_10 layout-component text-serif-m layout-normal text-serif-m layout-padded\">Til det har MAGA brukt algoritmene. <\/p>\n<p class=\"_paragraph_1994c_4 _paragraph_xtcu6_10 layout-component text-serif-m layout-normal text-serif-m layout-padded\">Stadige gjentakelser normaliserer ting. Snart blir \u00abremigrasjon\u00bb \u00abremigrasjon\u00bb Et konsept eller politisk id\u00e9 som inneb\u00e6rer at innvandrere skal returnere til sine opprinnelsesland, ofte diskutert i sammenheng med innvandringspolitikk.et gangbart ord. <\/p>\n<p class=\"_paragraph_1994c_4 _paragraph_xtcu6_10 layout-component text-serif-m layout-normal text-serif-m layout-padded\">Spr\u00e5ket forteller oss hvor kulturen er p\u00e5 vei. <\/p>\n<p class=\"_paragraph_1994c_4 _paragraph_xtcu6_10 layout-component text-serif-m layout-normal text-serif-m layout-padded\">Forfatteren av Algospeak mener det mest interessante er \u00e5 f\u00f8lge med p\u00e5 \u00abgenerasjon Alfa\u00bb\u00abgenerasjon Alfa\u00bbDen nyeste generasjonen, f\u00f8dt fra ca. 2010 og fremover, som vokser opp med teknologi som en integrert del av hverdagen., unge p\u00e5 mellomtrinnet.<\/p>\n<p class=\"_paragraph_1994c_4 _paragraph_xtcu6_10 layout-component text-serif-m layout-normal text-serif-m layout-padded\">De er \u00e5pne og har ikke bestemt seg helt (og de er veldig unge).<\/p>\n<p class=\"_paragraph_1994c_4 _paragraph_xtcu6_10 layout-component text-serif-m layout-normal text-serif-m layout-padded\">Da hodeskallen erstattet latteremojien, var poenget \u00e5 skille seg ut fra eldre folk. <\/p>\n<p class=\"_paragraph_1994c_4 _paragraph_xtcu6_10 layout-component text-serif-m layout-normal text-serif-m layout-padded\">Vi f\u00e5r h\u00e5pe Gen A finner opp nye ord, ikke bare for \u00e5 skille seg fra de eldre, men ogs\u00e5 fra incel- og ytre h\u00f8yre-spr\u00e5ket.<\/p>\n<p class=\"_paragraph_1994c_4 _paragraph_xtcu6_10 layout-component text-serif-m layout-normal text-serif-m layout-padded\">For det som begynte med en lilla aubergine er n\u00e5 kulturkamp.\ud83e\udd26\u200d\u2640\ufe0f<\/p>\n<p>Les ogs\u00e5<br \/>\n   Dette er en kommentar. Kommentaren gir uttrykk for skribentens holdning. <\/p>\n","protected":false},"excerpt":{"rendered":"Mange VG-lesere r\u00f8dmet tidligere i v\u00e5r, da en Netflix-dokumentar forklarte et eldre publikum hva ulike emojis egentlig betyr.&hellip;\n","protected":false},"author":2,"featured_media":52157,"comment_status":"","ping_status":"","sticky":false,"template":"","format":"standard","meta":{"footnotes":""},"categories":[5],"tags":[20,21,7965,24,25,15,19,22,23,17,18,13,30,28,29,14,16,26,27,103],"class_list":{"0":"post-52156","1":"post","2":"type-post","3":"status-publish","4":"format-standard","5":"has-post-thumbnail","7":"category-overskrifter","8":"tag-breaking-news","9":"tag-breakingnews","10":"tag-emoji","11":"tag-featured-news","12":"tag-featurednews","13":"tag-headlines","14":"tag-hovedoppslag","15":"tag-latest-news","16":"tag-latestnews","17":"tag-main-news","18":"tag-mainnews","19":"tag-news","20":"tag-no","21":"tag-norge","22":"tag-norway","23":"tag-nyheter","24":"tag-overskrifter","25":"tag-top-stories","26":"tag-topstories","27":"tag-vgmeninger"},"share_on_mastodon":{"url":"","error":""},"_links":{"self":[{"href":"https:\/\/www.europesays.com\/no\/wp-json\/wp\/v2\/posts\/52156","targetHints":{"allow":["GET"]}}],"collection":[{"href":"https:\/\/www.europesays.com\/no\/wp-json\/wp\/v2\/posts"}],"about":[{"href":"https:\/\/www.europesays.com\/no\/wp-json\/wp\/v2\/types\/post"}],"author":[{"embeddable":true,"href":"https:\/\/www.europesays.com\/no\/wp-json\/wp\/v2\/users\/2"}],"replies":[{"embeddable":true,"href":"https:\/\/www.europesays.com\/no\/wp-json\/wp\/v2\/comments?post=52156"}],"version-history":[{"count":0,"href":"https:\/\/www.europesays.com\/no\/wp-json\/wp\/v2\/posts\/52156\/revisions"}],"wp:featuredmedia":[{"embeddable":true,"href":"https:\/\/www.europesays.com\/no\/wp-json\/wp\/v2\/media\/52157"}],"wp:attachment":[{"href":"https:\/\/www.europesays.com\/no\/wp-json\/wp\/v2\/media?parent=52156"}],"wp:term":[{"taxonomy":"category","embeddable":true,"href":"https:\/\/www.europesays.com\/no\/wp-json\/wp\/v2\/categories?post=52156"},{"taxonomy":"post_tag","embeddable":true,"href":"https:\/\/www.europesays.com\/no\/wp-json\/wp\/v2\/tags?post=52156"}],"curies":[{"name":"wp","href":"https:\/\/api.w.org\/{rel}","templated":true}]}}