{"id":52171,"date":"2025-10-04T02:58:31","date_gmt":"2025-10-04T02:58:31","guid":{"rendered":"https:\/\/www.europesays.com\/no\/52171\/"},"modified":"2025-10-04T02:58:31","modified_gmt":"2025-10-04T02:58:31","slug":"arrangerer-lopefest-i-uvaeret-vi-far-mange-sporsmal","status":"publish","type":"post","link":"https:\/\/www.europesays.com\/no\/52171\/","title":{"rendered":"Arrangerer l\u00f8pefest i uv\u00e6ret: &#8211; Vi f\u00e5r mange sp\u00f8rsm\u00e5l"},"content":{"rendered":"<p>\u2013 Stressniv\u00e5et er forel\u00f8pig lavt, sier Hilde Martinsen i Bedriftsidretten.<\/p>\n<p><strong>Hun er prosjektleder for Trondheim skogsmaraton, som arrangeres i Bymarka l\u00f8rdag ettermiddag.<\/strong><\/p>\n<p>\u2013 Det eneste er at vi n\u00e5 har f\u00e5tt en ny faktor \u00e5 ta stilling til, og det er v\u00e6ret. Vi kommer til \u00e5 gj\u00f8re fortl\u00f8pende vurderinger.<\/p>\n<p>Samtidig forsikrer Martinsen om at f\u00f8rste startpulje klokken 12.00 fremdeles g\u00e5r som planlagt.<\/p>\n<p>\u2013 Vi f\u00e5r veldig mange sp\u00f8rsm\u00e5l om det kommer til \u00e5 bli arrangert, og forel\u00f8pig planlegger vi med det. Det er flere tilpasninger vi kan gj\u00f8re for \u00e5 ivareta sikkerheten.<\/p>\n<p><strong>Adresseavisen sender direkte fra m\u00e5lomr\u00e5det i Gran\u00e5sen. Sendingen ser du fra klokken 13.00 <a href=\"https:\/\/play.adressa.no\/video\/3020703\/direkte-fra-trondheim-skogsmaraton\" rel=\"noopener nofollow\" target=\"_blank\">her<\/a>.<\/strong><\/p>\n<p>Har du lyst til \u00e5 se deg selv eller noen du kjenner l\u00f8pe i m\u00e5l, kan du i etterkant av l\u00f8pet s\u00f8ke opp m\u00e5lgangen til hver enkelt deltager. Tjenesten blir tilgjengelig for abonnenter.<\/p>\n<p><img decoding=\"async\" src=\"data:image\/gif;base64,R0lGODlhEAAJAIAAAP\/\/\/wAAACH5BAEAAAAALAAAAAAQAAkAAAIKhI+py+0Po5yUFQA7\" alt=\"\"\/><br \/>\n  Tidligere har Trondheim skogsmaraton startet i Nilsbyen. I \u00e5r gjentas fjor\u00e5rets prosedyre med b\u00e5de start og m\u00e5l i Gran\u00e5sen.<br \/>\n  <strong>Foto:<\/strong> Christine Schefte\u2013 Perfekt l\u00f8pev\u00e6r <\/p>\n<p>If\u00f8lge prognosene til Yr skal det under l\u00f8pet v\u00e6re rundt 12 sekundmeter vind i Gran\u00e5sen, men med vindkast opptil 25 m\/s. Det tilsvarer \u00abliten storm\u00bb if\u00f8lge Beauforts vindskala.<\/p>\n<p><strong>\u2013 Hva er for mye vind?<\/strong><\/p>\n<p>\u2013 Hvis det blir uforsvarlig og at vi kjenner at l\u00f8ypa ikke tar vare p\u00e5 sikkerheten til deltakerne. Vinden skal komme fra s\u00f8r, og da sies det heldigvis at Bymarka ligger litt i le.<\/p>\n<p><img decoding=\"async\" src=\"data:image\/gif;base64,R0lGODlhEAAJAIAAAP\/\/\/wAAACH5BAEAAAAALAAAAAAQAAkAAAIKhI+py+0Po5yUFQA7\" alt=\"\"\/><br \/>\n  V\u00e6rmedlingen for Gran\u00e5sen l\u00f8rdag.<br \/>\n  <strong>Foto:<\/strong> skjermdump yr.no<\/p>\n<p>N\u00f8yaktig et d\u00f8gn f\u00f8r l\u00f8psstart er omtrent 1500 deltagere p\u00e5meldt for \u00e5 l\u00f8pe enten halvmaraton eller kvartmaraton i skogen.<\/p>\n<p>\u2013 Vi tror kanskje at folk sitter litt p\u00e5 gjerdet n\u00e5r det gjelder p\u00e5melding. Kanskje har de ogs\u00e5 lyst til \u00e5 se an v\u00e6r og form. Vi tror uansett at vi skal sl\u00e5 fjor\u00e5ret, hvor vi hadde rundt 1620 deltagere.<\/p>\n<p>For selv om det meldes vind, tror Martinsen at de skal f\u00e5 til en skikkelig l\u00f8pefest.<\/p>\n<p>\u2013 Utenom vinden er det perfekt l\u00f8pev\u00e6r i marka. Vi f\u00f8lger som sagt med p\u00e5 utviklingen, men har stor tro p\u00e5 at dette skal bli en fin dag.<\/p>\n","protected":false},"excerpt":{"rendered":"\u2013 Stressniv\u00e5et er forel\u00f8pig lavt, sier Hilde Martinsen i Bedriftsidretten. Hun er prosjektleder for Trondheim skogsmaraton, som arrangeres&hellip;\n","protected":false},"author":2,"featured_media":52172,"comment_status":"","ping_status":"","sticky":false,"template":"","format":"standard","meta":{"footnotes":""},"categories":[59],"tags":[2706,727,726,30,28,29,83,82],"class_list":{"0":"post-52171","1":"post","2":"type-post","3":"status-publish","4":"format-standard","5":"has-post-thumbnail","7":"category-sport","8":"tag-halvmaraton","9":"tag-loping","10":"tag-maraton","11":"tag-no","12":"tag-norge","13":"tag-norway","14":"tag-sport","15":"tag-sports"},"share_on_mastodon":{"url":"","error":""},"_links":{"self":[{"href":"https:\/\/www.europesays.com\/no\/wp-json\/wp\/v2\/posts\/52171","targetHints":{"allow":["GET"]}}],"collection":[{"href":"https:\/\/www.europesays.com\/no\/wp-json\/wp\/v2\/posts"}],"about":[{"href":"https:\/\/www.europesays.com\/no\/wp-json\/wp\/v2\/types\/post"}],"author":[{"embeddable":true,"href":"https:\/\/www.europesays.com\/no\/wp-json\/wp\/v2\/users\/2"}],"replies":[{"embeddable":true,"href":"https:\/\/www.europesays.com\/no\/wp-json\/wp\/v2\/comments?post=52171"}],"version-history":[{"count":0,"href":"https:\/\/www.europesays.com\/no\/wp-json\/wp\/v2\/posts\/52171\/revisions"}],"wp:featuredmedia":[{"embeddable":true,"href":"https:\/\/www.europesays.com\/no\/wp-json\/wp\/v2\/media\/52172"}],"wp:attachment":[{"href":"https:\/\/www.europesays.com\/no\/wp-json\/wp\/v2\/media?parent=52171"}],"wp:term":[{"taxonomy":"category","embeddable":true,"href":"https:\/\/www.europesays.com\/no\/wp-json\/wp\/v2\/categories?post=52171"},{"taxonomy":"post_tag","embeddable":true,"href":"https:\/\/www.europesays.com\/no\/wp-json\/wp\/v2\/tags?post=52171"}],"curies":[{"name":"wp","href":"https:\/\/api.w.org\/{rel}","templated":true}]}}