{"id":52194,"date":"2025-10-04T04:23:40","date_gmt":"2025-10-04T04:23:40","guid":{"rendered":"https:\/\/www.europesays.com\/no\/52194\/"},"modified":"2025-10-04T04:23:40","modified_gmt":"2025-10-04T04:23:40","slug":"sport-fotball-holdt-nullen-igjen-fauskanger-hylles","status":"publish","type":"post","link":"https:\/\/www.europesays.com\/no\/52194\/","title":{"rendered":"Sport, Fotball | Holdt nullen igjen \u2013 Fauskanger hylles"},"content":{"rendered":"\n<p><b>FOTBALL: <\/b>FKH-keeperen spilte igjen fra start da Norge m\u00f8tte Colombia i U20-VM i natt. Etter \u00e5 ha <a href=\"https:\/\/www.h-avis.no\/incoming\/5-62-1930209.html\" rel=\"Follow nofollow noopener\" target=\"_blank\">sl\u00e5tt Nigeria 3\u20130<\/a> i den f\u00f8rste gruppespillskampen, endte kampen mot Colombia 0\u20130. Det betyr at Fauskanger og Norge enn\u00e5 ikke har sluppet inn m\u00e5l i mesterskapet.<\/p>\n<p><b>\u2013  er alltid deilig. Fantastisk f\u00f8lelse n\u00e5r vi klarer \u00e5 dra inn et poeng. Utrolig viktig poeng. N\u00e5 skal vi bare bli historiske, n\u00e5 skal vi komme ut av gruppespillet og s\u00e5 tar vi det derfra, <a rel=\"Follow nofollow noopener\" href=\"https:\/\/www.fotball.no\/landslag\/norge-menn-20\/2025\/u20-vm-disse-starter-mot-colombia\/\" target=\"_blank\">sier Fauskanger til fotball.no<\/a>. <\/b><\/p>\n<p>Colombiansk media lar seg imponere av Fauskanger, som de mener hindret colombiansk seier.<\/p>\n<p><b>\u2013 Keeper Einar Fauskanger som den framtredende figuren i kampen, <a href=\"https:\/\/x.com\/DeporteTotalFM\/status\/1973933280316829781\" rel=\"Follow nofollow\">skriver Deporte Total Cali p\u00e5 X<\/a>.<\/b><\/p>\n<p><b>\u2013 Tre redninger fra Fauskanger og to stolpeskutt sto i veien for Colombia, <a href=\"https:\/\/x.com\/AS_Colombia\/status\/1973941076101902590\" rel=\"Follow nofollow\">skriver AS Colombia<\/a> til sine nesten 100.000 f\u00f8lgere p\u00e5 X.<\/b><\/p>\n<p><b>\u2013 Den norske keeperen Fauskanger hindret en ny seier for et stadig sterkere Colombia i U20-VM, skriver den colombianske fotballkommentatoren Dar\u00edo \u00c1ngel Rodr\u00edguez til sine 55 f\u00f8lgere, ogs\u00e5 det p\u00e5 <a href=\"https:\/\/x.com\/DarioAngelR\/status\/1973871289082511850\" rel=\"Follow nofollow\">X<\/a>. <\/b><\/p>\n<p>Se flere Fauskanger-reaksjoner nederst i saken.<\/p>\n<p>Delt 1. plass<\/p>\n<p>Resultatet betyr at Norge deler f\u00f8rste 1. plassen med Colombia i gruppe F. De to beste fra hver pulje og fire av de seks beste treerne tar seg videre til \u00e5ttedelsfinalene i mesterskapene.<\/p>\n<p>Nigeria slo Saudi-Arabia 3\u20132 natt til fredag. Saudi-Arabia kan maksimalt f\u00e5 tre poeng, og Norge kan dermed d\u00e5rligst bli nummer tre i puljen.<\/p>\n<p>Norges siste puljekamp mot Saudi-Arabia spilles mandag. Norge kvalifiserte seg til VM etter \u00e5 ha endt p\u00e5 femteplass i fjor\u00e5rets G19-EM.<\/p>\n<p><b> \u2013 Vi f\u00e5r kj\u00f8rt oss ordentlig i lange perioder og vi m\u00f8ter et meget godt lag, men vi holder nullen for andre gang og vi er med for fullt i denne turneringen, sier landslagstrener Bj\u00f8rn Johansen til <a href=\"https:\/\/www.fotball.no\/landslag\/norge-menn-20\/2025\/u20-vm-disse-starter-mot-colombia\/\" rel=\"nofollow noopener\" target=\"_blank\">fotball.no.<\/a><\/b><\/p>\n<p>  <a href=\"https:\/\/www.h-avis.no\/5-62-1928330\" class=\"related-teaser has-image default-story-teaser article--c-eRUmMG article--c-eRUmMG-jKCPdD-design-default\" rel=\"nofollow noopener\" target=\"_blank\"><\/p>\n<p>    <img decoding=\"async\" loading=\"lazy\"  src=\"https:\/\/www.europesays.com\/no\/wp-content\/uploads\/2025\/09\/U203.JPG\" alt=\"\" class=\"brick-c-cFOWSL\" style=\"\"\/><\/p>\n<p>\n            Les ogs\u00e5<\/p>\n<p>              Skistad klar for VM: \u2013 Helt fantastisk \u00e5 v\u00e6re her\n        <\/p>\n<p>  <\/a><br \/>\n  \u2013 Ekstremt godt forn\u00f8yd<\/p>\n<p>Treneren er uansett naturlig nok forn\u00f8yd etter fire m\u00e5l og null baklengsm\u00e5l etter de to f\u00f8rste kampene.<\/p>\n<p><b>\u2013 Jeg er ekstremt godt forn\u00f8yd med det, sier landslagstreneren. <\/b><\/p>\n<p>Norge ble tildelt straffespark etter 20 minutter, men etter en videosjekk trakk dommeren den tilbake. Hun kom fram til at armen til Simon Garcia var i en naturlig posisjon da han holdt seg i bakken mens han kastet seg ned for \u00e5 blokkere skuddet til Sondre Granaas.<\/p>\n<p><b>\u2013 Det er naturlig posisjon, men ballen g\u00e5r mot m\u00e5l. Hvis man bare ser p\u00e5 spillet, er det en soleklar hands, sa NRK-ekspert Carl-Erik Torp.<\/b><\/p>\n<p>VM avsluttes 20. oktober. Mesterskapet spilles i Chile.<\/p>\n<p>Mer Fauskanger-skryt<\/p>\n<p>Her er noen flere Fauskanger-reaksjoner fra sosiale medier:<\/p>\n<p>Ukens Frelst:<\/p>\n<p>    Vil du se neste video?<\/p>\n<p>    <a href=\"https:\/\/www.h-avis.no\/nibarnsfamilien-bua\/v\/5-62-1929678\" class=\"recommend-poster\" data-adp-clicklabel=\"video-recommend\" data-adp-clickvalue=\"poster\" rel=\"nofollow noopener\" target=\"_blank\"><br \/>\n      <img decoding=\"async\" width=\"200\" height=\"200\" loading=\"lazy\" src=\"https:\/\/www.europesays.com\/no\/wp-content\/uploads\/2025\/10\/v-i-632224ef-3019-470e-9dcf-5cf2973541aa-1.jpg\" alt=\"\" class=\"brick-c-cFOWSL\" style=\"--brick-image-ratio: 200 \/ 200;\"\/><\/p>\n<p>Nibarnsfamilien Bua1:20<\/p>\n<p>    <\/a><\/p>\n","protected":false},"excerpt":{"rendered":"FOTBALL: FKH-keeperen spilte igjen fra start da Norge m\u00f8tte Colombia i U20-VM i natt. Etter \u00e5 ha sl\u00e5tt&hellip;\n","protected":false},"author":2,"featured_media":52195,"comment_status":"","ping_status":"","sticky":false,"template":"","format":"standard","meta":{"footnotes":""},"categories":[59],"tags":[36,617,92,30,28,29,83,82,1510],"class_list":{"0":"post-52194","1":"post","2":"type-post","3":"status-publish","4":"format-standard","5":"has-post-thumbnail","7":"category-sport","8":"tag-art","9":"tag-fkh","10":"tag-fotball","11":"tag-no","12":"tag-norge","13":"tag-norway","14":"tag-sport","15":"tag-sports","16":"tag-story"},"share_on_mastodon":{"url":"","error":""},"_links":{"self":[{"href":"https:\/\/www.europesays.com\/no\/wp-json\/wp\/v2\/posts\/52194","targetHints":{"allow":["GET"]}}],"collection":[{"href":"https:\/\/www.europesays.com\/no\/wp-json\/wp\/v2\/posts"}],"about":[{"href":"https:\/\/www.europesays.com\/no\/wp-json\/wp\/v2\/types\/post"}],"author":[{"embeddable":true,"href":"https:\/\/www.europesays.com\/no\/wp-json\/wp\/v2\/users\/2"}],"replies":[{"embeddable":true,"href":"https:\/\/www.europesays.com\/no\/wp-json\/wp\/v2\/comments?post=52194"}],"version-history":[{"count":0,"href":"https:\/\/www.europesays.com\/no\/wp-json\/wp\/v2\/posts\/52194\/revisions"}],"wp:featuredmedia":[{"embeddable":true,"href":"https:\/\/www.europesays.com\/no\/wp-json\/wp\/v2\/media\/52195"}],"wp:attachment":[{"href":"https:\/\/www.europesays.com\/no\/wp-json\/wp\/v2\/media?parent=52194"}],"wp:term":[{"taxonomy":"category","embeddable":true,"href":"https:\/\/www.europesays.com\/no\/wp-json\/wp\/v2\/categories?post=52194"},{"taxonomy":"post_tag","embeddable":true,"href":"https:\/\/www.europesays.com\/no\/wp-json\/wp\/v2\/tags?post=52194"}],"curies":[{"name":"wp","href":"https:\/\/api.w.org\/{rel}","templated":true}]}}