{"id":52221,"date":"2025-10-04T05:46:10","date_gmt":"2025-10-04T05:46:10","guid":{"rendered":"https:\/\/www.europesays.com\/no\/52221\/"},"modified":"2025-10-04T05:46:10","modified_gmt":"2025-10-04T05:46:10","slug":"frank-loke-kommer-med-lofte-for-braekhus-avskjedskamp","status":"publish","type":"post","link":"https:\/\/www.europesays.com\/no\/52221\/","title":{"rendered":"Frank L\u00f8ke kommer med l\u00f8fte f\u00f8r Br\u00e6khus-avskjedskamp"},"content":{"rendered":"\n<p class=\"_lead_1994c_2 _lead_xtcu6_50 layout-component text-serif-m layout-normal text-serif-l layout-component layout-wide layout-padded _wide_17hqh_1 layout-padded\">Frank L\u00f8ke skal opptre i ringen, men lover \u00e5 holde seg seri\u00f8s under arrangementet som hedrer Cecilia Br\u00e6khus l\u00f8rdag. <\/p>\n<p><img alt=\"DUKKER OPP: Frank L\u00f8ke skal delta p\u00e5 arrangementet i NOVA Spektrum i Lillestr\u00f8m, hvor Cecilia Br\u00e6khus bokser sin siste kamp i karrieren.  Foto: Jonas Been Henriksen \/ NTB\" class=\"_image_qp4xg_65 layout-component layout-wide\" data-fullscreen- data-track-element-type=\"Article image fullscreen\" data-track-name=\"ImageFullscreen\" fetchpriority=\"high\" decoding=\"sync\" loading=\"eager\" height=\"2340\" itemprop=\"image\"  src=\"https:\/\/www.europesays.com\/no\/wp-content\/uploads\/2025\/10\/0f73893b-31aa-455f-92bb-499b9a5208fc\"  style=\"object-position:0% 0%\" width=\"3511\"\/>DUKKER OPP: Frank L\u00f8ke skal delta p\u00e5 arrangementet i NOVA Spektrum i Lillestr\u00f8m, hvor Cecilia Br\u00e6khus bokser sin siste kamp i karrieren.  Foto: Jonas Been Henriksen \/ NTB<\/p>\n<ul aria-hidden=\"true\" class=\"_images_1y6fe_106\">\n<li><a class=\"_link_1y6fe_111\" href=\"https:\/\/www.vg.no\/forfatter\/synne-sofie-christiansen-2\" style=\"z-index:3\" title=\"Synne Sofie Christiansen\" rel=\"nofollow noopener\" target=\"_blank\"><img alt=\"Bilde av Synne Sofie Christiansen\" class=\"_image_1y6fe_88\" fetchpriority=\"low\" loading=\"lazy\" decoding=\"async\" itemprop=\"image\"  src=\"https:\/\/www.europesays.com\/no\/wp-content\/uploads\/2025\/10\/1759556770_749_8d683f6f-f2ba-47ca-8bcc-2db625b33cb1\"  width=\"480\"\/><\/a><\/li>\n<li><a class=\"_link_1y6fe_111\" href=\"https:\/\/www.vg.no\/forfatter\/per-opsahl\" style=\"z-index:2\" title=\"Per Opsahl\" rel=\"nofollow noopener\" target=\"_blank\"><img alt=\"Bilde av Per Opsahl\" class=\"_image_1y6fe_88\" fetchpriority=\"low\" loading=\"lazy\" decoding=\"async\" itemprop=\"image\"  src=\"https:\/\/www.europesays.com\/no\/wp-content\/uploads\/2025\/10\/66d2bf0a-e0a8-491f-ade2-e848104671c4\"  width=\"480\"\/><\/a><\/li>\n<\/ul>\n<p> Oppdatert l\u00f8rdag 4. oktober kl. 05:03    <\/p>\n<ul class=\"_list_1994c_3 _list_64s2r_85 _unordered_1994c_105 text-sans-m\">\n<li class=\"_item_1994c_30\">Frank L\u00f8ke lover seri\u00f8s opptreden n\u00e5r Ole Laache m\u00f8ter Giorgi Khubejashvili f\u00f8r Cecilia Br\u00e6khus\u2019 siste kamp.<\/li>\n<li class=\"_item_1994c_30\">Br\u00e6khus f\u00e5r siste veiing og innmarsj mot verdensmester Ema Kozin (26), som er 17 \u00e5r yngre og vil vinne tilbake beltene.<\/li>\n<\/ul>\n<p>Vis mer <\/p>\n<p class=\"_paragraph_1994c_4 _paragraph_xtcu6_10 layout-component text-serif-m layout-normal text-serif-m layout-padded\">\u2013 Jeg er kongen av Bokse-Norge etter det her. Cecilia er dronningen, s\u00e5 jeg bare gleder meg til \u00e5 ta over for henne, sier proffbokser Ole Laache (25). <\/p>\n<p class=\"_paragraph_1994c_4 _paragraph_xtcu6_10 layout-component text-serif-m layout-normal text-serif-m layout-padded\">Han m\u00f8ter VG sammen med Frank L\u00f8ke, som har blitt en del av teamet. <\/p>\n<p class=\"_paragraph_1994c_4 _paragraph_xtcu6_10 layout-component text-serif-m layout-normal text-serif-m layout-padded\">L\u00f8ke skal gj\u00f8re en opptreden i ringen n\u00e5r Laache m\u00f8ter georgiske Giorgi Khubejashvili i oppvarmingskampene f\u00f8r <a href=\"https:\/\/www.vg.no\/tag\/cecilia-braekhus?utm_source=vg-article&amp;utm_medium=auto-tagger&amp;utm_campaign=ny3R05\" class=\"_link_1994c_39\" rel=\"nofollow noopener\" target=\"_blank\">Cecilia Br\u00e6khus<\/a> g\u00e5r sin siste kamp i karrieren mot slovenske Ema Kozin (26). slovenske Ema Kozin (26). Verdensmester. G\u00e5tt 26 kamper i proffkarrieren og vunnet 24 av dem. <\/p>\n<ul class=\"_list_1994c_3 _list_xtcu6_9 _unordered_1994c_105 layout-component text-serif-m layout-normal text-serif-m layout-padded\">\n<li class=\"_item_1994c_30\"><strong class=\"_strong_1994c_25\">Se den siste boksekampen noensinne med Cecilia Br\u00e6khus p\u00e5 VG med\u00a0<a href=\"https:\/\/tv.vg.no\/video\/335983\/cecilia-braekhus-ema-kozin\" class=\"_link_1994c_39\" rel=\"nofollow noopener\" target=\"_blank\">VG+ Sport l\u00f8rdag kveld!<\/a><\/strong><\/li>\n<\/ul>\n<p class=\"_paragraph_1994c_4 _paragraph_xtcu6_10 layout-component text-serif-m layout-normal text-serif-m layout-padded\">\u2013 Hvordan er det \u00e5 identifisere deg med L\u00f8ke, sp\u00f8r VG Laache. <\/p>\n<p class=\"_paragraph_1994c_4 _paragraph_xtcu6_10 layout-component text-serif-m layout-normal text-serif-m layout-padded\">\u2013 Han er en karakter. Jeg er veldig glad for at vi har funnet tonen og han er en god mann innerst inne, borte fra kameraet. <\/p>\n<p><img decoding=\"async\" alt=\"Bilde av Ole Laache (25)\" class=\"_image_ygndg_42\" height=\"27\" itemprop=\"image\" loading=\"lazy\"  src=\"https:\/\/www.europesays.com\/no\/wp-content\/uploads\/2025\/10\/7d5e297f-c193-49d4-ab74-bb09f046c36c\"  width=\"40\"\/><strong class=\"_name_ygndg_51 title-serif-xs\">Ole Laache (25)<\/strong><\/p>\n<p class=\"_paragraph_1994c_4 text-sans-m _description_ygndg_56\">Tungvektsbokser. G\u00e5tt tre proffkamper i karrieren. <\/p>\n<p class=\"_paragraph_1994c_4 _paragraph_xtcu6_10 layout-component text-serif-m layout-normal text-serif-m layout-padded\">Laache mener L\u00f8ke er en styrke for boksesporten i Norge og at det er veldig g\u00f8y at han er en del av laget. <\/p>\n<p class=\"_paragraph_1994c_4 _paragraph_xtcu6_10 layout-component text-serif-m layout-normal text-serif-m layout-padded\">\u2013 Jeg vil at boksing skal bli en av de beste og viktigste sportene vi har. Jeg f\u00e5r frysninger av \u00e5 tenke p\u00e5 det. Jeg vil ikke ha et skiland, men et bokseland, sier Laache. <\/p>\n<p class=\"_paragraph_1994c_4 _paragraph_xtcu6_10 layout-component text-serif-m layout-normal text-serif-m layout-padded\">\u2013 Men teknisk og taktisk har du ikke s\u00e5 mye \u00e5 l\u00e6re av ham? <\/p>\n<p class=\"_paragraph_1994c_4 _paragraph_xtcu6_10 layout-component text-serif-m layout-normal text-serif-m layout-padded\">\u2013 Det er jo s\u00e5nn at jeg er proffbokser. Han er jo ikke proff enn\u00e5. Kanskje det kommer, men hvem vet. <a href=\"https:\/\/www.vg.no\/sport\/i\/QMQrXJ\/slik-vurderer-kenneth-bergh-frank-loekes-oenskeliste-hadde-spist-ham-opp\" data-track-element-type=\"Link\" data-track-id=\"link:QMQrXJ\" class=\"_link_1994c_39\" rel=\"nofollow noopener\" target=\"_blank\">Han har en d\u00f8dsliste han m\u00e5 gjennom<\/a>. N\u00e5r han er ferdig med alle de, s\u00e5 kanskje vi kan ta en match, sier Laache.<\/p>\n<ul class=\"_list_1994c_3 _list_xtcu6_9 _unordered_1994c_105 layout-component text-serif-m layout-normal text-serif-m layout-padded\">\n<li class=\"_item_1994c_30\"><a href=\"https:\/\/www.vg.no\/sport\/i\/QMQrXJ\/slik-vurderer-kenneth-bergh-frank-loekes-oenskeliste-hadde-spist-ham-opp\" data-track-element-type=\"Link\" data-track-id=\"link:QMQrXJ\" class=\"_link_1994c_39\" rel=\"nofollow noopener\" target=\"_blank\"><strong class=\"_strong_1994c_25\">Les ogs\u00e5: Slik vurderes \u00ab\u00f8nskelisten\u00bb: \u2013\u2060 Hadde spist opp Frank L\u00f8ke<\/strong><\/a><\/li>\n<\/ul>\n<p class=\"_paragraph_1994c_4 _paragraph_xtcu6_10 layout-component text-serif-m layout-normal text-serif-m layout-padded\">L\u00f8ke lover at det ikke blir noe tull denne gangen. <\/p>\n<p class=\"_paragraph_1994c_4 _paragraph_xtcu6_10 layout-component text-serif-m layout-normal text-serif-m layout-padded\">\u2013 Det blir ikke noe r\u00f8r. N\u00e5r Ole vinner, skal jeg selvf\u00f8lgelig ut i ringen og feire med ham. Da er det lov \u00e5 showe litt og da regner jeg med at ogs\u00e5 Ole byr litt p\u00e5 seg selv, sier L\u00f8ke til VG. <\/p>\n<p class=\"_paragraph_1994c_4 _paragraph_xtcu6_10 layout-component text-serif-m layout-normal text-serif-m layout-padded\">\u2013 Det norske folk trenger ikke \u00e5 forberede seg p\u00e5 en L\u00f8ke som Borat?<\/p>\n<p class=\"_paragraph_1994c_4 _paragraph_xtcu6_10 layout-component text-serif-m layout-normal text-serif-m layout-padded\">\u2013 Absolutt ikke. Ikke noe s\u00e5nt tull. Jeg er med som seri\u00f8s. Jeg skal hjelpe ham ordentlig. <\/p>\n<p class=\"_paragraph_1994c_4 _paragraph_xtcu6_10 layout-component text-serif-m layout-normal text-serif-m layout-padded\">\u2013 Har du blitt voksen? <\/p>\n<p class=\"_paragraph_1994c_4 _paragraph_xtcu6_10 layout-component text-serif-m layout-normal text-serif-m layout-padded\">\u2013 Jeg veit n\u00e5r jeg skal oppf\u00f8re meg. N\u00e5 er det seri\u00f8sitet som er viktig for meg. \u00c5 f\u00e5 litt s\u00e5nne sjanser med ekte boksere. Jeg skal selvf\u00f8lgelig spre med englest\u00f8v, men det er alt. Jeg skal ikke gj\u00f8re noe upassende, sier L\u00f8ke. <\/p>\n<p class=\"_paragraph_1994c_4 _paragraph_xtcu6_10 layout-component text-serif-m layout-normal text-serif-m layout-padded\">Slik gikk det i showkampen mellom L\u00f8ke og Ole Klemetsen:<\/p>\n<p class=\"_paragraph_1994c_4 _paragraph_xtcu6_10 layout-component text-serif-m layout-normal text-serif-m layout-padded\">Br\u00e6khus m\u00f8ter verdensmester Kozin, som er 17 \u00e5r yngre enn henne, i sin siste kamp. Selv om Kozin er verdensmester, var det Br\u00e6khus som gjorde innveiingen som siste ut fredag, og det er ogs\u00e5 Br\u00e6khus som vil g\u00e5 sist ut i innmarsjen. <\/p>\n<p class=\"_paragraph_1994c_4 _paragraph_xtcu6_10 layout-component text-serif-m layout-normal text-serif-m layout-padded\">\u2013 Jeg tror alle synes jeg fortjener en god og verdig avskjed, s\u00e5 det er det ingen som vil krangle p\u00e5. Det er mitt farvel til Bokse-Norge, til Norge og det internasjonale boksepublikummet, sier Br\u00e6khus til VG. <\/p>\n<p class=\"_paragraph_1994c_4 _paragraph_xtcu6_10 layout-component text-serif-m layout-normal text-serif-m layout-padded\"> Hadde det ikke v\u00e6rt for at det var hennes siste kamp, ville ikke Kozin latt det skje. <\/p>\n<p class=\"_paragraph_1994c_4 _paragraph_xtcu6_10 layout-component text-serif-m layout-normal text-serif-m layout-padded\">\u2013 Og om hun ikke var en slik legende. Men jeg er ikke en problematisk person. Det viktigste er at jeg vinner og f\u00e5r tilbake beltene mine. Det er alt, sier Kozin.<\/p>\n","protected":false},"excerpt":{"rendered":"Frank L\u00f8ke skal opptre i ringen, men lover \u00e5 holde seg seri\u00f8s under arrangementet som hedrer Cecilia Br\u00e6khus&hellip;\n","protected":false},"author":2,"featured_media":52222,"comment_status":"","ping_status":"","sticky":false,"template":"","format":"standard","meta":{"footnotes":""},"categories":[5],"tags":[20,21,1610,24,25,1561,15,19,22,23,17,18,13,30,28,29,14,16,26,27],"class_list":{"0":"post-52221","1":"post","2":"type-post","3":"status-publish","4":"format-standard","5":"has-post-thumbnail","7":"category-overskrifter","8":"tag-breaking-news","9":"tag-breakingnews","10":"tag-cecilia-braekhus","11":"tag-featured-news","12":"tag-featurednews","13":"tag-frank-loke","14":"tag-headlines","15":"tag-hovedoppslag","16":"tag-latest-news","17":"tag-latestnews","18":"tag-main-news","19":"tag-mainnews","20":"tag-news","21":"tag-no","22":"tag-norge","23":"tag-norway","24":"tag-nyheter","25":"tag-overskrifter","26":"tag-top-stories","27":"tag-topstories"},"share_on_mastodon":{"url":"","error":""},"_links":{"self":[{"href":"https:\/\/www.europesays.com\/no\/wp-json\/wp\/v2\/posts\/52221","targetHints":{"allow":["GET"]}}],"collection":[{"href":"https:\/\/www.europesays.com\/no\/wp-json\/wp\/v2\/posts"}],"about":[{"href":"https:\/\/www.europesays.com\/no\/wp-json\/wp\/v2\/types\/post"}],"author":[{"embeddable":true,"href":"https:\/\/www.europesays.com\/no\/wp-json\/wp\/v2\/users\/2"}],"replies":[{"embeddable":true,"href":"https:\/\/www.europesays.com\/no\/wp-json\/wp\/v2\/comments?post=52221"}],"version-history":[{"count":0,"href":"https:\/\/www.europesays.com\/no\/wp-json\/wp\/v2\/posts\/52221\/revisions"}],"wp:featuredmedia":[{"embeddable":true,"href":"https:\/\/www.europesays.com\/no\/wp-json\/wp\/v2\/media\/52222"}],"wp:attachment":[{"href":"https:\/\/www.europesays.com\/no\/wp-json\/wp\/v2\/media?parent=52221"}],"wp:term":[{"taxonomy":"category","embeddable":true,"href":"https:\/\/www.europesays.com\/no\/wp-json\/wp\/v2\/categories?post=52221"},{"taxonomy":"post_tag","embeddable":true,"href":"https:\/\/www.europesays.com\/no\/wp-json\/wp\/v2\/tags?post=52221"}],"curies":[{"name":"wp","href":"https:\/\/api.w.org\/{rel}","templated":true}]}}