{"id":52314,"date":"2025-10-04T07:52:18","date_gmt":"2025-10-04T07:52:18","guid":{"rendered":"https:\/\/www.europesays.com\/no\/52314\/"},"modified":"2025-10-04T07:52:18","modified_gmt":"2025-10-04T07:52:18","slug":"offer-antatt-skutt-av-politiet","status":"publish","type":"post","link":"https:\/\/www.europesays.com\/no\/52314\/","title":{"rendered":"Offer antatt skutt av politiet"},"content":{"rendered":"<p class=\"kicker \" style=\"\">Ekstremv\u00e6ret \u00abAmy\u00bb:<\/p>\n<p>  Stormen \u00abAmy\u00bb har n\u00e5dd\u00a0drammensdistriktet med full styrke l\u00f8rdag. Politier har flere klare beskjeder.<\/p>\n<p>\n    OPPRYDNING: \u00abAmy\u00bb herjer i store deler av landet, og river med seg uttallige tr\u00e6r p\u00e5 veien &#8211; som her i Kirkeveien ved F\u00e6rder kommunehus p\u00e5 N\u00f8tter\u00f8y. Foto. Lars Eivind Bones \/ Dagbladet\n  <\/p>\n<p> Ekstremv\u00e6ret \u00abAmy\u00bb har rast gjennom store deler av landet natt til l\u00f8rdag og etterlatt seg veltede tr\u00e6r, skader, str\u00f8mbrudd og stengte veier.<\/p>\n<p class=\"font-weight-bold m-font-weight-bold\" data-lab-font_weight=\"font-weight-bold\">I morgentimene l\u00f8rdag fester stormen for alvor grepet om drammensdistriktet, der politiet har flere klare oppfordringer:<\/p>\n<p>    <a itemprop=\"url\" href=\"https:\/\/www.dagbladet.no\/nyheter\/farevarsler-oppjustert\/83679365\" rel=\"nofollow noopener\" target=\"_blank\"><\/p>\n<p>      <img loading=\"lazy\" decoding=\"async\" src=\"https:\/\/www.europesays.com\/no\/wp-content\/uploads\/2025\/10\/83679376.webp\" width=\"980\" height=\"441\" title=\"Farevarsler oppjustert\" alt=\"\" class=\"lazyload\" style=\"--aspect-ratio-image: 2.22; \"\/><\/p>\n<p>        Farevarsler oppjustert <\/p>\n<p>    <\/a><\/p>\n<p>&#8211;\u00a0 Jeg tenker at man b\u00f8r holde seg innend\u00f8rs slik som v\u00e6ret er n\u00e5 i deler av v\u00e5rt distrikt. Det er mye vind, sterke vindkast, og ekstremt mye regn. Akkurat n\u00e5 er det nok verst langs hele Vestfold- og Telemarkskysten, sier operasjonsleder i S\u00f8r-\u00d8st politidistrikt, \u00d8ystein Eikedalen, til Dagbladet rundt klokka 08.30.<\/p>\n<p>&#8211; Toppen av isberget<\/p>\n<p>Han oppsummerer natta som hektisk, med flest henvendelser vedr\u00f8rende veltede tr\u00e6r.\u00a0<\/p>\n<p>&#8211; I natt har det v\u00e6rt mye av det samme. Heldigvis lite alvorlige saker, men veldig mange meldinger om nedbl\u00e5ste tr\u00e6r. Jeg vil tro vi snakker om minst 50 tilfeller, og det er nok bare toppen av isfjellet. <\/p>\n<p>          <img loading=\"lazy\" decoding=\"async\" src=\"https:\/\/www.europesays.com\/no\/wp-content\/uploads\/2025\/10\/83679498.webp\" width=\"980\" height=\"559\" title=\"TREVELT: Det bl\u00e5ser kraftig i Kirkeveien p\u00e5 N\u00f8tter\u00f8y. Foto: Lars Eivind Bones \/ Dagbladet\" alt=\"\" class=\"\" style=\"--aspect-ratio-image: 1.75; \"\/><\/p>\n<p>\n          TREVELT: Det bl\u00e5ser kraftig i Kirkeveien p\u00e5 N\u00f8tter\u00f8y. Foto: Lars Eivind Bones \/ Dagbladet\n      <\/p>\n<p>Eikedalen ber imidlertid innbyggerne om \u00e5 ikke ringe politiet ved slike tilfeller.\u00a0<\/p>\n<p>&#8211; Mange av meldingene om veltede tr\u00e6r skal til Veitrafikksentralen p\u00e5 telefonnummer 175. Er trevelten relatert til en farlig situasjon, skal du ringe politiet. Vi forst\u00e5r at kan v\u00e6re ubehagelig at man ikke kommer fram, men da er det bedre \u00e5 ringe 175. <\/p>\n<p>    <a itemprop=\"url\" href=\"https:\/\/www.dagbladet.no\/nyheter\/rundt-100-000-uten-strom\/83679313\" rel=\"nofollow noopener\" target=\"_blank\"><\/p>\n<p>      <img loading=\"lazy\" decoding=\"async\" src=\"https:\/\/www.europesays.com\/no\/wp-content\/uploads\/2025\/10\/83679509.webp\" width=\"980\" height=\"441\" title=\"Rundt 100 000 uten str\u00f8m\" alt=\"\" class=\"lazyload\" style=\"--aspect-ratio-image: 2.22; \"\/><\/p>\n<p>        Rundt 100 000 uten str\u00f8m<\/p>\n<p>    <\/a><\/p>\n<p>Klar beskjed  <\/p>\n<p class=\"italic m-italic\" data-lab-italic=\"italic\">&#8211; Hvilken oppfordring har dere til folk som likevel tenker seg ut de neste timene?<\/p>\n<p>&#8211;\u00a0 Skal du absolutt ut, m\u00e5 du beregne god tid. Det er ikke trygt.\u00a0Jeg skj\u00f8nner ogs\u00e5 at noen \u00f8nsker \u00e5 opps\u00f8ke de mest utsatte stedene for \u00e5 se p\u00e5 uv\u00e6ret, men det er potensielt ikke bare farlig for dem selv, det kan ogs\u00e5 v\u00e6re farlig for n\u00f8detatene som eventuelt m\u00e5 ut i redningoppdrag. <\/p>\n<p>    <a itemprop=\"url\" href=\"https:\/\/www.dagbladet.no\/nyheter\/hold-deg-hjemme\/83668306\" rel=\"nofollow noopener\" target=\"_blank\"><\/p>\n<p>      <img loading=\"lazy\" decoding=\"async\" src=\"https:\/\/www.europesays.com\/no\/wp-content\/uploads\/2025\/10\/1759564338_864_83679185.webp\" width=\"980\" height=\"441\" title=\"- Hold deg hjemme!\" alt=\"\" class=\"lazyload\" style=\"--aspect-ratio-image: 2.22; \"\/><\/p>\n<p>        &#8211; Hold deg hjemme!<\/p>\n<p>    <\/a><\/p>\n<p>Eikedal forklarer at politiet i morgentimene har f\u00e5tt meldinger om en motorsyklist som har kj\u00f8rt inn i et tre ved H\u00f8nefoss.\u00a0F\u00f8reren skal ha kommet fra hendelsen uten store skader. <\/p>\n<p>&#8211; S\u00e5 har et tak p\u00e5 en enebolig i Porsgrunn delvis bl\u00e5st av. Vi er p\u00e5 vei for \u00e5 se om det er noe vi kan gj\u00f8re, eventuelt om vi skal sperre av omr\u00e5det. Vi h\u00e5per at dette vil passere i l\u00f8pet av formiddagen, og at vi gradvis komme tilbake til en mer normal situasjon.<\/p>\n","protected":false},"excerpt":{"rendered":"Ekstremv\u00e6ret \u00abAmy\u00bb: Stormen \u00abAmy\u00bb har n\u00e5dd\u00a0drammensdistriktet med full styrke l\u00f8rdag. Politier har flere klare beskjeder. OPPRYDNING: \u00abAmy\u00bb herjer&hellip;\n","protected":false},"author":2,"featured_media":52315,"comment_status":"","ping_status":"","sticky":false,"template":"","format":"standard","meta":{"footnotes":""},"categories":[5],"tags":[20,21,24,25,15,19,22,23,17,18,7832,13,30,28,29,14,16,3686,26,27,412],"class_list":{"0":"post-52314","1":"post","2":"type-post","3":"status-publish","4":"format-standard","5":"has-post-thumbnail","7":"category-overskrifter","8":"tag-breaking-news","9":"tag-breakingnews","10":"tag-featured-news","11":"tag-featurednews","12":"tag-headlines","13":"tag-hovedoppslag","14":"tag-latest-news","15":"tag-latestnews","16":"tag-main-news","17":"tag-mainnews","18":"tag-manchester","19":"tag-news","20":"tag-no","21":"tag-norge","22":"tag-norway","23":"tag-nyheter","24":"tag-overskrifter","25":"tag-terror","26":"tag-top-stories","27":"tag-topstories","28":"tag-utenriks"},"share_on_mastodon":{"url":"","error":""},"_links":{"self":[{"href":"https:\/\/www.europesays.com\/no\/wp-json\/wp\/v2\/posts\/52314","targetHints":{"allow":["GET"]}}],"collection":[{"href":"https:\/\/www.europesays.com\/no\/wp-json\/wp\/v2\/posts"}],"about":[{"href":"https:\/\/www.europesays.com\/no\/wp-json\/wp\/v2\/types\/post"}],"author":[{"embeddable":true,"href":"https:\/\/www.europesays.com\/no\/wp-json\/wp\/v2\/users\/2"}],"replies":[{"embeddable":true,"href":"https:\/\/www.europesays.com\/no\/wp-json\/wp\/v2\/comments?post=52314"}],"version-history":[{"count":0,"href":"https:\/\/www.europesays.com\/no\/wp-json\/wp\/v2\/posts\/52314\/revisions"}],"wp:featuredmedia":[{"embeddable":true,"href":"https:\/\/www.europesays.com\/no\/wp-json\/wp\/v2\/media\/52315"}],"wp:attachment":[{"href":"https:\/\/www.europesays.com\/no\/wp-json\/wp\/v2\/media?parent=52314"}],"wp:term":[{"taxonomy":"category","embeddable":true,"href":"https:\/\/www.europesays.com\/no\/wp-json\/wp\/v2\/categories?post=52314"},{"taxonomy":"post_tag","embeddable":true,"href":"https:\/\/www.europesays.com\/no\/wp-json\/wp\/v2\/tags?post=52314"}],"curies":[{"name":"wp","href":"https:\/\/api.w.org\/{rel}","templated":true}]}}