{"id":52321,"date":"2025-10-04T08:01:32","date_gmt":"2025-10-04T08:01:32","guid":{"rendered":"https:\/\/www.europesays.com\/no\/52321\/"},"modified":"2025-10-04T08:01:32","modified_gmt":"2025-10-04T08:01:32","slug":"dette-kan-du-finne-pa-i-helga-2","status":"publish","type":"post","link":"https:\/\/www.europesays.com\/no\/52321\/","title":{"rendered":"Dette kan du finne p\u00e5 i helga"},"content":{"rendered":"<p>Uka-festivalen<\/p>\n<p><strong>N\u00e5r:<\/strong> Fredag til s\u00f8ndag<\/p>\n<p><strong>Hvor:<\/strong> Studentersamfundet og D\u00f8dens Dal<\/p>\n<p>Uka-festivalen startet natt til onsdag og det er flere arrangementer som g\u00e5r av stabelen i helga.<\/p>\n<p>Fredag holdes blant annet Ukerevyens premiere og en konsert med Cezinando og Jon Ranes i D\u00f8dens Dal.<\/p>\n<p>L\u00f8rdag arrangeres blant annet flammebl\u00e5singskurs, selvforsvarskurs og forestillingen av musikalen \u00abThe Trail To Oregon\u00bb. I tillegg samles studenter for \u00e5 g\u00e5 i Uketoget klokken 11.00.<\/p>\n<p>S\u00f8ndag er det nattforestilling av stykket \u00abTrikken\u00bb og utesending med Ukesenderen.<\/p>\n<p>Les mer p\u00e5 <a href=\"https:\/\/www.uka.no\/program\/\" rel=\"noopener nofollow\" target=\"_blank\">Ukas hjemmeside<\/a>:<\/p>\n<p><img decoding=\"async\" src=\"data:image\/gif;base64,R0lGODlhEAAJAIAAAP\/\/\/wAAACH5BAEAAAAALAAAAAAQAAkAAAIKhI+py+0Po5yUFQA7\" alt=\"\"\/> <\/p>\n<p>  <strong>Foto:<\/strong> Rune Petter Ness \/ Adresseavisen<a href=\"https:\/\/trdby.adressa.no\/kultur\/i\/QMGwzx\/uka-slipper-sitt-fulle-program\" rel=\"nofollow noopener\" target=\"_blank\"> <img decoding=\"async\" src=\"data:image\/gif;base64,R0lGODlhEAAJAIAAAP\/\/\/wAAACH5BAEAAAAALAAAAAAQAAkAAAIKhI+py+0Po5yUFQA7\" alt=\"\"\/>   N\u00e5 starter Uka &#8211; dette skjer den neste m\u00e5neden  <\/a> Oktoberfest<\/p>\n<p><strong>N\u00e5r:<\/strong> Fredag og l\u00f8rdag<\/p>\n<p><strong>Hvor:<\/strong> Heidi&#8217;s Bier Bar og Lager11<\/p>\n<p>P\u00e5 <a href=\"https:\/\/www.facebook.com\/events\/1159651372758563\/?acontext=%7B%22event_action_history%22%3A[%7B%22mechanism%22%3A%22discovery_custom_tab%22%2C%22surface%22%3A%22bookmark%22%7D]%2C%22ref_notif_type%22%3Anull%7D\" rel=\"noopener nofollow\" target=\"_blank\">Heidi&#8217;s Bier Bar<\/a> arrangeres Oktoberfest b\u00e5de fredag og l\u00f8rdag klokken 20.00. Det inviteres til \u00e5 ha p\u00e5 seg lederhosen og dirndl, og loves det konkurranser og live musikk.<\/p>\n<p>P\u00e5 <a href=\"https:\/\/trdevents.no\/event\/trondheim-oktoberfest-2025-1Pv81\" rel=\"noopener nofollow\" target=\"_blank\">Lager11<\/a> arrangeres det ogs\u00e5 Oktoberfest fredag og l\u00f8rdag. Her kommer det trubadur, konkurranser, DJ og en opptreden fra \u00c6lges\u00e6ter Tranp &amp; Tr\u00f8kk.<\/p>\n<p><img decoding=\"async\" src=\"data:image\/gif;base64,R0lGODlhEAAJAIAAAP\/\/\/wAAACH5BAEAAAAALAAAAAAQAAkAAAIKhI+py+0Po5yUFQA7\" alt=\"\"\/> <\/p>\n<p>  <strong>Foto:<\/strong> Kim Nyg\u00e5rd \/ Kim Nyg\u00e5rd<a href=\"https:\/\/trdby.adressa.no\/aktuelt\/i\/LMJJ9J\/folk-har-jo-stilt-opp-i-treningstoey-og-her-kommer-jeg\" rel=\"nofollow noopener\" target=\"_blank\"> <img decoding=\"async\" src=\"data:image\/gif;base64,R0lGODlhEAAJAIAAAP\/\/\/wAAACH5BAEAAAAALAAAAAAQAAkAAAIKhI+py+0Po5yUFQA7\" alt=\"\"\/>   \u2013 Folk har jo stilt opp i treningst\u00f8y, og her kommer jeg  <\/a> Konserter<\/p>\n<p><strong>N\u00e5r:<\/strong> Fredag<\/p>\n<p><strong>Hvor:<\/strong> Trondheim Torg<\/p>\n<p>Denne helgen spilles det flere konserter p\u00e5 mange av byens forskjellige scener. Dette er blant de som kan nytes de kommende dagene:<\/p>\n<ul class=\"List\">\n<li>\n<p>Klokken 20.00 l\u00f8rdag spiller <a href=\"https:\/\/www.facebook.com\/events\/809444538285317\/?acontext=%7B%22event_action_history%22%3A[%7B%22mechanism%22%3A%22discovery_custom_tab%22%2C%22surface%22%3A%22bookmark%22%7D]%2C%22ref_notif_type%22%3Anull%7D\" rel=\"noopener nofollow\" target=\"_blank\">Dune Sea<\/a> releasekonsert p\u00e5 Fru Lundgren. Gruppen spiller en blanding av psykedelia og improvisasjon med inspirasjon fra jazzrock.<\/p>\n<\/li>\n<li>\n<p>Coverband av The Eagles, <a href=\"https:\/\/www.facebook.com\/events\/1587580142628838\/?acontext=%7B%22event_action_history%22%3A[%7B%22mechanism%22%3A%22discovery_custom_tab%22%2C%22surface%22%3A%22bookmark%22%7D]%2C%22ref_notif_type%22%3Anull%7D\" rel=\"noopener nofollow\" target=\"_blank\">Tequila Sunrise<\/a> spiller p\u00e5 Cafe3b fredag klokken 20.30.<\/p>\n<\/li>\n<li>\n<p>P\u00e5 Antikvariatet spiller folkejazz-bandet <a href=\"https:\/\/www.facebook.com\/events\/754420577465213\/?acontext=%7B%22event_action_history%22%3A[%7B%22mechanism%22%3A%22discovery_custom_tab%22%2C%22surface%22%3A%22bookmark%22%7D]%2C%22ref_notif_type%22%3Anull%7D\" rel=\"noopener nofollow\" target=\"_blank\">Rigla<\/a> klokken 20.00 l\u00f8rdag. Fredag til samme tid spiller <a href=\"https:\/\/www.facebook.com\/events\/1860982601307270\/?acontext=%7B%22event_action_history%22%3A[%7B%22mechanism%22%3A%22discovery_custom_tab%22%2C%22surface%22%3A%22bookmark%22%7D]%2C%22ref_notif_type%22%3Anull%7D\" rel=\"noopener nofollow\" target=\"_blank\">Thom Hell<\/a>.<\/p>\n<\/li>\n<li>\n<p>I forbindelse med Uka-festivalen spiller rappere <a href=\"https:\/\/www.facebook.com\/events\/473802422391498\/?acontext=%7B%22event_action_history%22%3A[%7B%22mechanism%22%3A%22discovery_custom_tab%22%2C%22surface%22%3A%22bookmark%22%7D]%2C%22ref_notif_type%22%3Anull%7D\" rel=\"noopener nofollow\" target=\"_blank\">Cezinando og Jon Ranes<\/a> i D\u00f8dens Dal fredag klokken 18.00. De har med seg Han gaiden som support.<\/p>\n<\/li>\n<li>\n<p>P\u00e5 Ila Brannstasjon spiller rockebandet <a href=\"https:\/\/www.facebook.com\/events\/1089164892887327\/?acontext=%7B%22event_action_history%22%3A[%7B%22mechanism%22%3A%22discovery_custom_tab%22%2C%22surface%22%3A%22bookmark%22%7D]%2C%22ref_notif_type%22%3Anull%7D\" rel=\"noopener nofollow\" target=\"_blank\">Redd &amp; Naken<\/a>. Konserten starter klokken 20.00 fredag.<\/p>\n<\/li>\n<li>\n<p>I Olavshallen spiller <a href=\"https:\/\/www.facebook.com\/events\/9889152597828405\/?acontext=%7B%22event_action_history%22%3A[%7B%22mechanism%22%3A%22discovery_custom_tab%22%2C%22surface%22%3A%22bookmark%22%7D]%2C%22ref_notif_type%22%3Anull%7D\" rel=\"noopener nofollow\" target=\"_blank\">Get Rhythm<\/a> det beste fra countrylegenden Johnny Cash klokken 19.00 l\u00f8rdag.<\/p>\n<\/li>\n<li>\n<p>P\u00e5 Havet spiller hiphopgruppene <a href=\"https:\/\/www.facebook.com\/events\/2259618137807709\/?acontext=%7B%22event_action_history%22%3A[%7B%22mechanism%22%3A%22discovery_custom_tab%22%2C%22surface%22%3A%22bookmark%22%7D]%2C%22ref_notif_type%22%3Anull%7D\" rel=\"noopener nofollow\" target=\"_blank\">S\u00f8rsia Gerilja og Fremmed Rase<\/a> konsert l\u00f8rdag klokken 20.00.<\/p>\n<\/li>\n<li>\n<p><a href=\"https:\/\/www.facebook.com\/events\/647430005015584\/?acontext=%7B%22event_action_history%22%3A[%7B%22mechanism%22%3A%22discovery_custom_tab%22%2C%22surface%22%3A%22bookmark%22%7D]%2C%22ref_notif_type%22%3Anull%7D\" rel=\"noopener nofollow\" target=\"_blank\">Chris Erichsen<\/a>, kjent fra bandet The Aller V\u00e6rste, spiller konsert p\u00e5 Habitat l\u00f8rdag klokken 20.00.<\/p>\n<\/li>\n<li>\n<p>Metalbandet <a href=\"https:\/\/www.facebook.com\/events\/1188251923004703\/?acontext=%7B%22event_action_history%22%3A[%7B%22mechanism%22%3A%22discovery_custom_tab%22%2C%22surface%22%3A%22bookmark%22%7D]%2C%22ref_notif_type%22%3Anull%7D\" rel=\"noopener nofollow\" target=\"_blank\">Cadaver<\/a> spiller p\u00e5 Verkstedhallen klokken 20.00 fredag. Support er Ghetto Ghouls.<\/p>\n<\/li>\n<li>\n<p>P\u00e5 Rays Bar spiller <a href=\"https:\/\/www.facebook.com\/events\/765250412841043\/?acontext=%7B%22event_action_history%22%3A[%7B%22mechanism%22%3A%22discovery_custom_tab%22%2C%22surface%22%3A%22bookmark%22%7D]%2C%22ref_notif_type%22%3Anull%7D\" rel=\"noopener nofollow\" target=\"_blank\">Torvald T\u00e5ke Band<\/a> konsert l\u00f8rdag. Rockebandet g\u00e5r p\u00e5 scenen 22.00.<\/p>\n<\/li>\n<\/ul>\n<p><a href=\"https:\/\/trdby.adressa.no\/aktuelt\/i\/rPk1ye\/bad-bunny-staar-for-pauseinnslaget-i-super-bowl\" rel=\"nofollow noopener\" target=\"_blank\"> <img decoding=\"async\" src=\"data:image\/gif;base64,R0lGODlhEAAJAIAAAP\/\/\/wAAACH5BAEAAAAALAAAAAAQAAkAAAIKhI+py+0Po5yUFQA7\" alt=\"\"\/>   Bad Bunny st\u00e5r for pauseinnslaget i Super Bowl  <\/a> Pop Quiz<\/p>\n<p><strong>N\u00e5r:<\/strong> Fredag<\/p>\n<p><strong>Hvor:<\/strong> Havet, Djupet<\/p>\n<p>Fredag kveld holder Finn Bjelke Pop Quiz. Tema for kvelden er \u00abThe Deep South\u00bb og vil handle om alt fra mat til musikk. Kvelden avsluttes med et DJ-set i Heim.<\/p>\n<p>Les mer p\u00e5 <a href=\"https:\/\/www.facebook.com\/events\/1315499590362167\/?acontext=%7B%22event_action_history%22%3A[%7B%22mechanism%22%3A%22discovery_custom_tab%22%2C%22surface%22%3A%22bookmark%22%7D]%2C%22ref_notif_type%22%3Anull%7D\" rel=\"noopener nofollow\" target=\"_blank\">Facebook-arrangementet<\/a>:<\/p>\n<p><img decoding=\"async\" src=\"data:image\/gif;base64,R0lGODlhEAAJAIAAAP\/\/\/wAAACH5BAEAAAAALAAAAAAQAAkAAAIKhI+py+0Po5yUFQA7\" alt=\"\"\/> <\/p>\n<p>  <strong>Foto:<\/strong> H\u00e5vard Haugseth Jensen<a href=\"https:\/\/trdby.adressa.no\/kultur\/i\/LMJO14\/kyle-med-foerste-nye-laat-etter-eurovision-jeg-har-hatt-en-travel-sommer\" rel=\"nofollow noopener\" target=\"_blank\"> <img decoding=\"async\" src=\"data:image\/gif;base64,R0lGODlhEAAJAIAAAP\/\/\/wAAACH5BAEAAAAALAAAAAAQAAkAAAIKhI+py+0Po5yUFQA7\" alt=\"\"\/>   Kyle med f\u00f8rste nye l\u00e5t etter Eurovision: \u2013 Jeg har hatt en travel sommer  <\/a> Fotballkamp<\/p>\n<p><strong>N\u00e5r:<\/strong> S\u00f8ndag<\/p>\n<p><strong>Hvor:<\/strong> Lerkendal stadion<\/p>\n<p>S\u00f8ndag spiller Rosenborg herrer mot Sarpsborg 08 p\u00e5 Lerkendal klokken 19.15. Dette er den 24. runden i Eliteserien. Rosenborg ligger for \u00f8yeblikket p\u00e5 femteplass p\u00e5 tabellen med 34 poeng.<\/p>\n<p>Les mer p\u00e5 <a href=\"https:\/\/www.facebook.com\/events\/3881380412152554\" rel=\"noopener nofollow\" target=\"_blank\">Facebook-arrangementet<\/a>:<\/p>\n<p><img decoding=\"async\" src=\"data:image\/gif;base64,R0lGODlhEAAJAIAAAP\/\/\/wAAACH5BAEAAAAALAAAAAAQAAkAAAIKhI+py+0Po5yUFQA7\" alt=\"\"\/><br \/>\n  Rosenborg BK &#8211; Bod\u00f8\/Glimt, 21.09.2025. Innbytter Ole Seln\u00e6s.<br \/>\n  <strong>Foto:<\/strong> Christine Schefte <a href=\"https:\/\/trdby.adressa.no\/aktuelt\/i\/0VPVyG\/jannice-jobber-i-sexbutikk-enkelte-kommer-veldig-i-skjul\" rel=\"nofollow noopener\" target=\"_blank\"> <img decoding=\"async\" src=\"data:image\/gif;base64,R0lGODlhEAAJAIAAAP\/\/\/wAAACH5BAEAAAAALAAAAAAQAAkAAAIKhI+py+0Po5yUFQA7\" alt=\"\"\/>   Jannice jobber i sexbutikk: \u2013 Enkelte kommer veldig i skjul  <\/a> Bordtennisturnering<\/p>\n<p><strong>N\u00e5r:<\/strong> L\u00f8rdag og s\u00f8ndag<\/p>\n<p><strong>Hvor:<\/strong> Leangen Bydelshall<\/p>\n<p>L\u00f8rdag m\u00f8tes bordtennisspillere fra hele Midt-Norge til b\u00e5de single, double og lagkamper. Turneringen starter klokken 8.00 og varer til klokken 16.00 s\u00f8ndag.<\/p>\n<p>Les mer p\u00e5 <a href=\"https:\/\/www.facebook.com\/events\/668864429520692\/?acontext=%7B%22event_action_history%22%3A[%7B%22mechanism%22%3A%22discovery_custom_tab%22%2C%22surface%22%3A%22bookmark%22%7D]%2C%22ref_notif_type%22%3Anull%7D\" rel=\"noopener nofollow\" target=\"_blank\">Facebook-arrangementet<\/a>:<\/p>\n<p><img decoding=\"async\" src=\"data:image\/gif;base64,R0lGODlhEAAJAIAAAP\/\/\/wAAACH5BAEAAAAALAAAAAAQAAkAAAIKhI+py+0Po5yUFQA7\" alt=\"\"\/> <\/p>\n<p>  <strong>Foto:<\/strong> Christine Schefte<a href=\"https:\/\/trdby.adressa.no\/aktuelt\/i\/73bvRw\/naa-skal-minner-koste-penger\" rel=\"nofollow noopener\" target=\"_blank\"> <img decoding=\"async\" src=\"data:image\/gif;base64,R0lGODlhEAAJAIAAAP\/\/\/wAAACH5BAEAAAAALAAAAAAQAAkAAAIKhI+py+0Po5yUFQA7\" alt=\"\"\/>   N\u00e5 skal \u00abMinner\u00bb koste penger  <\/a> Gjenbruksmarked<\/p>\n<p><strong>N\u00e5r:<\/strong> S\u00f8ndag<\/p>\n<p><strong>Hvor:<\/strong> Human-Etisk Forbund Trondheim<\/p>\n<p>Human-Etisk Forbund Trondheim inviterer til gjenbruksmarked i deres lokaler i Olav Trygvasons gate s\u00f8ndag klokken 10.00. Det vil selges kl\u00e6r til voksne og barn, vesker, smykker og sm\u00e5ting.<\/p>\n<p>Les mer p\u00e5 <a href=\"https:\/\/www.facebook.com\/events\/780493711331610\/?acontext=%7B%22event_action_history%22%3A[%7B%22mechanism%22%3A%22discovery_custom_tab%22%2C%22surface%22%3A%22bookmark%22%7D]%2C%22ref_notif_type%22%3Anull%7D\" rel=\"noopener nofollow\" target=\"_blank\">Facebook-arrangementet<\/a>:<\/p>\n<p><a href=\"https:\/\/trdby.adressa.no\/aktuelt\/i\/dR6AoO\/advarer-mot-svindel-med-karpe-billetter\" rel=\"nofollow noopener\" target=\"_blank\"> <img decoding=\"async\" src=\"data:image\/gif;base64,R0lGODlhEAAJAIAAAP\/\/\/wAAACH5BAEAAAAALAAAAAAQAAkAAAIKhI+py+0Po5yUFQA7\" alt=\"\"\/>   Advarer mot svindel med Karpe-billetter  <\/a> Kinopremierer og Taylor Swift-fest<\/p>\n<p><strong>N\u00e5r:<\/strong> Fredag<\/p>\n<p><strong>Hvor:<\/strong> Trondheim Kino<\/p>\n<p>Fredag, l\u00f8rdag og s\u00f8ndag vises \u00abTaylor Swift: The Official Release Party of a Showgirl\u00bb p\u00e5 Nova, for \u00e5 feire lanseringen av hennes nyeste album.<\/p>\n<p>Det er ogs\u00e5 flere filmer som har premiere p\u00e5 Trondheim kino fredag. \u00abA Big Bold Beautiful Journey\u00bb, \u00abDemring\u00bb og \u00abHans Nilsen Hauge &#8211; Mannen Som Endret Norge\u00bb  vises for f\u00f8rste gang fredag.<\/p>\n<p>Les mer p\u00e5 Trondheim kinos <a href=\"https:\/\/www.trondheimkino.no\/actual-content?tab=upcomingmovies\" rel=\"noopener nofollow\" target=\"_blank\">hjemmeside<\/a>:<\/p>\n<p><img decoding=\"async\" src=\"data:image\/gif;base64,R0lGODlhEAAJAIAAAP\/\/\/wAAACH5BAEAAAAALAAAAAAQAAkAAAIKhI+py+0Po5yUFQA7\" alt=\"\"\/> <\/p>\n<p>  <strong>Foto:<\/strong> Preben Br\u00e6kstad \/ Adresseavisen<a href=\"https:\/\/trdby.adressa.no\/kultur\/i\/jQoRzn\/millionrekord-for-taylor-swift-allerede-foer-platen-er-ute\" rel=\"nofollow noopener\" target=\"_blank\"> <img decoding=\"async\" src=\"data:image\/gif;base64,R0lGODlhEAAJAIAAAP\/\/\/wAAACH5BAEAAAAALAAAAAAQAAkAAAIKhI+py+0Po5yUFQA7\" alt=\"\"\/>   Millionrekord for Taylor Swift \u2013 allerede f\u00f8r platen er ute  <\/a> <\/p>\n","protected":false},"excerpt":{"rendered":"Uka-festivalen N\u00e5r: Fredag til s\u00f8ndag Hvor: Studentersamfundet og D\u00f8dens Dal Uka-festivalen startet natt til onsdag og det er&hellip;\n","protected":false},"author":2,"featured_media":52322,"comment_status":"","ping_status":"","sticky":false,"template":"","format":"standard","meta":{"footnotes":""},"categories":[58],"tags":[601,7988,71,7989,6284,7990,316,221,30,28,29,1540,162,7987,596,2914,7986,72],"class_list":{"0":"post-52321","1":"post","2":"type-post","3":"status-publish","4":"format-standard","5":"has-post-thumbnail","7":"category-underholdning","8":"tag-arrangement","9":"tag-dodens-dal","10":"tag-entertainment","11":"tag-heidis-bier-bar","12":"tag-helgetips","13":"tag-human-etisk-forbund","14":"tag-lerkendal","15":"tag-musikk","16":"tag-no","17":"tag-norge","18":"tag-norway","19":"tag-rosenborg","20":"tag-rosenborg-bk","21":"tag-thom-hell","22":"tag-trondheim","23":"tag-trondheim-kino","24":"tag-uka","25":"tag-underholdning"},"share_on_mastodon":{"url":"","error":""},"_links":{"self":[{"href":"https:\/\/www.europesays.com\/no\/wp-json\/wp\/v2\/posts\/52321","targetHints":{"allow":["GET"]}}],"collection":[{"href":"https:\/\/www.europesays.com\/no\/wp-json\/wp\/v2\/posts"}],"about":[{"href":"https:\/\/www.europesays.com\/no\/wp-json\/wp\/v2\/types\/post"}],"author":[{"embeddable":true,"href":"https:\/\/www.europesays.com\/no\/wp-json\/wp\/v2\/users\/2"}],"replies":[{"embeddable":true,"href":"https:\/\/www.europesays.com\/no\/wp-json\/wp\/v2\/comments?post=52321"}],"version-history":[{"count":0,"href":"https:\/\/www.europesays.com\/no\/wp-json\/wp\/v2\/posts\/52321\/revisions"}],"wp:featuredmedia":[{"embeddable":true,"href":"https:\/\/www.europesays.com\/no\/wp-json\/wp\/v2\/media\/52322"}],"wp:attachment":[{"href":"https:\/\/www.europesays.com\/no\/wp-json\/wp\/v2\/media?parent=52321"}],"wp:term":[{"taxonomy":"category","embeddable":true,"href":"https:\/\/www.europesays.com\/no\/wp-json\/wp\/v2\/categories?post=52321"},{"taxonomy":"post_tag","embeddable":true,"href":"https:\/\/www.europesays.com\/no\/wp-json\/wp\/v2\/tags?post=52321"}],"curies":[{"name":"wp","href":"https:\/\/api.w.org\/{rel}","templated":true}]}}