{"id":52388,"date":"2025-10-04T10:18:10","date_gmt":"2025-10-04T10:18:10","guid":{"rendered":"https:\/\/www.europesays.com\/no\/52388\/"},"modified":"2025-10-04T10:18:10","modified_gmt":"2025-10-04T10:18:10","slug":"oversvommelser-hold-dere-innendors-dagbladet","status":"publish","type":"post","link":"https:\/\/www.europesays.com\/no\/52388\/","title":{"rendered":"Oversv\u00f8mmelser: &#8211; Hold dere innend\u00f8rs &#8211; Dagbladet"},"content":{"rendered":"<ol>\n<li><a href=\"https:\/\/news.google.com\/rss\/articles\/CBMiggFBVV95cUxQeWlIMy1BWDBVUFpadkU5VERKcWthSnR5aFFSQjNLZWpWeTNXRFdXdGppZlFhZmJTVWtldnRpT2Rnell2cGpvcjlaN3ctY2tsZF9mU0ljMFhLYVpEcEZjRE05cjhCd3ZnaGg2aERja0loU1QxSm1VYnJubEhaSk5RYmtB?oc=5\" target=\"_blank\" rel=\"nofollow noopener\">Oversv\u00f8mmelser: &#8211; Hold dere innend\u00f8rs<\/a>&nbsp;&nbsp;Dagbladet<\/li>\n<li><a href=\"https:\/\/news.google.com\/rss\/articles\/CBMifEFVX3lxTFBoLTRiUW5nNXBzcXJnUjV3WXVGOVNZV1Qzcm12aEkxY0p1Yi04cXpWVDZHRG1HYVlSWVAzUHhqZEE1bzFVNU4tX0dMY3k4UWVOcFdRYmFSWXRrek05THJnNk0tWUtETWFHS1ZaX2VmR2IyTHZjUXZkbTE0VFo?oc=5\" target=\"_blank\" rel=\"nofollow noopener\">V\u00e6r, Amy | Rennes ned av meldinger om veltede tr\u00e6r<\/a>&nbsp;&nbsp;Romerikes Blad<\/li>\n<li><a href=\"https:\/\/news.google.com\/rss\/articles\/CBMimgFBVV95cUxNd21wVHVkZVh0RlRIVmhWX3JZWTJFam5QdWNVeEUyMTZmRU51WkE5dFlhQmxEbGpyd3kyVVpEU3lKM3hlMkNPaVpMVzhENTdxT3k3Tjl4ZjJmUjZPY2RiT2tjN3ZLUmQ1QTRicUtndVFmbGhPZzRUSkYzblEyM3VWLWdlTFlUMFRLWHk2M3lWT29qdWhHV0dOZXVR?oc=5\" target=\"_blank\" rel=\"nofollow noopener\">(+) Travel natt for kommunen: \u2013 Mange tr\u00e6r har ramlet over veien<\/a>&nbsp;&nbsp;Haugesunds Avis<\/li>\n<li><a href=\"https:\/\/news.google.com\/rss\/articles\/CBMiwwFBVV95cUxNMWRaQ2dMeUxicGYwOGJPdmpIODU5WVpYUk4wMGhKN2JDS1Y0RWNSaXQxNXM3U0RPYW1PbG9wZDczdGV0WkVVa09ITHY4ZHd0ZnRmbVVVS2ZhMndqUzRDYXdNWVRaQ1k0WjBUNmQ3dXB0elU3WGdLMF90S0hGWlZacFVaUEFva1YzQXgzLU5DaFlDVDJIeUF5TVZnZUdfUG1XcHB0OTdNTndHcXRoNFJoSzViTTNzX1ZDb2xEcWxxX0ZRbG8?oc=5\" target=\"_blank\" rel=\"nofollow noopener\">Tr\u00e6r har veltet og sperrer veien \u2013 Trond ber deg tenke deg om: \u2013 Det er ikke farefritt \u00e5 g\u00e5 ut n\u00e5<\/a>&nbsp;&nbsp;T\u00f8nsbergs Blad<\/li>\n<li><a href=\"https:\/\/news.google.com\/rss\/articles\/CBMigwFBVV95cUxOVVd3Y3dHOFBPN2dIbWt0X0xJUmJZZTFQLXc0VVROZ0FXRWsxTjZEWkkxYUozYnhyc3ZaM0xCb2FKOVNYSXROMW5QSVgtLTRMS0YxVnJ2eGxzbURFS3VQTm1lVXNvay0tWlhucUJHNlhGQXMzZ1A1MDVHc0FnNlJmbDlzVQ?oc=5\" target=\"_blank\" rel=\"nofollow noopener\">V\u00e6r, Amy | Tr\u00e6r faller som fluer over viktige veier \u2013 bli hjemme hvis du kan<\/a>&nbsp;&nbsp;\u00d8stlands-Posten<\/li>\n<\/ol>\n","protected":false},"excerpt":{"rendered":"Oversv\u00f8mmelser: &#8211; Hold dere innend\u00f8rs&nbsp;&nbsp;Dagbladet V\u00e6r, Amy | Rennes ned av meldinger om veltede tr\u00e6r&nbsp;&nbsp;Romerikes Blad (+) Travel&hellip;\n","protected":false},"author":2,"featured_media":52389,"comment_status":"","ping_status":"","sticky":false,"template":"","format":"standard","meta":{"footnotes":""},"categories":[10],"tags":[20,21,427,7933,7931,24,25,15,2539,22,23,13,30,28,29,14,16,254,6631,26,27],"class_list":{"0":"post-52388","1":"post","2":"type-post","3":"status-publish","4":"format-standard","5":"has-post-thumbnail","7":"category-norge","8":"tag-breaking-news","9":"tag-breakingnews","10":"tag-drammen","11":"tag-ekstremvaer","12":"tag-ekstremvaeret-amy","13":"tag-featured-news","14":"tag-featurednews","15":"tag-headlines","16":"tag-innenriks","17":"tag-latest-news","18":"tag-latestnews","19":"tag-news","20":"tag-no","21":"tag-norge","22":"tag-norway","23":"tag-nyheter","24":"tag-overskrifter","25":"tag-politi","26":"tag-storm","27":"tag-top-stories","28":"tag-topstories"},"share_on_mastodon":{"url":"","error":""},"_links":{"self":[{"href":"https:\/\/www.europesays.com\/no\/wp-json\/wp\/v2\/posts\/52388","targetHints":{"allow":["GET"]}}],"collection":[{"href":"https:\/\/www.europesays.com\/no\/wp-json\/wp\/v2\/posts"}],"about":[{"href":"https:\/\/www.europesays.com\/no\/wp-json\/wp\/v2\/types\/post"}],"author":[{"embeddable":true,"href":"https:\/\/www.europesays.com\/no\/wp-json\/wp\/v2\/users\/2"}],"replies":[{"embeddable":true,"href":"https:\/\/www.europesays.com\/no\/wp-json\/wp\/v2\/comments?post=52388"}],"version-history":[{"count":0,"href":"https:\/\/www.europesays.com\/no\/wp-json\/wp\/v2\/posts\/52388\/revisions"}],"wp:featuredmedia":[{"embeddable":true,"href":"https:\/\/www.europesays.com\/no\/wp-json\/wp\/v2\/media\/52389"}],"wp:attachment":[{"href":"https:\/\/www.europesays.com\/no\/wp-json\/wp\/v2\/media?parent=52388"}],"wp:term":[{"taxonomy":"category","embeddable":true,"href":"https:\/\/www.europesays.com\/no\/wp-json\/wp\/v2\/categories?post=52388"},{"taxonomy":"post_tag","embeddable":true,"href":"https:\/\/www.europesays.com\/no\/wp-json\/wp\/v2\/tags?post=52388"}],"curies":[{"name":"wp","href":"https:\/\/api.w.org\/{rel}","templated":true}]}}