{"id":52405,"date":"2025-10-04T10:46:10","date_gmt":"2025-10-04T10:46:10","guid":{"rendered":"https:\/\/www.europesays.com\/no\/52405\/"},"modified":"2025-10-04T10:46:10","modified_gmt":"2025-10-04T10:46:10","slug":"uvaer-vaer-den-verste-vinden-er-forbi-men-det-ventes-fortsatt-mye-nedbor-og-stormflo","status":"publish","type":"post","link":"https:\/\/www.europesays.com\/no\/52405\/","title":{"rendered":"Uv\u00e6r, V\u00e6r | Den verste vinden er forbi, men det ventes fortsatt mye nedb\u00f8r og stormflo"},"content":{"rendered":"\n<p>Den verste vinden fra uv\u00e6ret Amy, skal ha passert v\u00e5r region i l\u00f8pet av natten. De kraftigste kastene fikk man helt ute langs kysten og oppe i fjellet. De P\u00e5 Lista ble det m\u00e5lt vindkast p\u00e5 godt over 30 meter i sekundet.<\/p>\n<p>Forel\u00f8pig ser det ut til at stormen stort sett har gjort ugagn p\u00e5 str\u00f8mnettet. P\u00e5 det meste var mellom 1000 og 2000 uten str\u00f8m i v\u00e5re dekningskommuner, og flere hundre er i morgentimene l\u00f8rdag fortsatt uten str\u00f8m.<\/p>\n<p>I tillegg har noen veier v\u00e6rt stengt p\u00e5 grunn av tr\u00e6r som har falt ned. Etter Agders opplysninger er det kun en vei som i skrivende stund fortsatt er stengt.<\/p>\n<p><b>Her er noen av nattens saker:<\/b><\/p>\n<p>  <a href=\"https:\/\/www.avisenagder.no\/5-99-1451270\" class=\"related-teaser has-image default-story-teaser article--c-eRUmMG article--c-eRUmMG-jKCPdD-design-default\" rel=\"nofollow noopener\" target=\"_blank\"><\/p>\n<p>    <img decoding=\"async\" loading=\"lazy\"  src=\"https:\/\/www.europesays.com\/no\/wp-content\/uploads\/2025\/10\/1000035030.jpg\" alt=\"\" class=\"brick-c-cFOWSL\" style=\"\"\/><\/p>\n<p>\n            Les ogs\u00e5<\/p>\n<p>              Flere tr\u00e6r har falt i l\u00f8pet av natten: Minst en vei er fortsatt stengt\n        <\/p>\n<p>  <\/a><\/p>\n<p>  <a href=\"https:\/\/www.avisenagder.no\/5-99-1451236\" class=\"related-teaser has-image default-story-teaser article--c-eRUmMG article--c-eRUmMG-jKCPdD-design-default\" rel=\"nofollow noopener\" target=\"_blank\"><\/p>\n<p>    <img decoding=\"async\" loading=\"lazy\"  src=\"https:\/\/www.europesays.com\/no\/wp-content\/uploads\/2025\/10\/Screenshot+2025-10-04+000343.png\" alt=\"\" class=\"brick-c-cFOWSL\" style=\"\"\/><\/p>\n<p>\n            Les ogs\u00e5<\/p>\n<p>              Flere hundre uten str\u00f8m: \u2013 Vi f\u00f8lger utviklingen n\u00f8ye\n        <\/p>\n<p>  <\/a><\/p>\n<p>  <a href=\"https:\/\/www.avisenagder.no\/5-99-1451210\" class=\"related-teaser has-image default-story-teaser article--c-eRUmMG article--c-eRUmMG-jKCPdD-design-default\" rel=\"nofollow noopener\" target=\"_blank\"><\/p>\n<p>    <img decoding=\"async\" loading=\"lazy\"  src=\"https:\/\/www.europesays.com\/no\/wp-content\/uploads\/2025\/10\/1000009269.jpg\" alt=\"\" class=\"brick-c-cFOWSL\" style=\"\"\/><\/p>\n<p>\n            Les ogs\u00e5<\/p>\n<p>              Amy har n\u00e5dd regionen: Busker og tr\u00e6r stengte vei\n        <\/p>\n<p>  <\/a><\/p>\n<p>Selv om de kraftigste vindkastene skal v\u00e6re forbi, er ikke faren over. Det er fortsatt ventet relativt gode kast utover l\u00f8rdagen, samt en del nedb\u00f8r. S\u00f8ndag er det ogs\u00e5 varslet stormflo, noe som kan f\u00f8re til flom langs kysten.<\/p>\n<p>   <img decoding=\"async\" width=\"1155\" height=\"636\" fetchpriority=\"low\"  loading=\"lazy\"  src=\"https:\/\/www.europesays.com\/no\/wp-content\/uploads\/2025\/10\/Screenshot+2025-10-04+085206.png\" alt=\"\" class=\"brick-c-cFOWSL\" style=\"--brick-image-ratio: 1155 \/ 636;\"\/><\/p>\n<p>    FLEKKEFJORD: L\u00f8rdag ettermiddag og kveld ventes det en del nedb\u00f8r i v\u00e5r region. Forel\u00f8pig ser ikke v\u00e6rvarselet p\u00e5 yr s\u00e5 verst ut, men alt avhenger av hvor mye som faller innenfor korte tidsintervaller.<br \/>\n    Foto: yr.no\n  <\/p>\n<p>   <img decoding=\"async\" width=\"486\" height=\"312\" fetchpriority=\"low\"  loading=\"lazy\"  src=\"https:\/\/www.europesays.com\/no\/wp-content\/uploads\/2025\/10\/Screenshot+2025-10-04+085750.png\" alt=\"\" class=\"brick-c-cFOWSL\" style=\"--brick-image-ratio: 486 \/ 312;\"\/><\/p>\n<p>    Disse farvarslene er fortsatt gjeldene hele l\u00f8rdag. <\/p>\n<p>  \u2013 Sv\u00e6rt vanskelig<\/p>\n<p>Andre steder i landet har de merket mer til stormen. Det har i f\u00f8lge NTB f\u00f8rt til skader, str\u00f8mbrudd og stengte veier flere steder.<\/p>\n<p>P\u00e5 Vestlandet er det 102 stengte veier l\u00f8rdag morgen, sier trafikkoperat\u00f8r Jan Audun Mar\u00f8y til <a rel=\"noopener nofollow\" href=\"https:\/\/www.bt.no\/hendelser\/i\/73ElnW\/102-stengte-veier-paa-vestlandet-svaert-vanskelige-forhold\" target=\"_blank\">Bergens Tidende<\/a>.<\/p>\n<p>\u2013 Det har v\u00e6rt sv\u00e6rt vanskelige forhold \u00e5 jobbe med i m\u00f8rket, sier han om natten.<\/p>\n<p>Meteorologene rapporterer om vindkast p\u00e5 30 til 35 meter i sekundet og lokalt ekstremt kraftige vindkast p\u00e5 43 meter i sekundet i Tr\u00f8ndelag l\u00f8rdag morgen.<\/p>\n<p>\u2013 Det er observert full storm, lokalt orkan fra s\u00f8r\u00f8st p\u00e5 kysten. Vinden kan flere steder fortsatt \u00f8ke p\u00e5 utover dagen, heter det i en melding p\u00e5 <a rel=\"noopener nofollow\" href=\"https:\/\/www.yr.no\/nb\/farevarsler\" target=\"_blank\">yr.no<\/a>.<\/p>\n<p>Grensen for orkan g\u00e5r ved vedvarende vindhastigheter p\u00e5 32,6 meter per sekund.<\/p>\n<p>   <img decoding=\"async\" width=\"1179\" height=\"838\" fetchpriority=\"low\"  loading=\"lazy\"  src=\"https:\/\/www.europesays.com\/no\/wp-content\/uploads\/2025\/10\/image0+%284%29.jpeg\" alt=\"Screenshot\" class=\"brick-c-cFOWSL\" style=\"--brick-image-ratio: 1179 \/ 838;\"\/><\/p>\n<p>    Veien mellom Moi og Elve er l\u00f8rdag morgen stengt av flere store tr\u00e6r b\u00e5de p\u00e5 fylkes veien og kommunal vei.<br \/>\n    Foto: Thomas Kj\u00f8rmo R\u00f8yland\n  <\/p>\n<p>  Store skader<\/p>\n<p>I Bergen har det kommet flere meldinger om skader grunnet sterk vind. P\u00e5 Kronstad l\u00f8snet et butikktak og kollapset, og i sentrum hadde to vinduer p\u00e5 et hotell l\u00f8snet som f\u00f8lge av sterk vind.<\/p>\n<p>Brannvesenet rykket ut rundt klokken 3 etter meldinger om at taket p\u00e5 en enebolig hadde bl\u00e5st av i Ulvik i Hardanger.<\/p>\n<p>I Tingvoll var det en hel garasje som bl\u00e5ste av sted, og som stengte veien p\u00e5 stedet.<\/p>\n<p>Flere tusen uten str\u00f8m<\/p>\n<p>I forkant av uv\u00e6ret ble det ogs\u00e5 advart mot potensielle str\u00f8mbrudd, som har blitt en realitet for mange.<\/p>\n<p>Natt til l\u00f8rdag har s\u00e5 mange som 87.000 nordmenn v\u00e6rt uten str\u00f8m. Fortsatt er flere tusen str\u00f8ml\u00f8se l\u00f8rdag morgen.<\/p>\n<p>\u2013 Hvis mange i et omr\u00e5de har mistet str\u00f8mmen samtidig, kan det ta litt tid f\u00f8r nettselskapet har rettet alle feilene, heter det p\u00e5 nettsidene til <a rel=\"noopener nofollow\" href=\"https:\/\/www.nve.no\/reguleringsmyndigheten\/kunde\/stroemnettet\/dette-har-du-rett-paa-ved-et-stroembrudd\/\" target=\"_blank\">Reguleringsmyndighetene for energi (RME)<\/a>.<\/p>\n<p>Flere veltede tr\u00e6r<\/p>\n<p>Stormen har ogs\u00e5 f\u00f8rt til stengte veier flere steder.<\/p>\n<p>P\u00e5 Spikkestad i Asker satte et vogntog seg fast da det pr\u00f8vde \u00e5 kj\u00f8re rundt et tre som hadde falt over veien. Treet tok ogs\u00e5 med seg en str\u00f8mkabel.<\/p>\n<p>I Sunndal er det meldt om brann i terrenget, trolig p\u00e5 grunn av tr\u00e6r som har falt over en h\u00f8yspentledning, melder politiet.<\/p>\n<p>Det var ventet at stormen ville bevege seg \u00f8stover i l\u00f8pet av natten og morgenen.<\/p>\n","protected":false},"excerpt":{"rendered":"Den verste vinden fra uv\u00e6ret Amy, skal ha passert v\u00e5r region i l\u00f8pet av natten. De kraftigste kastene&hellip;\n","protected":false},"author":2,"featured_media":52406,"comment_status":"","ping_status":"","sticky":false,"template":"","format":"standard","meta":{"footnotes":""},"categories":[10],"tags":[36,20,21,24,25,15,22,23,13,30,28,29,14,16,1510,26,27,3230,8003,553],"class_list":{"0":"post-52405","1":"post","2":"type-post","3":"status-publish","4":"format-standard","5":"has-post-thumbnail","7":"category-norge","8":"tag-art","9":"tag-breaking-news","10":"tag-breakingnews","11":"tag-featured-news","12":"tag-featurednews","13":"tag-headlines","14":"tag-latest-news","15":"tag-latestnews","16":"tag-news","17":"tag-no","18":"tag-norge","19":"tag-norway","20":"tag-nyheter","21":"tag-overskrifter","22":"tag-story","23":"tag-top-stories","24":"tag-topstories","25":"tag-uvaer","26":"tag-uvaeret-amy","27":"tag-vaer"},"share_on_mastodon":{"url":"","error":""},"_links":{"self":[{"href":"https:\/\/www.europesays.com\/no\/wp-json\/wp\/v2\/posts\/52405","targetHints":{"allow":["GET"]}}],"collection":[{"href":"https:\/\/www.europesays.com\/no\/wp-json\/wp\/v2\/posts"}],"about":[{"href":"https:\/\/www.europesays.com\/no\/wp-json\/wp\/v2\/types\/post"}],"author":[{"embeddable":true,"href":"https:\/\/www.europesays.com\/no\/wp-json\/wp\/v2\/users\/2"}],"replies":[{"embeddable":true,"href":"https:\/\/www.europesays.com\/no\/wp-json\/wp\/v2\/comments?post=52405"}],"version-history":[{"count":0,"href":"https:\/\/www.europesays.com\/no\/wp-json\/wp\/v2\/posts\/52405\/revisions"}],"wp:featuredmedia":[{"embeddable":true,"href":"https:\/\/www.europesays.com\/no\/wp-json\/wp\/v2\/media\/52406"}],"wp:attachment":[{"href":"https:\/\/www.europesays.com\/no\/wp-json\/wp\/v2\/media?parent=52405"}],"wp:term":[{"taxonomy":"category","embeddable":true,"href":"https:\/\/www.europesays.com\/no\/wp-json\/wp\/v2\/categories?post=52405"},{"taxonomy":"post_tag","embeddable":true,"href":"https:\/\/www.europesays.com\/no\/wp-json\/wp\/v2\/tags?post=52405"}],"curies":[{"name":"wp","href":"https:\/\/api.w.org\/{rel}","templated":true}]}}