{"id":52414,"date":"2025-10-04T11:03:08","date_gmt":"2025-10-04T11:03:08","guid":{"rendered":"https:\/\/www.europesays.com\/no\/52414\/"},"modified":"2025-10-04T11:03:08","modified_gmt":"2025-10-04T11:03:08","slug":"oasis-gitarist-paul-arthurs-avslorer-kreftdiagnose-og-tar-pause-fra-turne","status":"publish","type":"post","link":"https:\/\/www.europesays.com\/no\/52414\/","title":{"rendered":"Oasis-gitarist Paul Arthurs avsl\u00f8rer kreftdiagnose og tar pause fra turn\u00e9"},"content":{"rendered":"<p>  Oasis-gitaristen m\u00e5 ta en pause fra bandets gjenforeningsturn\u00e9.\u00a0<\/p>\n<p>\n    UTEBLIR: Oasis-gitarist Paul \u00abBonehead\u00bb Arthur uteblir fra deler av turneen. Foto: NTB\n  <\/p>\n<p>Oasis-gitarist Paul \u00abBonehead\u00bb Arthurs uteblir fra bandets gjenforeningsturn\u00e9 p\u00e5 grunn av kreftdiagnose. Det avsl\u00f8rer Arthurs p\u00e5 Instagram.<\/p>\n<p>    <a itemprop=\"url\" href=\"https:\/\/www.seher.no\/kjendis\/farmen-innspilling-rammet\/83679674\" rel=\"nofollow noopener\" target=\"_blank\"><\/p>\n<p>      <img loading=\"lazy\" decoding=\"async\" src=\"https:\/\/www.europesays.com\/no\/wp-content\/uploads\/2025\/10\/83679657.webp\" width=\"980\" height=\"441\" title=\"\u00abFarmen\u00bb-innspilling rammet\" alt=\"\" class=\"lazyload\" style=\"--aspect-ratio-image: 2.22; \"\/><\/p>\n<p>        \u00abFarmen\u00bb-innspilling rammet<\/p>\n<p>    <\/a><\/p>\n<p>\u00abTidligere i \u00e5r ble jeg diagnostisert med prostatakreft\u00bb, skriver gitaristen,og fortsetter:<\/p>\n<p>\u00abDen gode nyheten er at jeg responderte veldig bra p\u00e5 behandlingen, noe som gjorde at jeg kunne v\u00e6re en del av denne utrolige turn\u00e9en. N\u00e5 m\u00e5 jeg ta en planlagt pause p\u00e5 grunn av neste fase i behandlingen\u00bb.<\/p>\n<p>          <img loading=\"lazy\" decoding=\"async\" src=\"https:\/\/www.europesays.com\/no\/wp-content\/uploads\/2025\/10\/83679824.webp\" width=\"686\" height=\"590\" title=\"GITARIST: Paul \u00abBonehead\u00bb Arthurs. Foto: NTB\" alt=\"\" class=\"\" style=\"--aspect-ratio-image: 1.16; \"\/><\/p>\n<p>\n          GITARIST: Paul \u00abBonehead\u00bb Arthurs. Foto: NTB\n      <\/p>\n<p>Arthurs vil g\u00e5 glipp av konserter i Seoul, Tokyo, Melbourne og Sydney.<\/p>\n<p>Oasis&#8217; offisielle Instagram-konto delte Arthurs&#8217; uttalelse og \u00f8nsket ham alt det beste med behandlingen.<\/p>\n<p>I sommer startet gjenforeningsturneen til bandet, hvor br\u00f8drene Noel (58) og Liam (52) Gallagher sto p\u00e5 scenen sammen for f\u00f8rste gang p\u00e5 16 \u00e5r.<\/p>\n","protected":false},"excerpt":{"rendered":"Oasis-gitaristen m\u00e5 ta en pause fra bandets gjenforeningsturn\u00e9.\u00a0 UTEBLIR: Oasis-gitarist Paul \u00abBonehead\u00bb Arthur uteblir fra deler av turneen.&hellip;\n","protected":false},"author":2,"featured_media":52415,"comment_status":"","ping_status":"","sticky":false,"template":"","format":"standard","meta":{"footnotes":""},"categories":[58],"tags":[71,479,2543,1401,30,28,29,153,72],"class_list":{"0":"post-52414","1":"post","2":"type-post","3":"status-publish","4":"format-standard","5":"has-post-thumbnail","7":"category-underholdning","8":"tag-entertainment","9":"tag-kjendis","10":"tag-kjendisdesken","11":"tag-kreft","12":"tag-no","13":"tag-norge","14":"tag-norway","15":"tag-oasis","16":"tag-underholdning"},"share_on_mastodon":{"url":"","error":""},"_links":{"self":[{"href":"https:\/\/www.europesays.com\/no\/wp-json\/wp\/v2\/posts\/52414","targetHints":{"allow":["GET"]}}],"collection":[{"href":"https:\/\/www.europesays.com\/no\/wp-json\/wp\/v2\/posts"}],"about":[{"href":"https:\/\/www.europesays.com\/no\/wp-json\/wp\/v2\/types\/post"}],"author":[{"embeddable":true,"href":"https:\/\/www.europesays.com\/no\/wp-json\/wp\/v2\/users\/2"}],"replies":[{"embeddable":true,"href":"https:\/\/www.europesays.com\/no\/wp-json\/wp\/v2\/comments?post=52414"}],"version-history":[{"count":0,"href":"https:\/\/www.europesays.com\/no\/wp-json\/wp\/v2\/posts\/52414\/revisions"}],"wp:featuredmedia":[{"embeddable":true,"href":"https:\/\/www.europesays.com\/no\/wp-json\/wp\/v2\/media\/52415"}],"wp:attachment":[{"href":"https:\/\/www.europesays.com\/no\/wp-json\/wp\/v2\/media?parent=52414"}],"wp:term":[{"taxonomy":"category","embeddable":true,"href":"https:\/\/www.europesays.com\/no\/wp-json\/wp\/v2\/categories?post=52414"},{"taxonomy":"post_tag","embeddable":true,"href":"https:\/\/www.europesays.com\/no\/wp-json\/wp\/v2\/tags?post=52414"}],"curies":[{"name":"wp","href":"https:\/\/api.w.org\/{rel}","templated":true}]}}