{"id":52420,"date":"2025-10-04T11:14:09","date_gmt":"2025-10-04T11:14:09","guid":{"rendered":"https:\/\/www.europesays.com\/no\/52420\/"},"modified":"2025-10-04T11:14:09","modified_gmt":"2025-10-04T11:14:09","slug":"pall-ingvarsson-truffet-av-tre-i-stormen","status":"publish","type":"post","link":"https:\/\/www.europesays.com\/no\/52420\/","title":{"rendered":"Pall Ingvarsson truffet av tre i stormen"},"content":{"rendered":"\n<ul class=\"_list_1994c_3 _list_64s2r_85 _unordered_1994c_105 text-sans-m\">\n<li class=\"_item_1994c_30\">Pall Ingvarsson ble truffet av et tre i Larviksveien i stormen etter \u00e5 ha levert kona p\u00e5 jobb i Stavern, og fikk smerter i rygg og hode.<\/li>\n<li class=\"_item_1994c_30\">Vitnet Loai Arabi \u00abvar sikker p\u00e5 at han skulle d\u00f8\u00bb, og trefeller Jan-Tore Nilsen advarer om livsfarlige forhold.<\/li>\n<\/ul>\n<p>Vis mer <\/p>\n<p class=\"_paragraph_1994c_4 _paragraph_xtcu6_10 layout-component text-serif-m layout-normal text-serif-m layout-padded\">Hun kviet seg for \u00e5 sette seg bak rattet fra Tjodalyng i stormen \u00abAmy\u00bb, derfor tok han kj\u00f8rejobben. <\/p>\n<p class=\"_paragraph_1994c_4 _paragraph_xtcu6_10 layout-component text-serif-m layout-normal text-serif-m layout-padded\">\u2013 Da jeg var p\u00e5 retur fra <a href=\"https:\/\/www.vg.no\/tag\/stavern?utm_source=vg-article&amp;utm_medium=auto-tagger&amp;utm_campaign=KMOvX5\" class=\"_link_1994c_39\" rel=\"nofollow noopener\" target=\"_blank\">Stavern<\/a> l\u00e5 et tre i Larviksveien ved Sj\u00f8parken Agnes, og jeg gikk ut for \u00e5 unders\u00f8ke om vi kunne komme oss forbi eller flytte treet. Men treet var ganske stort. <\/p>\n<p class=\"_paragraph_1994c_4 _paragraph_xtcu6_10 layout-component text-serif-m layout-normal text-serif-m layout-padded\">Det er da den virkelige dramatikken inntreffer:<\/p>\n<p class=\"_paragraph_1994c_4 _paragraph_xtcu6_10 layout-component text-serif-m layout-normal text-serif-m layout-padded\"><strong class=\"_strong_1994c_25\">\u2013 Jeg h\u00f8rte et brak bak meg. Med det samme ble alt m\u00f8rkt. Lysstolpen bak meg ble truffet og jeg skj\u00f8nte at treet var p\u00e5 vei mot meg og jeg tenkte bare \u00abshit\u00bb, forteller Pall Ingvarsson til VG. <\/strong><\/p>\n<p><img alt=\"Foto: Fredrik Solstad \/ VG\" class=\"_image_qp4xg_65 layout-component layout-normal\" data-fullscreen- data-track-element-type=\"Article image fullscreen\" data-track-name=\"ImageFullscreen\" decoding=\"async\" loading=\"lazy\" height=\"2656\" itemprop=\"image\"  src=\"https:\/\/www.europesays.com\/no\/wp-content\/uploads\/2025\/10\/ec5d13e7-ed59-4222-a6e1-5794c195b691\"  style=\"object-position:0% 0%\" width=\"3984\"\/>Foto: Fredrik Solstad \/ VG<\/p>\n<p class=\"_paragraph_1994c_4 _paragraph_xtcu6_10 layout-component text-serif-m layout-normal text-serif-m layout-padded\">VG bes\u00f8kte ham hjemme p\u00e5 Tjodalyng l\u00f8rdag formiddag.<\/p>\n<p class=\"_paragraph_1994c_4 _paragraph_xtcu6_10 layout-component text-serif-m layout-normal text-serif-m layout-padded\">Den islandske mannen med bakgrunn fra redningstjenesten i hjemlandet, ble sl\u00e5tt i bakken av det store treet og ble liggende p\u00e5 alle fire. Da han reiste seg opp igjen kjente han at det gjorde forferdelig vondt i ryggen.<\/p>\n<p><img alt=\"Foto: Fredrik Solstad \/ VG\" class=\"_image_qp4xg_65 layout-component layout-normal\" data-fullscreen- data-track-element-type=\"Article image fullscreen\" data-track-name=\"ImageFullscreen\" decoding=\"async\" loading=\"lazy\" height=\"2656\" itemprop=\"image\"  src=\"https:\/\/www.europesays.com\/no\/wp-content\/uploads\/2025\/10\/fba2a153-6c9f-48ca-8a32-17e13caf6bc1\"  style=\"object-position:0% 0%\" width=\"3984\"\/>Foto: Fredrik Solstad \/ VG<\/p>\n<p class=\"_paragraph_1994c_4 _paragraph_xtcu6_10 layout-component text-serif-m layout-normal text-serif-m layout-padded\">Han ble ogs\u00e5 truffet i hodet.<\/p>\n<p class=\"_paragraph_1994c_4 _paragraph_xtcu6_10 layout-component text-serif-m layout-normal text-serif-m layout-padded\">Det var <a href=\"https:\/\/www.op.no\/skulle-kjore-kona-pa-jobb-fikk-tre-i-hodet-trodde-han-skulle-do\/s\/5-36-1830819\" class=\"_link_1994c_39\" rel=\"nofollow noopener\" target=\"_blank\">\u00d8stlandsposten<\/a> som omtalte saken f\u00f8rst.<\/p>\n<p class=\"_paragraph_1994c_4 _paragraph_xtcu6_10 layout-component text-serif-m layout-normal text-serif-m layout-padded\">En bil kom til bak Pall Ingvarsson og tok dette bildet:<\/p>\n<p><img alt=\"FIKK TRE OVER SEG: Dette store treet traff Pall Ingvarsson p\u00e5 Larviksveien i Stavern l\u00f8rdag morgen  Foto: Loai Arabi\" class=\"_image_qp4xg_65 layout-component layout-normal\" data-fullscreen- data-track-element-type=\"Article image fullscreen\" data-track-name=\"ImageFullscreen\" decoding=\"async\" loading=\"lazy\" height=\"1126\" itemprop=\"image\"  src=\"https:\/\/www.europesays.com\/no\/wp-content\/uploads\/2025\/10\/41852137-1d47-47d3-87c0-789cc4096cc6\"  style=\"object-position:0% 0%\" width=\"2000\"\/>FIKK TRE OVER SEG: Dette store treet traff Pall Ingvarsson p\u00e5 Larviksveien i Stavern l\u00f8rdag morgen  Foto: Loai Arabi<\/p>\n<p class=\"_paragraph_1994c_4 _paragraph_xtcu6_10 layout-component text-serif-m layout-normal text-serif-m layout-padded\">Treet som raste over veien var stort.<\/p>\n<p class=\"_paragraph_1994c_4 _paragraph_xtcu6_10 layout-component text-serif-m layout-normal text-serif-m layout-padded\"><strong class=\"_strong_1994c_25\">\u2013 Jeg var sikker p\u00e5 at han skulle d\u00f8, da jeg s\u00e5 treet falle mot ham. Det s\u00e5 ikke bra ut, sier Loai Arabi til \u00d8P. <\/strong><\/p>\n<p class=\"_paragraph_1994c_4 _paragraph_xtcu6_10 layout-component text-serif-m layout-normal text-serif-m layout-padded\">Han kom kj\u00f8rende i den f\u00f8rste bilen bak Ingvarsson.<\/p>\n<p class=\"_paragraph_1994c_4 _paragraph_xtcu6_10 layout-component text-serif-m layout-normal text-serif-m layout-padded\">Selv sier Pall at dersom han hadde st\u00e5tt to meter lenger bak og blitt truffet av den tyngste delen av treet, s\u00e5 kunne det g\u00e5tt mye verre.<\/p>\n<p><img alt=\"Foto: Fredrik Solstad \/ VG\" class=\"_image_qp4xg_65 layout-component layout-normal\" data-fullscreen- data-track-element-type=\"Article image fullscreen\" data-track-name=\"ImageFullscreen\" decoding=\"async\" loading=\"lazy\" height=\"2656\" itemprop=\"image\"  src=\"https:\/\/www.europesays.com\/no\/wp-content\/uploads\/2025\/10\/9e079c20-7602-4b5a-8cb1-bb6cba569d7a\"  style=\"object-position:0% 0%\" width=\"3984\"\/>Foto: Fredrik Solstad \/ VG<\/p>\n<p class=\"_paragraph_1994c_4 _paragraph_xtcu6_10 layout-component text-serif-m layout-normal text-serif-m layout-padded\"><strong class=\"_strong_1994c_25\">\u2013 Da hadde jeg ikke st\u00e5tt her og snakket med deg n\u00e5, sier Pall.<\/strong><\/p>\n<p class=\"_paragraph_1994c_4 _paragraph_xtcu6_10 layout-component text-serif-m layout-normal text-serif-m layout-padded\">\u2013 Hvor farlig er det \u00e5 bevege seg ute i v\u00e6ret som herjer, tenker du?<\/p>\n<p class=\"_paragraph_1994c_4 _paragraph_xtcu6_10 layout-component text-serif-m layout-normal text-serif-m layout-padded\">\u2013 Jeg har v\u00e6rt redningsmann og vet at det \u00e5 holde seg unna tr\u00e6r er viktig n\u00e5r det bl\u00e5ser hardt.<\/p>\n<p class=\"_paragraph_1994c_4 _paragraph_xtcu6_10 layout-component text-serif-m layout-normal text-serif-m layout-padded\">Ingvarsson har v\u00e6rt ute en stormnatt f\u00f8r. Han opps\u00f8kte for sikkerhets skyld legevakten etter \u00e5 ha f\u00e5tt treet over seg.<\/p>\n<p class=\"_paragraph_1994c_4 _paragraph_xtcu6_10 layout-component text-serif-m layout-normal text-serif-m layout-padded\">Pall Ingvarsson har bakgrunn fra den islandske redningsorganisasjonen LandsbjorkLandsbjorkLandsbjork er en islandsk redningsorganisasjon som er involvert i s\u00f8k- og redningsoperasjoner. og har operert p\u00e5 b\u00e5t og i f\u00f8rstelinjen.<\/p>\n<p class=\"_paragraph_1994c_4 _paragraph_xtcu6_10 layout-component text-serif-m layout-normal text-serif-m layout-padded\">Trefeller Jan-Tore Nilsen frar\u00e5der folk \u00e5 bevege seg ute<\/p>\n<p class=\"_paragraph_1994c_4 _paragraph_xtcu6_10 layout-component text-serif-m layout-normal text-serif-m layout-padded\">\u2013 Det er livsfarlig ute, det er trevelt over alt, sa han til \u00d8stlands-Posten l\u00f8rdag morgen.<\/p>\n<p> Stoppet av tr\u00e6r p\u00e5 vei til \u00abSkal vi danse\u00bb<\/p>\n<p class=\"_paragraph_1994c_4 _paragraph_xtcu6_10 layout-component text-serif-m layout-normal text-serif-m layout-padded\">Veitrafikksentralen har alt tilgjengelig mannskaper ute for \u00e5 fjerne de mange tr\u00e6rne som har veltet over veiene i Vestfold. De f\u00e5r god hjelp av lokalbefolkningen.<\/p>\n<p class=\"_paragraph_1994c_4 _paragraph_xtcu6_10 layout-component text-serif-m layout-normal text-serif-m layout-padded\">Anne Hasle Johansen sto i vinduet og s\u00e5 en diger Osp falle over Kleppakerveien.<\/p>\n<p class=\"_paragraph_1994c_4 _paragraph_xtcu6_10 layout-component text-serif-m layout-normal text-serif-m layout-padded\"> \u2013\u2060\u00a0Jeg har bodd her i 40 \u00e5r og bekymret meg over den lenge, forteller hun til VG. I dag tok \u00abAmy\u00bb den gamle ospen.Da er gode naboer gode \u00e5 ha.<\/p>\n<p><img alt=\"ORDNET OPP: Anne Hasle johansen, Kristian Andresen og Dag Erik Nilsen og Hans Martin Kleppaker gikk sammen om \u00e5 f\u00e5 vekk den store ospen som ramlet ned over veien.  Foto: Fredrik Solstad  \/ VG\" class=\"_image_qp4xg_65 layout-component layout-normal\" data-fullscreen- data-track-element-type=\"Article image fullscreen\" data-track-name=\"ImageFullscreen\" decoding=\"async\" loading=\"lazy\" height=\"2656\" itemprop=\"image\"  src=\"https:\/\/www.europesays.com\/no\/wp-content\/uploads\/2025\/10\/9f93f8c0-dd7a-4cf9-b303-c6ce1b5b0b01\"  style=\"object-position:0% 0%\" width=\"3984\"\/>ORDNET OPP: Anne Hasle johansen, Kristian Andresen og Dag Erik Nilsen og Hans Martin Kleppaker gikk sammen om \u00e5 f\u00e5 vekk den store ospen som ramlet ned over veien.  Foto: Fredrik Solstad  \/ VG<\/p>\n<p class=\"_paragraph_1994c_4 _paragraph_xtcu6_10 layout-component text-serif-m layout-normal text-serif-m layout-padded\">Det tok nemlig ikke lang tid f\u00f8r Hans Martin Kleppaker var p\u00e5 plass med motorsag og traktor for \u00e5 f\u00e5 treet vekk.<\/p>\n<p class=\"_paragraph_1994c_4 _paragraph_xtcu6_10 layout-component text-serif-m layout-normal text-serif-m layout-padded\">\u2013 Folk kj\u00f8rer over plenen her, sier han, og peker p\u00e5 hjulsporene som fort blir dype i det regnv\u00e5te gresset<\/p>\n<p class=\"_paragraph_1994c_4 _paragraph_xtcu6_10 layout-component text-serif-m layout-normal text-serif-m layout-padded\">Han har ikke f\u00f8r kommet i gang med motorsagen, f\u00f8r enda to naboer kommer til: Kristian Andersen og Dag Erik Nilsen, og gyver l\u00f8s p\u00e5 ospen med hver sin motorsag. <\/p>\n<p><img alt=\"HENTET MOTORSAGEN: Hans Martin kleppaker var med p\u00e5 \u00e5 rydde veien for tr\u00e6r l\u00f8rdag.  Foto: Fredrik Solstad  \/ VG\" class=\"_image_qp4xg_65 layout-component layout-normal\" data-fullscreen- data-track-element-type=\"Article image fullscreen\" data-track-name=\"ImageFullscreen\" decoding=\"async\" loading=\"lazy\" height=\"2656\" itemprop=\"image\"  src=\"https:\/\/www.europesays.com\/no\/wp-content\/uploads\/2025\/10\/c1a5fb0d-8b95-4113-8335-20246512593b\"  style=\"object-position:0% 0%\" width=\"3984\"\/>HENTET MOTORSAGEN: Hans Martin kleppaker var med p\u00e5 \u00e5 rydde veien for tr\u00e6r l\u00f8rdag.  Foto: Fredrik Solstad  \/ VG<\/p>\n<p class=\"_paragraph_1994c_4 _paragraph_xtcu6_10 layout-component text-serif-m layout-normal text-serif-m layout-padded\">De hadde akkurat f\u00e5tt en telefon fra Nilsens datter og svigers\u00f8nn Ola, som skulle til Oslo og se \u00abSkal vi danse\u00bb<\/p>\n<p class=\"_paragraph_1994c_4 _paragraph_xtcu6_10 layout-component text-serif-m layout-normal text-serif-m layout-padded\">\u2013 De kom seg ikke forbi og m\u00e5tte snu, forteller pappa Nilsen, mens han gyver l\u00f8s p\u00e5 treet som sperrer veien.<\/p>\n<p class=\"_paragraph_1994c_4 _paragraph_xtcu6_10 layout-component text-serif-m layout-normal text-serif-m layout-padded\">\u2013 Fetteren til Ola heter Halvor Bakke, og kj\u00e6resteparet skal se han danse i kveld, fortsetter Nilsen i det han drar de siste delene av ospen ut av veien.<\/p>\n<p><img alt=\"SKAL VI DANSE: Halvor Bakkes fetter Ola var p\u00e5 vei til Oslo for \u00e5 rekke \u00e5 se kveldens premiere av \u00abSkal vi danse. Det s\u00e5 ut at han kunne bli stoppet av et tre som hadde falt over veien, men det l\u00f8ste seg.  Foto: Helen Wesnes \/ VG\" class=\"_image_qp4xg_65 layout-component layout-normal\" data-fullscreen- data-track-element-type=\"Article image fullscreen\" data-track-name=\"ImageFullscreen\" decoding=\"async\" loading=\"lazy\" height=\"8179\" itemprop=\"image\"  src=\"https:\/\/www.europesays.com\/no\/wp-content\/uploads\/2025\/10\/7d55a4b0-f8f3-45ef-969d-af2d15f79fb5\"  style=\"object-position:0% 0%\" width=\"5453\"\/>SKAL VI DANSE: Halvor Bakkes fetter Ola var p\u00e5 vei til Oslo for \u00e5 rekke \u00e5 se kveldens premiere av \u00abSkal vi danse. Det s\u00e5 ut at han kunne bli stoppet av et tre som hadde falt over veien, men det l\u00f8ste seg.  Foto: Helen Wesnes \/ VG<\/p>\n<p class=\"_paragraph_1994c_4 _paragraph_xtcu6_10 layout-component text-serif-m layout-normal text-serif-m layout-padded\">N\u00e5 kan bilene passere igjen.<\/p>\n<p class=\"_paragraph_1994c_4 _paragraph_xtcu6_10 layout-component text-serif-m layout-normal text-serif-m layout-padded\">Veitrafikksentralen har f\u00e5tt en jobb mindre \u00e5 gj\u00f8re i Vestfold i dag. <\/p>\n","protected":false},"excerpt":{"rendered":"Pall Ingvarsson ble truffet av et tre i Larviksveien i stormen etter \u00e5 ha levert kona p\u00e5 jobb&hellip;\n","protected":false},"author":2,"featured_media":52421,"comment_status":"","ping_status":"","sticky":false,"template":"","format":"standard","meta":{"footnotes":""},"categories":[10],"tags":[222,20,21,24,25,15,22,23,13,30,28,29,14,16,8004,26,27,8005,7963],"class_list":{"0":"post-52420","1":"post","2":"type-post","3":"status-publish","4":"format-standard","5":"has-post-thumbnail","7":"category-norge","8":"tag-bil","9":"tag-breaking-news","10":"tag-breakingnews","11":"tag-featured-news","12":"tag-featurednews","13":"tag-headlines","14":"tag-latest-news","15":"tag-latestnews","16":"tag-news","17":"tag-no","18":"tag-norge","19":"tag-norway","20":"tag-nyheter","21":"tag-overskrifter","22":"tag-stavern","23":"tag-top-stories","24":"tag-topstories","25":"tag-traer","26":"tag-vaer-og-uvaer"},"share_on_mastodon":{"url":"","error":""},"_links":{"self":[{"href":"https:\/\/www.europesays.com\/no\/wp-json\/wp\/v2\/posts\/52420","targetHints":{"allow":["GET"]}}],"collection":[{"href":"https:\/\/www.europesays.com\/no\/wp-json\/wp\/v2\/posts"}],"about":[{"href":"https:\/\/www.europesays.com\/no\/wp-json\/wp\/v2\/types\/post"}],"author":[{"embeddable":true,"href":"https:\/\/www.europesays.com\/no\/wp-json\/wp\/v2\/users\/2"}],"replies":[{"embeddable":true,"href":"https:\/\/www.europesays.com\/no\/wp-json\/wp\/v2\/comments?post=52420"}],"version-history":[{"count":0,"href":"https:\/\/www.europesays.com\/no\/wp-json\/wp\/v2\/posts\/52420\/revisions"}],"wp:featuredmedia":[{"embeddable":true,"href":"https:\/\/www.europesays.com\/no\/wp-json\/wp\/v2\/media\/52421"}],"wp:attachment":[{"href":"https:\/\/www.europesays.com\/no\/wp-json\/wp\/v2\/media?parent=52420"}],"wp:term":[{"taxonomy":"category","embeddable":true,"href":"https:\/\/www.europesays.com\/no\/wp-json\/wp\/v2\/categories?post=52420"},{"taxonomy":"post_tag","embeddable":true,"href":"https:\/\/www.europesays.com\/no\/wp-json\/wp\/v2\/tags?post=52420"}],"curies":[{"name":"wp","href":"https:\/\/api.w.org\/{rel}","templated":true}]}}