{"id":52519,"date":"2025-10-04T13:28:11","date_gmt":"2025-10-04T13:28:11","guid":{"rendered":"https:\/\/www.europesays.com\/no\/52519\/"},"modified":"2025-10-04T13:28:11","modified_gmt":"2025-10-04T13:28:11","slug":"statens-vegvesen-trafikk-svaert-vanskelige-forhold-pa-veiene-na","status":"publish","type":"post","link":"https:\/\/www.europesays.com\/no\/52519\/","title":{"rendered":"Statens vegvesen, Trafikk | Sv\u00e6rt vanskelige forhold p\u00e5 veiene n\u00e5"},"content":{"rendered":"\n<p>Saken oppdateres fortl\u00f8pende.<\/p>\n<p>Uv\u00e6ret \u00abAmy\u00bb skaper store problemer p\u00e5 veiene i store deler av landet. En lang rekke veier er stengt av trefall, flom og andre hendelser knyttet til uv\u00e6ret, skriver Statens vegvesen l\u00f8rdag.<\/p>\n<p>Avdelingsdirekt\u00f8r Kurt Jomar Breistrand i veivesenet opplyser at om lag 170 veier i hele landet n\u00e5 er stengt p\u00e5 grunn av uforutsette hendelser. De fleste av disse p\u00e5 grunn av uv\u00e6ret.<\/p>\n<p>\u2013 Situasjonen endrer seg kontinuerlig. Det er fortsatt slik at veier og bruer kan bli stengt p\u00e5 kort varsel. Ogs\u00e5 tunneler kan bli stengt ved str\u00f8mbrudd, sier han.<\/p>\n<p>Det er flere situasjoner langs veiene i v\u00e5rt distrik:<\/p>\n<ul>\n<li>Ved Tyseng langs fv. 1869 i \u00c5snes er det tr\u00e6r\/busker i veien. Begge kj\u00f8reretninger skal if\u00f8lge Statens vegvesen v\u00e6re p\u00e5virket, men veien skal v\u00e6re \u00e5pen. (Oppdatert 15:00)<\/li>\n<li>P\u00e5 riksvei 2 er det tr\u00e6r\/busker som dekker deler av veien ved avkj\u00f8ringa til Matrand. Veien er \u00e5pen, men det er ett smalt kj\u00f8refelt p\u00e5 stedet. (Oppdatert 13:55)<\/li>\n<li>Ved Gl\u00e5mstad i Kongsvinger (f. 210) er det ett smalt kj\u00f8refelt p\u00e5 stedet etter at tr\u00e6r\/busker har rast over veien. (Oppdatert 13:55)<\/li>\n<li>Tr\u00e6r\/busker har rast over E16 ved Fransbr\u00e5ten i Kongsvinger. Veien der er \u00e5pen, opplyser Statens vegvesen. (Oppdatert 13:00)<\/li>\n<li>P\u00e5 Vilsbergvegen i Eidskog er det stengt i begge retninger p\u00e5 grunn av tr\u00e6r\/busker. (Oppdatert 13:00)<\/li>\n<li>Langs fv. 175 ved Disen\u00e5 i S\u00f8r-Odal har det ogs\u00e5 falt tr\u00e6r\/busker over veien. Her skal veien v\u00e6re \u00e5pen. Veivesenet skriver at den beregnede sluttiden er passert, og at de venter p\u00e5 oppdateringer p\u00e5 om hendelsen er l\u00f8st. (Oppdatert 13:00)<\/li>\n<li>P\u00e5 fv. 2088 (Svenskevegen) i V\u00e5ler er veien \u00e5pen, men den skal ogs\u00e5 v\u00e6re rammet av tr\u00e6r eller busker som ligger i veien. Det er flere smale kj\u00f8refelt. (Oppdatert 13:00)<\/li>\n<li>\n<p>   <img decoding=\"async\" width=\"4032\" height=\"3024\" fetchpriority=\"low\"  loading=\"lazy\"  src=\"https:\/\/www.europesays.com\/no\/wp-content\/uploads\/2025\/10\/fv210.jpg\" alt=\"\" class=\"brick-c-cFOWSL\" style=\"--brick-image-ratio: 4032 \/ 3024;\"\/><\/p>\n<p>    V\u00e6ret skaper utfordringer flere steder i distriktet. Her i Kongsvinger.<br \/>\n    Foto: Erik M\u00e6hlum\n  <\/p>\n<\/li>\n<\/ul>\n<p>Avdelingsdirekt\u00f8r Breistrand ber folk tenke seg n\u00f8ye om f\u00f8r de eventuelt legger ut p\u00e5 veien, og s\u00f8rge for at de som skal ut holder seg oppdatert p\u00e5 veiene.<\/p>\n<p>\u2013 Det er en alvorlig situasjon mange steder akkurat n\u00e5. Inntil v\u00e6ret roer seg og konsekvensene avtar s\u00e5 er det mange steder utilr\u00e5delig \u00e5 ferdes p\u00e5 veiene, sier han.<\/p>\n","protected":false},"excerpt":{"rendered":"Saken oppdateres fortl\u00f8pende. Uv\u00e6ret \u00abAmy\u00bb skaper store problemer p\u00e5 veiene i store deler av landet. En lang rekke&hellip;\n","protected":false},"author":2,"featured_media":52520,"comment_status":"","ping_status":"","sticky":false,"template":"","format":"standard","meta":{"footnotes":""},"categories":[5],"tags":[36,20,21,295,24,25,15,19,22,23,17,18,13,30,28,29,14,16,1899,1510,26,27,224,552],"class_list":{"0":"post-52519","1":"post","2":"type-post","3":"status-publish","4":"format-standard","5":"has-post-thumbnail","7":"category-overskrifter","8":"tag-art","9":"tag-breaking-news","10":"tag-breakingnews","11":"tag-e16","12":"tag-featured-news","13":"tag-featurednews","14":"tag-headlines","15":"tag-hovedoppslag","16":"tag-latest-news","17":"tag-latestnews","18":"tag-main-news","19":"tag-mainnews","20":"tag-news","21":"tag-no","22":"tag-norge","23":"tag-norway","24":"tag-nyheter","25":"tag-overskrifter","26":"tag-statens-vegvesen","27":"tag-story","28":"tag-top-stories","29":"tag-topstories","30":"tag-trafikk","31":"tag-vei"},"share_on_mastodon":{"url":"","error":""},"_links":{"self":[{"href":"https:\/\/www.europesays.com\/no\/wp-json\/wp\/v2\/posts\/52519","targetHints":{"allow":["GET"]}}],"collection":[{"href":"https:\/\/www.europesays.com\/no\/wp-json\/wp\/v2\/posts"}],"about":[{"href":"https:\/\/www.europesays.com\/no\/wp-json\/wp\/v2\/types\/post"}],"author":[{"embeddable":true,"href":"https:\/\/www.europesays.com\/no\/wp-json\/wp\/v2\/users\/2"}],"replies":[{"embeddable":true,"href":"https:\/\/www.europesays.com\/no\/wp-json\/wp\/v2\/comments?post=52519"}],"version-history":[{"count":0,"href":"https:\/\/www.europesays.com\/no\/wp-json\/wp\/v2\/posts\/52519\/revisions"}],"wp:featuredmedia":[{"embeddable":true,"href":"https:\/\/www.europesays.com\/no\/wp-json\/wp\/v2\/media\/52520"}],"wp:attachment":[{"href":"https:\/\/www.europesays.com\/no\/wp-json\/wp\/v2\/media?parent=52519"}],"wp:term":[{"taxonomy":"category","embeddable":true,"href":"https:\/\/www.europesays.com\/no\/wp-json\/wp\/v2\/categories?post=52519"},{"taxonomy":"post_tag","embeddable":true,"href":"https:\/\/www.europesays.com\/no\/wp-json\/wp\/v2\/tags?post=52519"}],"curies":[{"name":"wp","href":"https:\/\/api.w.org\/{rel}","templated":true}]}}