{"id":52525,"date":"2025-10-04T13:36:20","date_gmt":"2025-10-04T13:36:20","guid":{"rendered":"https:\/\/www.europesays.com\/no\/52525\/"},"modified":"2025-10-04T13:36:20","modified_gmt":"2025-10-04T13:36:20","slug":"kan-noen-vaere-sa-snille-a-ta-floyta-fra-han-itromso-no","status":"publish","type":"post","link":"https:\/\/www.europesays.com\/no\/52525\/","title":{"rendered":"(+) \u2013 Kan noen v\u00e6re s\u00e5 snille \u00e5 ta fl\u00f8yta fra han? &#8211; itromso.no"},"content":{"rendered":"<ol>\n<li><a href=\"https:\/\/news.google.com\/rss\/articles\/CBMipgFBVV95cUxOdXZwanQ0cS1xTG5DV2VKbG9yMTVTNk1IXzMyWk1WVWU0d3hrUl9TSktUc1NlZlowbGZpUnViU1FfV3ZOS3FZVWdFQzk5aTdpdnF1OTdTY1M2RlRDOHRrRklwOGdMQnk0aHM2aEN4VUhvQWVGNFBXbjVzNmFyU0xBUkNPX3BUOGJ0eFpUZGpOclNJSDdEMm9hVFpmOHp2bWpNRmZKNjhn?oc=5\" target=\"_blank\" rel=\"nofollow noopener\">(+) \u2013 Kan noen v\u00e6re s\u00e5 snille \u00e5 ta fl\u00f8yta fra han?<\/a>&nbsp;&nbsp;itromso.no<\/li>\n<li><a href=\"https:\/\/news.google.com\/rss\/articles\/CBMiogFBVV95cUxOVW5HS3FyNkRsLTJXWDI0T0lXSUZyY1J2THBDNUlRTHA0NTVNSTR5Q2pBWFlKUU5CVjZZNEFWcnFDYlN2NUVONHNWb0w5MktWcXZzQ3FVLTh2SnBTUjFBZXhZQmpVSzFKZXh4NzZOQjVQTjFvYWVNWGRrcEw1M3dTdVpselBMNzZvdmhCeExsRHlqMVZyQVNmM01QRmV0OW9pd2c?oc=5\" target=\"_blank\" rel=\"nofollow noopener\">Troms\u00f8, TIL | Jakter sin femte strake seier &#8211; f\u00f8lg TILs kamp mot V\u00e5lerenga her<\/a>&nbsp;&nbsp;Nordlys<\/li>\n<li><a href=\"https:\/\/news.google.com\/rss\/articles\/CBMisgFBVV95cUxPdC1UdkNQS2Z2T1gyOFkwbHpQZUp3akh4NFBoaHlzSFBwMHJaOFpOZ0hEeGprbU9laThpQlFITDJPdUJYNHo2RlpJQVRRQUtvZEpLT2JyVXp4UF96NEhpZlpoWHpiLVZIOGNPNmczZ2VsQl9kSVA3NzFjRUNKY2NYaWRKRFVuYTk5dXJQRV9NUGs2eW5vTU1rVVhDX0g4Z1h5SElfY3BCakZzSmpJMGtHRTRn?oc=5\" target=\"_blank\" rel=\"nofollow noopener\">J\u00f8rgen Vik i Troms\u00f8 IL: \u2013 Vi har hentet inspirasjon fra Bod\u00f8\/Glimt<\/a>&nbsp;&nbsp;NRK<\/li>\n<li><a href=\"https:\/\/news.google.com\/rss\/articles\/CBMijgFBVV95cUxQWU1rbEtWMDNBUmFWYWdybTB4MnZqbEhPNkJXV2Z3ZFVuYlZoX2xqVno0dTdWeGVrN1Y1QnVRbElob3g0RzNXbWljOWpGcGREd1BmRHRqRnE2TFVQZU5QTFU1ckdLcFRZd2twYWdZaGczcnlRRkdWXzdnd3ZoUUdwMVNycmRQQjdXYkcxMU5B?oc=5\" target=\"_blank\" rel=\"nofollow noopener\">Alt du trenger \u00e5 vite som TIL-supporter i Oslo denne helga<\/a>&nbsp;&nbsp;til.no<\/li>\n<li><a href=\"https:\/\/news.google.com\/rss\/articles\/CBMimwFBVV95cUxNUF9YeWRNQ085VnhyNE8tVEg0Q0tLZm1YQUhvQW1DNFpldUt3TXpsV05HVms0emd5WTJhVHQ1SXV5NXFsT1A4ejMwXzhqNXdzVGtWdTh6MHhmYURNVVBmLTY0VzluUFZkSDVJOHFpT1pzYXVFVHh0ZmpZemt2NS1zclR5ZWVtR0c0bEZrdy0wa1ZlLWt4WmpPb2FEcw?oc=5\" target=\"_blank\" rel=\"nofollow noopener\">(+) Peker p\u00e5 viktig element for suksessen: \u2013 Ikke tilfeldig<\/a>&nbsp;&nbsp;itromso.no<\/li>\n<\/ol>\n","protected":false},"excerpt":{"rendered":"(+) \u2013 Kan noen v\u00e6re s\u00e5 snille \u00e5 ta fl\u00f8yta fra han?&nbsp;&nbsp;itromso.no Troms\u00f8, TIL | Jakter sin femte&hellip;\n","protected":false},"author":2,"featured_media":52526,"comment_status":"","ping_status":"","sticky":false,"template":"","format":"standard","meta":{"footnotes":""},"categories":[59],"tags":[134,92,2192,30,28,29,83,82,471,2215],"class_list":{"0":"post-52525","1":"post","2":"type-post","3":"status-publish","4":"format-standard","5":"has-post-thumbnail","7":"category-sport","8":"tag-eliteserien","9":"tag-fotball","10":"tag-helge-skog","11":"tag-no","12":"tag-norge","13":"tag-norway","14":"tag-sport","15":"tag-sports","16":"tag-til","17":"tag-valerenga-fotball"},"share_on_mastodon":{"url":"","error":""},"_links":{"self":[{"href":"https:\/\/www.europesays.com\/no\/wp-json\/wp\/v2\/posts\/52525","targetHints":{"allow":["GET"]}}],"collection":[{"href":"https:\/\/www.europesays.com\/no\/wp-json\/wp\/v2\/posts"}],"about":[{"href":"https:\/\/www.europesays.com\/no\/wp-json\/wp\/v2\/types\/post"}],"author":[{"embeddable":true,"href":"https:\/\/www.europesays.com\/no\/wp-json\/wp\/v2\/users\/2"}],"replies":[{"embeddable":true,"href":"https:\/\/www.europesays.com\/no\/wp-json\/wp\/v2\/comments?post=52525"}],"version-history":[{"count":0,"href":"https:\/\/www.europesays.com\/no\/wp-json\/wp\/v2\/posts\/52525\/revisions"}],"wp:featuredmedia":[{"embeddable":true,"href":"https:\/\/www.europesays.com\/no\/wp-json\/wp\/v2\/media\/52526"}],"wp:attachment":[{"href":"https:\/\/www.europesays.com\/no\/wp-json\/wp\/v2\/media?parent=52525"}],"wp:term":[{"taxonomy":"category","embeddable":true,"href":"https:\/\/www.europesays.com\/no\/wp-json\/wp\/v2\/categories?post=52525"},{"taxonomy":"post_tag","embeddable":true,"href":"https:\/\/www.europesays.com\/no\/wp-json\/wp\/v2\/tags?post=52525"}],"curies":[{"name":"wp","href":"https:\/\/api.w.org\/{rel}","templated":true}]}}