{"id":52527,"date":"2025-10-04T13:37:08","date_gmt":"2025-10-04T13:37:08","guid":{"rendered":"https:\/\/www.europesays.com\/no\/52527\/"},"modified":"2025-10-04T13:37:08","modified_gmt":"2025-10-04T13:37:08","slug":"diddys-forsvarer-med-harde-anklager-mot-dommer","status":"publish","type":"post","link":"https:\/\/www.europesays.com\/no\/52527\/","title":{"rendered":"\u00abDiddys\u00bb forsvarer med harde anklager mot dommer"},"content":{"rendered":"\n<p class=\"_lead_1994c_2 _lead_xtcu6_50 layout-component text-serif-m layout-normal text-serif-l layout-component layout-wide layout-padded _wide_17hqh_1 layout-padded\">Forsvarerne anklager dommeren for \u00e5 ha opptr\u00e5dt som et \u00abtrettende jurimedlem\u00bb.<\/p>\n<p><img alt=\" Foto: Jane Rosenberg \/ Reuters \/ NTB\" class=\"_image_qp4xg_65 layout-component layout-wide\" data-fullscreen- data-track-element-type=\"Article image fullscreen\" data-track-name=\"ImageFullscreen\" fetchpriority=\"high\" decoding=\"sync\" loading=\"eager\" height=\"2250\" itemprop=\"image\"  src=\"https:\/\/www.europesays.com\/no\/wp-content\/uploads\/2025\/10\/049d0253-fe95-4954-b34c-b26a1293ac3a\"  style=\"object-position:0% 0%\" width=\"3000\"\/> Foto: Jane Rosenberg \/ Reuters \/ NTB<\/p>\n<ul aria-hidden=\"true\" class=\"_images_1y6fe_106\">\n<li><a class=\"_link_1y6fe_111\" href=\"https:\/\/www.vg.no\/forfatter\/isak-loeve-pilskog-loe\" style=\"z-index:1\" title=\"Isak L\u00f8ve Pilskog Loe\" rel=\"nofollow noopener\" target=\"_blank\"><img alt=\"Bilde av Isak L\u00f8ve Pilskog Loe\" class=\"_image_1y6fe_88\" fetchpriority=\"low\" loading=\"lazy\" decoding=\"async\" itemprop=\"image\"  src=\"https:\/\/www.europesays.com\/no\/wp-content\/uploads\/2025\/10\/1759585028_158_8b0354e3-bf53-460c-9c1c-790321a0c923\"  width=\"480\"\/><\/a><\/li>\n<\/ul>\n<p> Oppdatert l\u00f8rdag 4. oktober kl. 15:23     <\/p>\n<p class=\"_paragraph_1994c_4 _paragraph_xtcu6_10 layout-component text-serif-m layout-normal text-serif-m layout-padded\">Sean \u00abDiddy\u00bb Combs ble fredag d\u00f8mt til over fire \u00e5r i fengsel for to prostitusjonrelaterte lovbrudd. Rapperen f\u00e5r fradrag for de tolv m\u00e5nedene han allerede har sonet, og m\u00e5 betale en bot p\u00e5 500.000 dollar.<\/p>\n<p class=\"_paragraph_1994c_4 _paragraph_xtcu6_10 layout-component text-serif-m layout-normal text-serif-m layout-padded\">Forsvarerne til den 55 \u00e5r gamle rap-mogulen reagerer kraftig p\u00e5 dommen, som var fire ganger lengre enn det de ba om, melder <a href=\"https:\/\/abcnews.go.com\/US\/sean-diddy-combs-lawyers-allege-judge-acted-13th\/story?id=126205254\" class=\"_link_1994c_39\" rel=\"nofollow noopener\" target=\"_blank\">ABC News<\/a>.<\/p>\n<p class=\"_paragraph_1994c_4 _paragraph_xtcu6_10 layout-component text-serif-m layout-normal text-serif-m layout-padded\">\u2013 Juryen gjorde det veldig klart i sin kjennelse at de frikjente ham for tiltalen om menneskehandel og RICO-anklagene. Ikke skyldig betyr ikke skyldig, sier hovedforsvarer Teny Geragos.<\/p>\n<p class=\"_paragraph_1994c_4 _paragraph_xtcu6_10 layout-component text-serif-m layout-normal text-serif-m layout-padded\">\u2013 Vi erkjenner familievolden. Vi tar ansvar for den, og vi tar p\u00e5 oss skylden for den. Det har vi sagt helt fra dag \u00e9n. Jeg sa det igjen og igjen og igjen under rettssaken, men familievold er ikke det han ble d\u00f8mt for, la Geragos til.<\/p>\n<p class=\"_paragraph_1994c_4 _paragraph_xtcu6_10 layout-component text-serif-m layout-normal text-serif-m layout-padded\">Forsvarerne planlegger \u00e5 anke dommen. De hevder at dommer Arun Subramanian urettmessig tok hensyn til handlinger som Combs ble frikjent for.<\/p>\n<p class=\"_paragraph_1994c_4 _paragraph_xtcu6_10 layout-component text-serif-m layout-normal text-serif-m layout-padded\">\u2013 Det var fullstendig uforenlig med juryens kjennelse. Dommeren opptr\u00e5dte som en trettende jurymedlem, sa advokat Alexandra Shapiro, som skal lede Combs\u2019 anke.<\/p>\n<p class=\"_paragraph_1994c_4 _paragraph_xtcu6_10 layout-component text-serif-m layout-normal text-serif-m layout-padded\">\u2013 Straffen var basert p\u00e5 handlinger juryen hadde forkastet. Juryen frikjente Mr. Combs for enhver form for tvang.<\/p>\n<p class=\"_paragraph_1994c_4 _paragraph_xtcu6_10 layout-component text-serif-m layout-normal text-serif-m layout-padded\">Under rettssaken ble det vist en video av Combs som angrep sin tidligere kj\u00e6reste Cassie Ventura p\u00e5 et hotell. Shapiro kaller videoen \u00abdet verste i saken\u00bb, men understreker at Combs ikke ble d\u00f8mt for vold i hjemmet.<\/p>\n","protected":false},"excerpt":{"rendered":"Forsvarerne anklager dommeren for \u00e5 ha opptr\u00e5dt som et \u00abtrettende jurimedlem\u00bb. Foto: Jane Rosenberg \/ Reuters \/ NTB&hellip;\n","protected":false},"author":2,"featured_media":52528,"comment_status":"","ping_status":"","sticky":false,"template":"","format":"standard","meta":{"footnotes":""},"categories":[58],"tags":[7527,71,30,28,29,74,72],"class_list":{"0":"post-52527","1":"post","2":"type-post","3":"status-publish","4":"format-standard","5":"has-post-thumbnail","7":"category-underholdning","8":"tag-cassie-ventura","9":"tag-entertainment","10":"tag-no","11":"tag-norge","12":"tag-norway","13":"tag-sean-diddy-combs","14":"tag-underholdning"},"share_on_mastodon":{"url":"","error":""},"_links":{"self":[{"href":"https:\/\/www.europesays.com\/no\/wp-json\/wp\/v2\/posts\/52527","targetHints":{"allow":["GET"]}}],"collection":[{"href":"https:\/\/www.europesays.com\/no\/wp-json\/wp\/v2\/posts"}],"about":[{"href":"https:\/\/www.europesays.com\/no\/wp-json\/wp\/v2\/types\/post"}],"author":[{"embeddable":true,"href":"https:\/\/www.europesays.com\/no\/wp-json\/wp\/v2\/users\/2"}],"replies":[{"embeddable":true,"href":"https:\/\/www.europesays.com\/no\/wp-json\/wp\/v2\/comments?post=52527"}],"version-history":[{"count":0,"href":"https:\/\/www.europesays.com\/no\/wp-json\/wp\/v2\/posts\/52527\/revisions"}],"wp:featuredmedia":[{"embeddable":true,"href":"https:\/\/www.europesays.com\/no\/wp-json\/wp\/v2\/media\/52528"}],"wp:attachment":[{"href":"https:\/\/www.europesays.com\/no\/wp-json\/wp\/v2\/media?parent=52527"}],"wp:term":[{"taxonomy":"category","embeddable":true,"href":"https:\/\/www.europesays.com\/no\/wp-json\/wp\/v2\/categories?post=52527"},{"taxonomy":"post_tag","embeddable":true,"href":"https:\/\/www.europesays.com\/no\/wp-json\/wp\/v2\/tags?post=52527"}],"curies":[{"name":"wp","href":"https:\/\/api.w.org\/{rel}","templated":true}]}}