{"id":52531,"date":"2025-10-04T13:42:12","date_gmt":"2025-10-04T13:42:12","guid":{"rendered":"https:\/\/www.europesays.com\/no\/52531\/"},"modified":"2025-10-04T13:42:12","modified_gmt":"2025-10-04T13:42:12","slug":"uvaeret-amy-mannsverk-container-blaste-over-teslaen-deres-vi-hadde-akkurat-kjopt-den","status":"publish","type":"post","link":"https:\/\/www.europesays.com\/no\/52531\/","title":{"rendered":"Uv\u00e6ret Amy, Mannsverk | Container bl\u00e5ste over Teslaen deres: \u2013 Vi hadde akkurat kj\u00f8pt den!"},"content":{"rendered":"\n<p>Mandag formiddag sperret politiet av omr\u00e5det rundt en boligblokk ved Mannsverk Torg. <a rel=\"Follow nofollow noopener\" href=\"https:\/\/www.ba.no\/borettslag-pa-mannsverk-vaknet-til-store-skader\/s\/5-8-3177244\" target=\"_blank\">Vinden i uv\u00e6ret Amy rev l\u00f8s takplater som falt ned, og politiet vurderte at omr\u00e5det var farlig for beboere og forbipasserende<\/a>.<\/p>\n<p>Men av alle de ber\u00f8rte, hadde det kanskje g\u00e5tt aller hardest utover Aleksander \u00d8stbye Myrvold og Birgitte S\u00f8rpoll. For deres bil sto parkert like utenfor blokken, like bak en stor metallcontainer. Det viste seg \u00e5 v\u00e6re verst tenkelige sted akkurat i natt.<\/p>\n<p>   <img decoding=\"async\" width=\"2071\" height=\"1535\" fetchpriority=\"low\"  loading=\"lazy\"  src=\"https:\/\/www.europesays.com\/no\/wp-content\/uploads\/2025\/10\/aleksanderogbirgitte.jpg\" alt=\"\" class=\"brick-c-cFOWSL\" style=\"--brick-image-ratio: 2071 \/ 1535;\"\/><\/p>\n<p>    Aleksander \u00d8stbye Myrvold og Birgitte S\u00f8rpoll ved en tidligere anledning da v\u00e6ret var langt bedre enn natt til l\u00f8rdag.<br \/>\n    Foto: Foto: Privat\n  <\/p>\n<p>For da Birgitte skulle st\u00e5 tidlig opp for \u00e5 g\u00e5 p\u00e5 jobb, hadde containeren veltet over Teslaen deres.<\/p>\n<p>\u2013 Jeg ble vekket i natt av samboeren min. Hun skulle p\u00e5 tidligvakt p\u00e5 Haukeland, og fortalte meg at en container l\u00e5 p\u00e5 bilen, sier Aleksander, som erkjenner at det var mye \u00e5 ta innover seg midt p\u00e5 natten.<\/p>\n<p>\u2013 Jeg skj\u00f8nte ikke s\u00e5 mye, men m\u00e5tte bare hive p\u00e5 meg kl\u00e6rne og komme ut. Der s\u00e5 jeg at containeren l\u00e5 str\u00f8dd over panseret, forteller han oppgitt p\u00e5 telefon.<\/p>\n<p>  <a href=\"https:\/\/www.ba.no\/5-8-3177331\" class=\"related-teaser has-image default-story-teaser article--c-eRUmMG article--c-eRUmMG-jKCPdD-design-default\" rel=\"nofollow noopener\" target=\"_blank\"><\/p>\n<p>    <img decoding=\"async\" loading=\"lazy\"  src=\"https:\/\/www.europesays.com\/no\/wp-content\/uploads\/2025\/10\/1759585329_50_IMG_9921.jpg\" alt=\"\" class=\"brick-c-cFOWSL\" style=\"\"\/><\/p>\n<p>\n            Les ogs\u00e5<\/p>\n<p>              Evakuerer beboere i Fjellveien: \u2013 Det er skremmende\n        <\/p>\n<p>  <\/a><\/p>\n<p>  <a href=\"https:\/\/www.ba.no\/5-8-3177326\" class=\"related-teaser has-image default-story-teaser article--c-eRUmMG article--c-eRUmMG-jKCPdD-design-default\" rel=\"nofollow noopener\" target=\"_blank\"><\/p>\n<p>    <img decoding=\"async\" loading=\"lazy\"  src=\"https:\/\/www.europesays.com\/no\/wp-content\/uploads\/2025\/10\/1759585329_484_722b9393-ee9e-41ed-b3ca-fa92318a44d2.jpg\" alt=\"\" class=\"brick-c-cFOWSL\" style=\"\"\/><\/p>\n<p>\n            Les ogs\u00e5<\/p>\n<p>              Ringes ned: Trude har to oppfordringer til bergensere\n        <\/p>\n<p>  <\/a><br \/>\n  Bilen var splitter ny<\/p>\n<p>For \u00e5 gj\u00f8re vondt verre var det ingen gammel kjerre de hadde v\u00e6rt uheldig med. Aleksander sier Tesla-bilen deres var flunkende ny.<\/p>\n<p>\u2013 Det f\u00f8rste jeg tenkte var at det her var j\u00e6vlig kjipt, for den bilen var 30 dager gammel. Vi hadde akkurat blitt kvitt den gamle og f\u00e5tt en ny bil p\u00e5 tunet, og s\u00e5 blir den knust, sier han.<\/p>\n<p>   <img decoding=\"async\" width=\"1242\" height=\"1017\" fetchpriority=\"low\"  loading=\"lazy\"  src=\"https:\/\/www.europesays.com\/no\/wp-content\/uploads\/2025\/10\/ny_bil.jpg\" alt=\"\" class=\"brick-c-cFOWSL\" style=\"--brick-image-ratio: 1242 \/ 1017;\"\/><\/p>\n<p>    Dette bildet tok Aleksander \u00d8stbye Myrvold av samboeren Birgitte S\u00f8rpoll da de nettopp hadde kj\u00f8pt ny Tesla. I natt fikk bilen gjennomg\u00e5.<\/p>\n<p>Ikke hadde han mye tid til \u00e5 hanskes med problemet, heller. Han skulle nemlig selv p\u00e5 jobb som trafikkleder hos Tide Horisont, der han jobber med drift av busstrafikken, som neppe er helt up\u00e5virket av uv\u00e6ret Amy, heller. Han m\u00e5tte derfor n\u00f8ye seg med \u00e5 dokumentere skaden f\u00f8r han l\u00f8p av g\u00e5rde.<\/p>\n<p>\u2013 Jeg tok noen bilder, og s\u00e5 m\u00e5tte jeg bare springe p\u00e5 jobb. Jeg tror bilen fortsatt st\u00e5r der, men borettslaget skulle pr\u00f8ve \u00e5 fjerne containeren, sier han til BA l\u00f8rdag formiddag.<\/p>\n<p>  <a href=\"https:\/\/www.ba.no\/5-8-3177184\" class=\"related-teaser has-image default-story-teaser article--c-eRUmMG article--c-eRUmMG-jKCPdD-design-default\" rel=\"nofollow noopener\" target=\"_blank\"><\/p>\n<p>    <img decoding=\"async\" loading=\"lazy\"  src=\"https:\/\/www.europesays.com\/no\/wp-content\/uploads\/2025\/10\/DSC09423.jpg\" alt=\"\" class=\"brick-c-cFOWSL\" style=\"\"\/><\/p>\n<p>\n            Les ogs\u00e5<\/p>\n<p>              Taket p\u00e5 Jonsvollkvartalet har rast ned\n        <\/p>\n<p>  <\/a><\/p>\n<p>  <a href=\"https:\/\/www.ba.no\/5-8-3177152\" class=\"related-teaser has-image default-story-teaser article--c-eRUmMG article--c-eRUmMG-jKCPdD-design-default\" rel=\"nofollow noopener\" target=\"_blank\"><\/p>\n<p>    <img decoding=\"async\" loading=\"lazy\"  src=\"https:\/\/www.europesays.com\/no\/wp-content\/uploads\/2025\/10\/1759585332_44_IMG_7747+%281%29+%281%29.jpeg\" alt=\"\" class=\"brick-c-cFOWSL\" style=\"\"\/><\/p>\n<p>\n            Les ogs\u00e5<\/p>\n<p>              Skademeldingene renner inn etter \u00abAmy\u00bb\n        <\/p>\n<p>  <\/a><br \/>\n  \u2013 H\u00f8rte mye rare lyder i natt<\/p>\n<p>Aleksander sier til BA at han tenkte bilen sto trygt da han parkerte den ved containeren sent i g\u00e5r kveld, og at han tenkte den kanskje sto litt skjermet for ting som kunne komme flygende i vinden. Dagen derp\u00e5 er han litt overrasket over at containeren ikke var bedre sikret p\u00e5 hj\u00f8rnet der den sto.<\/p>\n<p>\u2013 Det er alltid mye vind p\u00e5 Mannsverk, og akkurat n\u00e5r du passerer det hj\u00f8rnet blir du sl\u00e5tt av vinden. Det er bra tr\u00f8kk der, hevder han.<\/p>\n<p>    Vil du se neste video?<\/p>\n<p>    <a href=\"https:\/\/www.ba.no\/henger-velter-pa-sotrabroen\/v\/5-8-3175875\" class=\"recommend-poster\" data-adp-clicklabel=\"video-recommend\" data-adp-clickvalue=\"poster\" rel=\"nofollow noopener\" target=\"_blank\"><br \/>\n      <img decoding=\"async\" width=\"200\" height=\"200\" loading=\"lazy\" src=\"https:\/\/www.europesays.com\/no\/wp-content\/uploads\/2025\/10\/v-i-7023fc47-0b69-4c82-8860-b322c577a4d2-1.jpg\" alt=\"\" class=\"brick-c-cFOWSL\" style=\"--brick-image-ratio: 200 \/ 200;\"\/><\/p>\n<p>Henger velter pa\u030a Sotrabroen0:27<\/p>\n<p>    <\/a><\/p>\n<p>Og under uv\u00e6ret i natt tok vinden godt tak, forteller han:<\/p>\n<p>\u2013 Det var ikke s\u00e5 lett \u00e5 f\u00e5 seg noe s\u00f8vn i natt, og det slo bra mot veggene. Jeg h\u00f8rte mye rare lyder utenfor vinduet, men det slo meg aldri at jeg kunne v\u00e5kne til at en container hadde bl\u00e5st p\u00e5 bilen, sier han, noe m\u00e5nebedotten.<\/p>\n<p>Den uheldige bileieren tenker uansett at han ikke f\u00e5r gjort s\u00e5 mye mer med saken akkurat n\u00e5.<\/p>\n<p>\u2013 Vi har meldt det inn p\u00e5 forsikringen, og mer f\u00e5r jeg ikke gjort med det. Jeg har leiebil p\u00e5 forsikringen, s\u00e5 saken f\u00e5r g\u00e5 sin gang.<\/p>\n<p>Og de er langt fra de eneste som har meldt krav til forsikringen p\u00e5 grunn av uv\u00e6ret. Forsikringsselskapet If opplyste at de ved 0800-tiden l\u00f8rdag morgen allerede hadde f\u00e5tt rundt 50 skademeldinger, mens Tryg kunne fortelle at de 0930 hadde f\u00e5tt 70 skader innmeldt.<\/p>\n<p>  <a href=\"https:\/\/www.ba.no\/5-8-3177152\" class=\"related-teaser has-image default-story-teaser article--c-eRUmMG article--c-eRUmMG-jKCPdD-design-default\" rel=\"nofollow noopener\" target=\"_blank\"><\/p>\n<p>    <img decoding=\"async\" loading=\"lazy\"  src=\"https:\/\/www.europesays.com\/no\/wp-content\/uploads\/2025\/10\/1759585332_44_IMG_7747+%281%29+%281%29.jpeg\" alt=\"\" class=\"brick-c-cFOWSL\" style=\"\"\/><\/p>\n<p>\n            Les ogs\u00e5<\/p>\n<p>              Skademeldingene renner inn etter \u00abAmy\u00bb\n        <\/p>\n<p>  <\/a><\/p>\n<p>Han er usikker p\u00e5 om enden p\u00e5 visen blir at de f\u00e5r en ny bil, eller om Teslaen kan repareres p\u00e5 verksted.<\/p>\n<p>\u2013 Skulle dere kanskje hatt en  i natt?<\/p>\n<p><b>\u2013 Det skulle ha v\u00e6rt en Cybertruck. En s\u00e5nn bil ville nok v\u00e6rt bedre rustet for v\u00e6ret i natt.<\/b><\/p>\n<p>  <a href=\"https:\/\/www.ba.no\/5-8-3177244\" class=\"related-teaser has-image default-story-teaser article--c-eRUmMG article--c-eRUmMG-jKCPdD-design-default\" rel=\"nofollow noopener\" target=\"_blank\"><\/p>\n<p>    <img decoding=\"async\" loading=\"lazy\"  src=\"https:\/\/www.europesays.com\/no\/wp-content\/uploads\/2025\/10\/IMG_1160+%281%29.jpg\" alt=\"\" class=\"brick-c-cFOWSL\" style=\"\"\/><\/p>\n<p>\n            Les ogs\u00e5<\/p>\n<p>              Politiet har sperret av blokk p\u00e5 Mannsverk: Frykter mer kan l\u00f8sne\n        <\/p>\n<p>  <\/a><\/p>\n","protected":false},"excerpt":{"rendered":"Mandag formiddag sperret politiet av omr\u00e5det rundt en boligblokk ved Mannsverk Torg. Vinden i uv\u00e6ret Amy rev l\u00f8s&hellip;\n","protected":false},"author":2,"featured_media":52532,"comment_status":"","ping_status":"","sticky":false,"template":"","format":"standard","meta":{"footnotes":""},"categories":[5],"tags":[36,222,20,21,24,25,15,19,22,23,17,18,8002,13,30,28,29,447,14,16,1510,272,26,27,8003],"class_list":{"0":"post-52531","1":"post","2":"type-post","3":"status-publish","4":"format-standard","5":"has-post-thumbnail","7":"category-overskrifter","8":"tag-art","9":"tag-bil","10":"tag-breaking-news","11":"tag-breakingnews","12":"tag-featured-news","13":"tag-featurednews","14":"tag-headlines","15":"tag-hovedoppslag","16":"tag-latest-news","17":"tag-latestnews","18":"tag-main-news","19":"tag-mainnews","20":"tag-mannsverk","21":"tag-news","22":"tag-no","23":"tag-norge","24":"tag-norway","25":"tag-nyhet","26":"tag-nyheter","27":"tag-overskrifter","28":"tag-story","29":"tag-tesla","30":"tag-top-stories","31":"tag-topstories","32":"tag-uvaeret-amy"},"share_on_mastodon":{"url":"","error":""},"_links":{"self":[{"href":"https:\/\/www.europesays.com\/no\/wp-json\/wp\/v2\/posts\/52531","targetHints":{"allow":["GET"]}}],"collection":[{"href":"https:\/\/www.europesays.com\/no\/wp-json\/wp\/v2\/posts"}],"about":[{"href":"https:\/\/www.europesays.com\/no\/wp-json\/wp\/v2\/types\/post"}],"author":[{"embeddable":true,"href":"https:\/\/www.europesays.com\/no\/wp-json\/wp\/v2\/users\/2"}],"replies":[{"embeddable":true,"href":"https:\/\/www.europesays.com\/no\/wp-json\/wp\/v2\/comments?post=52531"}],"version-history":[{"count":0,"href":"https:\/\/www.europesays.com\/no\/wp-json\/wp\/v2\/posts\/52531\/revisions"}],"wp:featuredmedia":[{"embeddable":true,"href":"https:\/\/www.europesays.com\/no\/wp-json\/wp\/v2\/media\/52532"}],"wp:attachment":[{"href":"https:\/\/www.europesays.com\/no\/wp-json\/wp\/v2\/media?parent=52531"}],"wp:term":[{"taxonomy":"category","embeddable":true,"href":"https:\/\/www.europesays.com\/no\/wp-json\/wp\/v2\/categories?post=52531"},{"taxonomy":"post_tag","embeddable":true,"href":"https:\/\/www.europesays.com\/no\/wp-json\/wp\/v2\/tags?post=52531"}],"curies":[{"name":"wp","href":"https:\/\/api.w.org\/{rel}","templated":true}]}}