{"id":52539,"date":"2025-10-04T13:57:27","date_gmt":"2025-10-04T13:57:27","guid":{"rendered":"https:\/\/www.europesays.com\/no\/52539\/"},"modified":"2025-10-04T13:57:27","modified_gmt":"2025-10-04T13:57:27","slug":"start-sjefen-om-ekstremvaeret-vi-folger-vaersituasjonen-tett-fvn-no","status":"publish","type":"post","link":"https:\/\/www.europesays.com\/no\/52539\/","title":{"rendered":"(+) Start-sjefen om ekstremv\u00e6ret: \u2013 Vi f\u00f8lger v\u00e6rsituasjonen tett &#8211; fvn.no"},"content":{"rendered":"<ol>\n<li><a href=\"https:\/\/news.google.com\/rss\/articles\/CBMirgFBVV95cUxPdFc4bHlfNmJSMlZyN3E2MUhtM1ZiQm5veEdnU2xJbEdDZ1h5U2JiYzNvQzhkcHZ4QlVfdU9WMks4eGduOUxlak0xSDFVb0xzSjRfc0VNS1MtTm9FX1E2Zi1jcEJXT3ZMU3JOTVRwcDJwWnpKODU3UWJLdUhRS3BnRjNBUkdjN2NVQTJ1RUNQVWVPVmllMEtsVWtiNi1PVWFrR3o2RS0yVWxYRDBMbUE?oc=5\" target=\"_blank\" rel=\"nofollow noopener\">(+) Start-sjefen om ekstremv\u00e6ret: \u2013 Vi f\u00f8lger v\u00e6rsituasjonen tett<\/a>&nbsp;&nbsp;fvn.no<\/li>\n<li><a href=\"https:\/\/news.google.com\/rss\/articles\/CBMilgFBVV95cUxOS3BzZnBSeGdxVlRiWF91VVJLekRtY2k1Z0ZaZ3UwSExweWJJTG9FaEYzcENpZmN3ODVsdEpvb3NtQm9ZVVpWblc0d3p4NVdrSXFMOUVjWmlpODZ3VndIUFhaSFVYT2YyYVZDUWpORlQ0TlZjZk9oS2o3TzEtdFZfM3ZqNTR1d3B5WlQ3cHhVVlphdDhtbkE?oc=5\" target=\"_blank\" rel=\"nofollow noopener\">Se v\u00e5r sending f\u00f8r kampen. Karadas tar grep.<\/a>&nbsp;&nbsp;fvn.no<\/li>\n<li><a href=\"https:\/\/news.google.com\/rss\/articles\/CBMikgFBVV95cUxPeEZrODIyeHJwbDlBdUpiN2xSdExnWXppY00tM0hybjhZWGpHczV5YlFXR1hfTTJ5UWZMNDZhOUs3TmsxNGl6Q3JaXzRVSzRqRk9HWkJIRXZBQmwxT2FTa1QtdFlhR2lZeFFreTJ4Smk2dzljeFlvdVZQNWdiaXluR19KUDRMVXU1dUZBWDVocVdNQQ?oc=5\" target=\"_blank\" rel=\"nofollow noopener\">Les deg opp f\u00f8r morgendagens Rosa Sl\u00f8yfe-kamp mot Raufoss!<\/a>&nbsp;&nbsp;IK Start<\/li>\n<li><a href=\"https:\/\/news.google.com\/rss\/articles\/CBMilAFBVV95cUxOODFCaXRxNDdFcjlyaUFBSTFQeGNENjhVTHo5MkJ1OEhLd3FlOFZRNkZBSmxoeTZnWkx0bEVIVVA1RndHUndyaHQ4VkNpLWNSdElWeVZhS1QxbEctLVJURHFGdTJuQ0tkTU40S2dMRXhPV3BIOTNVUDBzR2haNllNSk1rTENxOU92dGRnSkZDODJrdFNx?oc=5\" target=\"_blank\" rel=\"nofollow noopener\">Start, Sport | Kan jubelscenene komme tilbake? Se og f\u00f8lg kampen med KRS<\/a>&nbsp;&nbsp;KRS &#8211; Avisen Kristiansand<\/li>\n<li><a href=\"https:\/\/news.google.com\/rss\/articles\/CBMiiAFBVV95cUxNbnpQcXhISWNRU0M4TG1XdmIzV3dSV19mLWpLNnplRVF5SVBoT3NqRUU5UGV2NEZ4b2dFR05ZXzJwd1dsMWxUZjFkN3lmTFAyR2pYSXhOcHphVTh4MnJFM3NKWVpjSTZxNDM4cG41WVRrZ205d2lwM2pWY1VoQ1NUaEJLNFZueVdw?oc=5\" target=\"_blank\" rel=\"nofollow noopener\">H\u00e5kon Lorentzen tilbake &#8211; Dette er laget mot Raufoss<\/a>&nbsp;&nbsp;IK Start<\/li>\n<\/ol>\n","protected":false},"excerpt":{"rendered":"(+) Start-sjefen om ekstremv\u00e6ret: \u2013 Vi f\u00f8lger v\u00e6rsituasjonen tett&nbsp;&nbsp;fvn.no Se v\u00e5r sending f\u00f8r kampen. Karadas tar grep.&nbsp;&nbsp;fvn.no Les&hellip;\n","protected":false},"author":2,"featured_media":52540,"comment_status":"","ping_status":"","sticky":false,"template":"","format":"standard","meta":{"footnotes":""},"categories":[59],"tags":[303,1573,30,28,29,83,82],"class_list":{"0":"post-52539","1":"post","2":"type-post","3":"status-publish","4":"format-standard","5":"has-post-thumbnail","7":"category-sport","8":"tag-ik-start","9":"tag-liveblogg-post-pa-collection","10":"tag-no","11":"tag-norge","12":"tag-norway","13":"tag-sport","14":"tag-sports"},"share_on_mastodon":{"url":"","error":""},"_links":{"self":[{"href":"https:\/\/www.europesays.com\/no\/wp-json\/wp\/v2\/posts\/52539","targetHints":{"allow":["GET"]}}],"collection":[{"href":"https:\/\/www.europesays.com\/no\/wp-json\/wp\/v2\/posts"}],"about":[{"href":"https:\/\/www.europesays.com\/no\/wp-json\/wp\/v2\/types\/post"}],"author":[{"embeddable":true,"href":"https:\/\/www.europesays.com\/no\/wp-json\/wp\/v2\/users\/2"}],"replies":[{"embeddable":true,"href":"https:\/\/www.europesays.com\/no\/wp-json\/wp\/v2\/comments?post=52539"}],"version-history":[{"count":0,"href":"https:\/\/www.europesays.com\/no\/wp-json\/wp\/v2\/posts\/52539\/revisions"}],"wp:featuredmedia":[{"embeddable":true,"href":"https:\/\/www.europesays.com\/no\/wp-json\/wp\/v2\/media\/52540"}],"wp:attachment":[{"href":"https:\/\/www.europesays.com\/no\/wp-json\/wp\/v2\/media?parent=52539"}],"wp:term":[{"taxonomy":"category","embeddable":true,"href":"https:\/\/www.europesays.com\/no\/wp-json\/wp\/v2\/categories?post=52539"},{"taxonomy":"post_tag","embeddable":true,"href":"https:\/\/www.europesays.com\/no\/wp-json\/wp\/v2\/tags?post=52539"}],"curies":[{"name":"wp","href":"https:\/\/api.w.org\/{rel}","templated":true}]}}