{"id":52547,"date":"2025-10-04T14:04:30","date_gmt":"2025-10-04T14:04:30","guid":{"rendered":"https:\/\/www.europesays.com\/no\/52547\/"},"modified":"2025-10-04T14:04:30","modified_gmt":"2025-10-04T14:04:30","slug":"kjempesmell-for-liverpool","status":"publish","type":"post","link":"https:\/\/www.europesays.com\/no\/52547\/","title":{"rendered":"Kjempesmell for Liverpool"},"content":{"rendered":"<p>  Premier League-leder Liverpool m\u00e5 klare seg uten den brasilianske sisteskansen Alisson Becker i mange uker framover.<\/p>\n<p>\n    Alisson Becker er skadet. Foto: Francisco Seco \/ AP \/ NTB\n  <\/p>\n<p>Manager Arne Slot opplyste om m\u00e5lvaktens skadesituasjon p\u00e5 en pressekonferanse fredag.<\/p>\n<p>\u2013 Han er ikke en del av troppen v\u00e5r denne helgen, og han spiller heller ikke de kommende landskampene for Brasil. Jeg blir ogs\u00e5 overrasket om han er aktuell for de f\u00f8rste kampene etter landslagspausen, sa Slot.<\/p>\n<p>Han understreket at lengden p\u00e5 frav\u00e6ret kommer an p\u00e5 rehabiliteringen.<\/p>\n<p><a href=\"https:\/\/www.nytimes.com\/athletic\/6681156\/2025\/10\/02\/alisson-hamstring-injury-liverpool-update\/?utm_source=sdrn%3Avg%3Aarticle%3AMnz4VJ\" target=\"_blank\" rel=\"nofollow noopener\">The Athletic\u00a0<\/a>skriver at Alisson Becker trolig ikke vil bli \u00e5 se p\u00e5 banen f\u00f8r etter landslagspausen i neste m\u00e5ned.<\/p>\n<p>    <a itemprop=\"url\" href=\"https:\/\/sol.no\/video\/ikke-ring-ambulanse\/DRbDbjE0\" rel=\"nofollow noopener\" target=\"_blank\"><\/p>\n<p>      <img loading=\"lazy\" decoding=\"async\" src=\"https:\/\/www.europesays.com\/no\/wp-content\/uploads\/2025\/10\/83670112.webp\" width=\"147\" height=\"98\" title=\"- Ikke ring ambulanse\" alt=\"\" class=\"lazyload\" style=\"--aspect-ratio-image: 1.50; \"\/><\/p>\n<p>        &#8211; Ikke ring ambulanse<\/p>\n<p>sol.no<\/p>\n<p>    <\/a><\/p>\n<p>M\u00e5lvakten m\u00e5tte g\u00e5 av banen i Champions League-kampen mot Galatasaray tidligere denne uken etter \u00e5 ha p\u00e5dratt seg en l\u00e5rskade. I etterkant hadde ikke Liverpool opplyst noe om omfanget f\u00f8r fredag.<\/p>\n<p>Dersom rapportene om at et langt skadeavbrekk viser seg \u00e5 stemme, vil \u00e9n av Liverpools viktigste spillere blant annet g\u00e5 glipp av viktige kamper mot Manchester City og Real Madrid i tiden som kommer.<\/p>\n<p>33-\u00e5ringen har v\u00e6rt skadeplaget de siste sesongene. Mer enn en gang er det l\u00e5rskader som har v\u00e6rt problemet.<\/p>\n","protected":false},"excerpt":{"rendered":"Premier League-leder Liverpool m\u00e5 klare seg uten den brasilianske sisteskansen Alisson Becker i mange uker framover. Alisson Becker&hellip;\n","protected":false},"author":2,"featured_media":52548,"comment_status":"","ping_status":"","sticky":false,"template":"","format":"standard","meta":{"footnotes":""},"categories":[59],"tags":[7914,92,1848,30,28,29,14,83,82],"class_list":{"0":"post-52547","1":"post","2":"type-post","3":"status-publish","4":"format-standard","5":"has-post-thumbnail","7":"category-sport","8":"tag-alisson-becker","9":"tag-fotball","10":"tag-liverpool","11":"tag-no","12":"tag-norge","13":"tag-norway","14":"tag-nyheter","15":"tag-sport","16":"tag-sports"},"share_on_mastodon":{"url":"","error":""},"_links":{"self":[{"href":"https:\/\/www.europesays.com\/no\/wp-json\/wp\/v2\/posts\/52547","targetHints":{"allow":["GET"]}}],"collection":[{"href":"https:\/\/www.europesays.com\/no\/wp-json\/wp\/v2\/posts"}],"about":[{"href":"https:\/\/www.europesays.com\/no\/wp-json\/wp\/v2\/types\/post"}],"author":[{"embeddable":true,"href":"https:\/\/www.europesays.com\/no\/wp-json\/wp\/v2\/users\/2"}],"replies":[{"embeddable":true,"href":"https:\/\/www.europesays.com\/no\/wp-json\/wp\/v2\/comments?post=52547"}],"version-history":[{"count":0,"href":"https:\/\/www.europesays.com\/no\/wp-json\/wp\/v2\/posts\/52547\/revisions"}],"wp:featuredmedia":[{"embeddable":true,"href":"https:\/\/www.europesays.com\/no\/wp-json\/wp\/v2\/media\/52548"}],"wp:attachment":[{"href":"https:\/\/www.europesays.com\/no\/wp-json\/wp\/v2\/media?parent=52547"}],"wp:term":[{"taxonomy":"category","embeddable":true,"href":"https:\/\/www.europesays.com\/no\/wp-json\/wp\/v2\/categories?post=52547"},{"taxonomy":"post_tag","embeddable":true,"href":"https:\/\/www.europesays.com\/no\/wp-json\/wp\/v2\/tags?post=52547"}],"curies":[{"name":"wp","href":"https:\/\/api.w.org\/{rel}","templated":true}]}}