{"id":52552,"date":"2025-10-04T14:10:11","date_gmt":"2025-10-04T14:10:11","guid":{"rendered":"https:\/\/www.europesays.com\/no\/52552\/"},"modified":"2025-10-04T14:10:11","modified_gmt":"2025-10-04T14:10:11","slug":"lokaldebatten-meninger-vi-ma-innse-at-denne-smabykranglingen-ikke-bare-er-utdatert-den-er-direkte-skadelig","status":"publish","type":"post","link":"https:\/\/www.europesays.com\/no\/52552\/","title":{"rendered":"Lokaldebatten, Meninger | Vi m\u00e5 innse at denne sm\u00e5bykranglingen ikke bare er utdatert \u2013 den er direkte skadelig"},"content":{"rendered":"\n<p>Etter tre \u00e5r med rekrutteringsarbeid, er det spesielt \u00e9n ting jeg har l\u00e6rt: Skal vi lykkes med \u00e5 tiltrekke oss unge talenter fra resten av landet, kan vi ikke st\u00e5 alene. Vi kan ikke snakke om lille Mo i Rana isolert, eller Mosj\u00f8en, Br\u00f8nn\u00f8ysund eller Sandnessj\u00f8en for den saks skyld. Vi m\u00e5 snakke om Helgeland.<\/p>\n<p>I konkurransen om de kloke hodene og de kreative sjelene \u2013 som vi er helt avhengige av for \u00e5 forme fremtidens n\u00e6ringsliv \u2013 m\u00e5 vi tilby et helt landskap av muligheter. Vi vet at det st\u00f8rste lokkemiddelet ofte er hvilken spennende jobb du og din partner kan f\u00e5 her og n\u00e5, men vi m\u00e5 ogs\u00e5 fortelle om alle de andre mulighetene: om karrierestigen, om veiene videre. Og vi m\u00e5 fortelle om bonusene \u2013 de r\u00e5e fjellturene (for de som liker s\u00e5nt), festivalene, og de unike sosiale nettverkene vi har. Kort sagt: vi m\u00e5 fortelle om Helgeland.<\/p>\n<p>I over tre \u00e5r har vi i Rana Utvikling, sammen med Mosj\u00f8en og Omegn N\u00e6ringsselskap, gjort nettopp dette. Vi har reist rundt p\u00e5 karrieredager sammen, m\u00f8tt unge mennesker som er nysgjerrige p\u00e5 hva Helgeland kan tilby. Og sammen med veteranen i gamet, Kunnskapsparken Helgeland, har vi arrangert Helgelandstreff \u2013 en arena hvor unge helgelendinger og Helgelandsvenner f\u00e5r m\u00f8te n\u00e6ringslivet. Nettopp det at vi stiller skulder ved skulder som region, gir oss tyngde n\u00e5r vi snakker om muligheter. Dette hadde for \u00f8vrig ikke v\u00e6rt mulig uten st\u00f8tte fra SpareBank 1 Helgeland. De \u2013 og vi \u2013 har erkjent at samarbeid er avgj\u00f8rende. For selv om vi til syvende og sist konkurrerer om talentene, s\u00e5 er det talentene som skal velge. V\u00e5r jobb er \u00e5 s\u00f8rge for at de f\u00e5r et godt og helhetlig bilde av mulighetene.<\/p>\n<p>Dette samarbeidet gir meg tro p\u00e5 framtida. Likevel hender det at jeg blir minnet p\u00e5 at gamle holdninger fortsatt lever.<\/p>\n<p>I sommer, da jeg var i Oslo, hadde jeg p\u00e5 meg en T-skjorte jeg har f\u00e5tt i gave fra kolleger i Mosj\u00f8en. Den skiller seg ut \u2013 p\u00e5 brystet st\u00e5r det med store bokstaver: \u201cGo kuk \u00e5t katto\u201d. En godt voksen mann p\u00e5 nabobordet spurte hva i all verden det betydde. Da jeg forklarte, ble det h\u00f8y latter, og vi kom i prat. Etter hvert kom det frem at jeg var fra Mo i Rana, og da ble han litt forvirret \u2013 hvorfor en ranv\u00e6ring gikk med et vefsnings-uttrykk. Selv om det i situasjonen var mest latter og uh\u00f8ytidelighet, er det jo egentlig ganske trist \u00e5 f\u00e5 det sp\u00f8rsm\u00e5let fra en fremmed, og desto verre at han brukte uttrykket \u00abNordens Balkan\u00bb.<\/p>\n<p>Men jeg har selv erfart hvor dypt gamle vaner kan sitte. Jeg husker en gang i Stavanger, p\u00e5 bes\u00f8k hos en venninne, hvor en kompis av henne raskt slo fast: \u00ab\u00c5ja, du er fra Mosj\u00f8en?\u00bb Han sa det skr\u00e5sikkert, fordi han mente \u00e5 h\u00f8re det p\u00e5 dialekten. Og f\u00f8r jeg visste ordet av det, s\u00e5 glapp det ut av meg: \u201cDet e eg faen ikke.\u201d Jeg mente det ikke vondt, men det var s\u00e5 inn\u00f8vd, s\u00e5 automatisk, at jeg ikke engang rakk \u00e5 tenke meg om f\u00f8r det var sagt.<\/p>\n<p>Dette er en vane som g\u00e5r i arv. Sm\u00e5 unger som aldri har satt sine f\u00f8tter i nabobyen, kan lire av seg bemerkninger om b\u00e5de idioter og gribber som bor s\u00f8r for (eller nord for) et visst fjell. De fleste barna har ikke opplevd noe selv, eller v\u00e6rt del av debatten om flyplass og sykehus. Men fordi de har h\u00f8rt disse adjektivene rundt kj\u00f8kkenbordet, blir de hengende fast som sannheter om mennesker de ikke har m\u00f8tt. Og vi voksne har ofte ledd litt av det, tatt det som en sp\u00f8k. Men sannheten er at vi da holder liv i et fossil av en mening \u2013 som g\u00e5r i arv. Derfor er samarbeidet p\u00e5 Helgeland s\u00e5 viktig. Ikke bare fordi det styrker markedsf\u00f8ringen, men fordi det styrker samholdet.<\/p>\n<p>Vi m\u00e5 innse at denne sm\u00e5bykranglingen ikke bare er utdatert \u2013 den er direkte skadelig. N\u00e5r vi snakker ned hverandre, snakker vi ogs\u00e5 ned oss selv. For den som vurderer \u00e5 flytte hit for \u00e5 jobbe, studere eller starte familie, bryr seg sjelden om forskjellen mellom Mo i Rana og Mosj\u00f8en. De ser Helgeland. Og da m\u00e5 vi s\u00f8rge for at bildet de f\u00e5r, er preget av samarbeid, stolthet og framtidstro.<\/p>\n<p>Vi m\u00e5 samarbeide der vi kan, og konkurrere der vi m\u00e5. Vi kan samarbeide om forsvarsindustri, st\u00e5 sammen om \u00e5 utvikle Nordlandsbanen, og jobbe for nye arbeidsplasser ytterst og innerst i regionen. Samtidig m\u00e5 vi akseptere at n\u00e5r det gjelder arbeidskraften, er det folk selv som velger hvor de vil sl\u00e5 seg ned. V\u00e5r oppgave er \u00e5 vise frem styrkene til hele Helgeland \u2013 slik at valget blir lettere for dem.<\/p>\n<p>Derfor m\u00e5 vi st\u00e5 samlet om hvem vi er. Det er ikke Mo i Rana. Ikke Mosj\u00f8en. Ikke Sandnessj\u00f8en. Ikke Br\u00f8nn\u00f8ysund. Det er Helgeland. Og det som er godt for naboen, er faktisk godt for deg.<\/p>\n<p>De siste \u00e5rene har SpareBank 1 Helgeland v\u00e6rt en viktig st\u00f8ttespiller i \u00e5 gj\u00f8re samarbeid p\u00e5 tvers mulig. N\u00e5 h\u00e5per vi \u00e5 kunne bygge videre p\u00e5 dette \u2013 slik at vi sammen kan skape en enda sterkere region i \u00e5rene som kommer.<\/p>\n<p><b>Mer fra forfatteren: <\/b><\/p>\n<p>  <a href=\"https:\/\/www.ranablad.no\/5-42-1453631\" class=\"related-teaser has-image default-opinion-teaser article--c-eRUmMG article--c-eRUmMG-jKCPdD-design-default\" rel=\"nofollow noopener\" target=\"_blank\"><\/p>\n<p>    <img decoding=\"async\" loading=\"lazy\"  src=\"https:\/\/www.europesays.com\/no\/wp-content\/uploads\/2025\/10\/Helgetanker+debattvignett+utkast.png\" alt=\"\" class=\"brick-c-cFOWSL\" style=\"\"\/><\/p>\n<p>\n            Les ogs\u00e5<\/p>\n<p>              Dette er de fem verdiene som sier noe om Mo i Rana\n        <\/p>\n<p>  <\/a><\/p>\n<p>  <a href=\"https:\/\/www.ranablad.no\/5-42-1397719\" class=\"related-teaser has-image default-opinion-teaser article--c-eRUmMG article--c-eRUmMG-jKCPdD-design-default\" rel=\"nofollow noopener\" target=\"_blank\"><\/p>\n<p>    <img decoding=\"async\" loading=\"lazy\"  src=\"https:\/\/www.europesays.com\/no\/wp-content\/uploads\/2025\/10\/1759587011_679_Helgetanker+debattvignett+utkast.png\" alt=\"\" class=\"brick-c-cFOWSL\" style=\"\"\/><\/p>\n<p>\n            Les ogs\u00e5<\/p>\n<p>              Jeg tror enhver kommune og industrikommuner is\u00e6r, hadde takket ja til Freyr. For vi ranv\u00e6ringer sitter ikke med skjegget i postkassa\n        <\/p>\n<p>  <\/a><\/p>\n<p>  <a href=\"https:\/\/www.ranablad.no\/5-42-1359865\" class=\"related-teaser has-image default-opinion-teaser article--c-eRUmMG article--c-eRUmMG-jKCPdD-design-default\" rel=\"nofollow noopener\" target=\"_blank\"><\/p>\n<p>    <img decoding=\"async\" loading=\"lazy\"  src=\"https:\/\/www.europesays.com\/no\/wp-content\/uploads\/2025\/10\/ukesluttiselin.jpg\" alt=\"\" class=\"brick-c-cFOWSL\" style=\"\"\/><\/p>\n<p>\n            Les ogs\u00e5<\/p>\n<p>              Jeg har flyttet tilbake til en helt annen by enn den jeg forlot\n        <\/p>\n<p>  <\/a><\/p>\n<p>  <a href=\"https:\/\/www.ranablad.no\/5-42-1321792\" class=\"related-teaser has-image default-opinion-teaser article--c-eRUmMG article--c-eRUmMG-jKCPdD-design-default\" rel=\"nofollow noopener\" target=\"_blank\"><\/p>\n<p>    <img decoding=\"async\" loading=\"lazy\"  src=\"https:\/\/www.europesays.com\/no\/wp-content\/uploads\/2025\/10\/Kopi+av+Kopi+av+RanaBlad+-+Debattvignett+%281%29.png\" alt=\"\" class=\"brick-c-cFOWSL\" style=\"\"\/><\/p>\n<p>\n            Les ogs\u00e5<\/p>\n<p>              Det eneste arkitekten har lyktes med er \u00e5 fortsette standarden vi har lagt for v\u00e5re innfarts\u00e5rer: Velkommen til brakkebyen Mo i Rana\n        <\/p>\n<p>  <\/a><\/p>\n","protected":false},"excerpt":{"rendered":"Etter tre \u00e5r med rekrutteringsarbeid, er det spesielt \u00e9n ting jeg har l\u00e6rt: Skal vi lykkes med \u00e5&hellip;\n","protected":false},"author":2,"featured_media":52553,"comment_status":"","ping_status":"","sticky":false,"template":"","format":"standard","meta":{"footnotes":""},"categories":[5],"tags":[36,20,21,24,25,15,6410,19,22,23,6409,17,18,156,13,30,28,29,14,1533,16,26,27],"class_list":{"0":"post-52552","1":"post","2":"type-post","3":"status-publish","4":"format-standard","5":"has-post-thumbnail","7":"category-overskrifter","8":"tag-art","9":"tag-breaking-news","10":"tag-breakingnews","11":"tag-featured-news","12":"tag-featurednews","13":"tag-headlines","14":"tag-helgetanker","15":"tag-hovedoppslag","16":"tag-latest-news","17":"tag-latestnews","18":"tag-lokaldebatten","19":"tag-main-news","20":"tag-mainnews","21":"tag-meninger","22":"tag-news","23":"tag-no","24":"tag-norge","25":"tag-norway","26":"tag-nyheter","27":"tag-opinion","28":"tag-overskrifter","29":"tag-top-stories","30":"tag-topstories"},"share_on_mastodon":{"url":"","error":""},"_links":{"self":[{"href":"https:\/\/www.europesays.com\/no\/wp-json\/wp\/v2\/posts\/52552","targetHints":{"allow":["GET"]}}],"collection":[{"href":"https:\/\/www.europesays.com\/no\/wp-json\/wp\/v2\/posts"}],"about":[{"href":"https:\/\/www.europesays.com\/no\/wp-json\/wp\/v2\/types\/post"}],"author":[{"embeddable":true,"href":"https:\/\/www.europesays.com\/no\/wp-json\/wp\/v2\/users\/2"}],"replies":[{"embeddable":true,"href":"https:\/\/www.europesays.com\/no\/wp-json\/wp\/v2\/comments?post=52552"}],"version-history":[{"count":0,"href":"https:\/\/www.europesays.com\/no\/wp-json\/wp\/v2\/posts\/52552\/revisions"}],"wp:featuredmedia":[{"embeddable":true,"href":"https:\/\/www.europesays.com\/no\/wp-json\/wp\/v2\/media\/52553"}],"wp:attachment":[{"href":"https:\/\/www.europesays.com\/no\/wp-json\/wp\/v2\/media?parent=52552"}],"wp:term":[{"taxonomy":"category","embeddable":true,"href":"https:\/\/www.europesays.com\/no\/wp-json\/wp\/v2\/categories?post=52552"},{"taxonomy":"post_tag","embeddable":true,"href":"https:\/\/www.europesays.com\/no\/wp-json\/wp\/v2\/tags?post=52552"}],"curies":[{"name":"wp","href":"https:\/\/api.w.org\/{rel}","templated":true}]}}