{"id":52554,"date":"2025-10-04T14:12:11","date_gmt":"2025-10-04T14:12:11","guid":{"rendered":"https:\/\/www.europesays.com\/no\/52554\/"},"modified":"2025-10-04T14:12:11","modified_gmt":"2025-10-04T14:12:11","slug":"jan-thomas-triller-terningkast-pa-antrekkene-fra-ingen-kommentar-premieren","status":"publish","type":"post","link":"https:\/\/www.europesays.com\/no\/52554\/","title":{"rendered":"Jan Thomas triller terningkast p\u00e5 antrekkene fra \u00abIngen Kommentar\u00bb-Premieren"},"content":{"rendered":"<p class=\"kicker \" style=\"\">Jan Thomas p\u00e5 filmpremiere:<\/p>\n<p>  &#8211; Jeg har definitivt kommentarer til antrekkene p\u00e5 premieren<br \/>\nav filmen \u00abIngen kommentar\u00bb! Se hvem som f\u00e5r ros &#8211; og hvem som f\u00e5r ris.<\/p>\n<p>\n    PYNTET: Linni Meister, Lilli Bendriss og Pia Tjelta er blant festdeltakerne som f\u00e5r terningkast av Jan Thomas.\n  <\/p>\n<p>            <img loading=\"lazy\" decoding=\"async\" src=\"https:\/\/www.europesays.com\/no\/wp-content\/uploads\/2025\/10\/83600569.webp\" width=\"579\" height=\"881\" title=\"Feil fasong\" alt=\"\" class=\"\" style=\"--aspect-ratio-image: 0.66; \"\/><\/p>\n<p>Per Sandberg (65)<br \/>\n<br \/>Politiker <br \/>Antrekk: Sko fra Wave\u00a0<\/p>\n<p>Per mister dessverre balansen i<br \/>\nantrekket sitt. Det er fordi de brede<br \/>\nskulderputene gj\u00f8r overkroppen<br \/>\ntung, mens de trange buksene trekker i motsatt retning og gir en lite<br \/>\nflatterende silhuett \u2013 nesten som<br \/>\net utropstegn. Joggeskoene blir<br \/>\nogs\u00e5 feil i denne kombinasjonen.<br \/>\nMed riktige proporsjoner ville Per<br \/>\nsett langt mer stilsikker ut.<\/p>\n<p>      Vis mer<br \/>\n      Vis mindre<\/p>\n<p>            <img loading=\"lazy\" decoding=\"async\" src=\"https:\/\/www.europesays.com\/no\/wp-content\/uploads\/2025\/10\/83600600.webp\" width=\"579\" height=\"1008\" title=\"Litt dystert\" alt=\"\" class=\"\" style=\"--aspect-ratio-image: 0.57; \"\/><\/p>\n<p>Laila Goody (54)<br \/>\n<br \/>Kjent fra \u00abLykkeland\u00bb<br \/>\n<br \/>Antrekk: Kjole fra Bruuns Bazaar<\/p>\n<p>Du ser flott ut, men helsort p\u00e5 en<br \/>\nfilmpremiere er alltid litt risikabelt.<br \/>\nDet kan fungere helt fantastisk, men<br \/>\nda m\u00e5 man velge et snitt og en styling<br \/>\nsom gj\u00f8r det sofistikert og glamor\u00f8st.<br \/>\nHer blir det dessverre mer dystert,<br \/>\nnesten som om du er p\u00e5 vei til en<br \/>\nbegravelse. H\u00e5r og sminke er nydelig,<br \/>\nmen antrekket mangler det l\u00f8ftet som<br \/>\nen r\u00f8d l\u00f8per virkelig fortjener.<\/p>\n<p>      Vis mer<br \/>\n      Vis mindre<\/p>\n<p>            <img loading=\"lazy\" decoding=\"async\" src=\"https:\/\/www.europesays.com\/no\/wp-content\/uploads\/2025\/10\/83600603.webp\" width=\"579\" height=\"944\" title=\"T\u00f8ft uten glam\" alt=\"\" class=\"\" style=\"--aspect-ratio-image: 0.61; \"\/><\/p>\n<p>Ane Dahl Torp (50)<br \/>\n<br \/>Kjent fra \u00abB\u00f8lgen\u00bb<br \/>\n<br \/>Antrekk: Ukjent<\/p>\n<p>Anes antrekk er uten tvil et av<br \/>\nde kuleste jeg har sett \u2013 det<br \/>\ner r\u00e5tt, moderne og utrolig<br \/>\nstilsikkert. Men p\u00e5 en r\u00f8d<br \/>\nl\u00f8per forventer jeg mer glamour, noe som l\u00f8fter helheten<br \/>\ntil det ekstraordin\u00e6re. Dette<br \/>\nantrekket kunne fungert perfekt til m\u00f8ter, middag med<br \/>\nvenner eller en kaffe med<br \/>\nvenninner, men p\u00e5 en kveld<br \/>\nsom dette hadde jeg \u00f8nsket<br \/>\nmeg et snev av mer glam.<\/p>\n<p>      Vis mer<br \/>\n      Vis mindre<\/p>\n<p>            <img loading=\"lazy\" decoding=\"async\" src=\"https:\/\/www.europesays.com\/no\/wp-content\/uploads\/2025\/10\/83600606.webp\" width=\"579\" height=\"869\" title=\"Bra jobbet\" alt=\"\" class=\"\" style=\"--aspect-ratio-image: 0.67; \"\/><\/p>\n<p>Anders Baasmo Christiansen (49)<br \/>\n<br \/>Kjent fra \u00abB\u00f8rning\u00bb<br \/>Antrekk: Ukjent\u00a0<\/p>\n<p>Det er alltid g\u00f8y \u00e5 se norske menn p\u00e5<br \/>\nden r\u00f8de l\u00f8peren, og her har vi en som<br \/>\nvirkelig har pr\u00f8vd. Hvit dress gir en<br \/>\nglamor\u00f8s Hollywood-f\u00f8lelse, og man<br \/>\nser tydelig at antrekket er planlagt med<br \/>\nomtanke. Det er helt riktig \u00e5 kun kneppe den \u00f8verste knappen, og det trekker opp. Jeg synes dette er en mann<br \/>\nsom er inne p\u00e5 noe, og selv om det<br \/>\nmangler en siste internasjonal touch<br \/>\n\u2013 er det bra jobbet!<\/p>\n<p>      Vis mer<br \/>\n      Vis mindre<\/p>\n<p>            <img loading=\"lazy\" decoding=\"async\" src=\"https:\/\/www.europesays.com\/no\/wp-content\/uploads\/2025\/10\/83600605.webp\" width=\"579\" height=\"910\" title=\"Som Sophia Loren\" alt=\"\" class=\"\" style=\"--aspect-ratio-image: 0.64; \"\/><\/p>\n<p>Pia Tjelta (47)<br \/>\n<br \/>Kjent fra \u00abLykkeland\u00bb<br \/>\n<br \/>Antrekk: Kjole fra Pia Tjelta<\/p>\n<p>Prinsesse Pia er rett og slett<br \/>\nen \u00e5penbaring her, og minner om en ung Sophia Loren.<br \/>\nHun utstr\u00e5ler en sofistikert<br \/>\neleganse av internasjonalt<br \/>\nkaliber, og antrekket er intet<br \/>\nmindre enn verdensklasse.<br \/>\nH\u00e5r, sminke og helhet er<br \/>\nfullkomment \u2013 hun er en ekte<br \/>\ndiva som kunne glidd rett<br \/>\ninn p\u00e5 hvilken som helst r\u00f8d<br \/>\nl\u00f8per i verden.<\/p>\n<p>      Vis mer<br \/>\n      Vis mindre<\/p>\n<p>            <img loading=\"lazy\" decoding=\"async\" src=\"https:\/\/www.europesays.com\/no\/wp-content\/uploads\/2025\/10\/83600608.webp\" width=\"579\" height=\"915\" title=\"Spennende\" alt=\"\" class=\"\" style=\"--aspect-ratio-image: 0.63; \"\/><\/p>\n<p>Sigrid Bonde Tusvik (45)<br \/>\n<br \/>Komiker<br \/>\n<br \/>Antrekk: Veske fra Lancel\u00a0<\/p>\n<p>Dette fungerer bra, Sigrid. Antrekket<br \/>\ner sexy, sofistikert og har en herlig<br \/>\nselvsikkerhet over seg. Den h\u00f8ye splitten gir antrekket energi, mens den<br \/>\nstore dressjakken tilf\u00f8rer et l\u00f8ft som<br \/>\ngj\u00f8r helheten mer spennende. N\u00e5r man<br \/>\nvelger en mer basic stil er det alltid<br \/>\nriktig med et glamor\u00f8st dryss, og skoene her er helt perfekt valgt. Det er<br \/>\nnoe \u00abDjevelen g\u00e5r i Prada\u00bb over uttrykket \u2013 det kler deg sv\u00e6rt godt.<\/p>\n<p>      Vis mer<br \/>\n      Vis mindre<\/p>\n<p>            <img loading=\"lazy\" decoding=\"async\" src=\"https:\/\/www.europesays.com\/no\/wp-content\/uploads\/2025\/10\/83600566.webp\" width=\"579\" height=\"846\" title=\"Helt riktig\" alt=\"\" class=\"\" style=\"--aspect-ratio-image: 0.68; \"\/><\/p>\n<p>Henriette Steenstrup (50)<br \/>\n<br \/>Kjent fra \u00abP\u00f8rni\u00bb<br \/>\n<br \/>Antrekk: Ukjent\u00a0<\/p>\n<p>Henriette str\u00e5ler som aldri f\u00f8r p\u00e5<br \/>\nden r\u00f8de l\u00f8peren. Antrekket er<br \/>\nenkelt, men s\u00e5 kult utf\u00f8rt at hun<br \/>\naldri har sett mer moderne og sexy<br \/>\nut. Selv med baseball-caps leverer<br \/>\nhun med selvsikker eleganse, og<br \/>\ntil og med jeansjakken hun b\u00e6rer<br \/>\nunder armen ville kledd helheten<br \/>\nperfekt. Jeg applauderer henne p\u00e5<br \/>\nalle m\u00e5ter \u2013 dette er gjennomf\u00f8rt,<br \/>\nstilsikkert og helt riktig.<\/p>\n<p>      Vis mer<br \/>\n      Vis mindre<\/p>\n<p>            <img loading=\"lazy\" decoding=\"async\" src=\"https:\/\/www.europesays.com\/no\/wp-content\/uploads\/2025\/10\/83600610.webp\" width=\"579\" height=\"910\" title=\"Nesten perfekt\" alt=\"\" class=\"\" style=\"--aspect-ratio-image: 0.64; \"\/><\/p>\n<p data-lab-font_weight=\"\">Lubna Jaffery (45)<br \/>\n<br \/>Kulturminister<br \/>\n<br \/>Antrekk: Cape fra Iben\u00a0<\/p>\n<p>Du str\u00e5ler som alltid, og antrekket<br \/>\ndu har valgt er b\u00e5de sommerlig og<br \/>\ngjennomtenkt. Kjolen har et nydelig<br \/>\nblomsterm\u00f8nster med den viktige<br \/>\nmarkeringen i livet, og den hvite kappen over gj\u00f8r helheten ekstra spennende. Dette er virkelig godt satt<br \/>\nsammen, og du b\u00e6rer det med selvsikkerhet. Det eneste som mangler<br \/>\ner det siste lille som l\u00f8fter antrekket<br \/>\nfra fem til seks p\u00e5 terningen.<\/p>\n<p>      Vis mer<br \/>\n      Vis mindre<\/p>\n<p>            <img loading=\"lazy\" decoding=\"async\" src=\"https:\/\/www.europesays.com\/no\/wp-content\/uploads\/2025\/10\/83600570.webp\" width=\"579\" height=\"892\" title=\"Ro det ned\" alt=\"\" class=\"\" style=\"--aspect-ratio-image: 0.65; \"\/><\/p>\n<p>Linni Meister (39)<br \/>\n<br \/>TV-profil<br \/>\n<br \/>Antrekk: Veske fra Valentino\u00a0<\/p>\n<p>Linni er kanskje den som er aller<br \/>\nmest tro mot sin egen stil, og det<br \/>\nst\u00e5r det respekt av. Kjolen er helt<br \/>\nnydelig, og jeg hadde elsket den til<br \/>\net par enkle hudfargede stiletter.<br \/>\nSt\u00f8vlettene, vesken og jakken er<br \/>\nkule hver for seg, men samlet blir<br \/>\ndet litt for mye av det gode. Ta det<br \/>\nsom et kompliment, min venn \u2013 du<br \/>\ntrenger ikke alt dette for \u00e5 skinne.<\/p>\n<p>      Vis mer<br \/>\n      Vis mindre<\/p>\n<p>            <img loading=\"lazy\" decoding=\"async\" src=\"https:\/\/www.europesays.com\/no\/wp-content\/uploads\/2025\/10\/83600570.webp\" width=\"579\" height=\"892\" title=\"Elegant\" alt=\"\" class=\"\" style=\"--aspect-ratio-image: 0.65; \"\/><\/p>\n<p>Lili Bendriss (79)<br \/>\n<br \/>Kjent fra \u00ab\u00c5ndenes makt\u00bb<br \/>\n<br \/>Antrekk: Jakke fra Karen Millen<br \/>\nMin gode venn Lilli er en klasse for<br \/>\nseg selv, og det merkes etter mange<br \/>\n\u00e5r i rampelyset. Hun har en imponerende forst\u00e5else for hva hun kler,<br \/>\nog hvordan hun fremhever sin<br \/>\nsilhuett. Den sorte kjolen sitter som<br \/>\nst\u00f8pt, og lengden p\u00e5 skinnjakken<br \/>\nmarkerer midjen p\u00e5 en uts\u00f8kt m\u00e5te.<br \/>\nSmykkene og skoene fullf\u00f8rer helheten med eleganse.<\/p>\n<p>      Vis mer<br \/>\n      Vis mindre<\/p>\n<p class=\"font-weight-bold m-font-weight-bold\" data-lab-font_weight=\"font-weight-bold\">LES OGS\u00c5:\u00a0<a href=\"https:\/\/www.seher.no\/kongelig\/slar-tilbake-nok-er-nok\/83579230\" rel=\"nofollow noopener\" target=\"_blank\">Sl\u00e5r tilbake: &#8211; Nok er nok<\/a><\/p>\n<p>        HYLLES: Sofia Tjelta sin overraskelse til moren Pia Tjelta hylles i sosiale medier. Video: TVNorge \/ Reporter: Sanne Holt<\/p>\n","protected":false},"excerpt":{"rendered":"Jan Thomas p\u00e5 filmpremiere: &#8211; Jeg har definitivt kommentarer til antrekkene p\u00e5 premieren av filmen \u00abIngen kommentar\u00bb! Se&hellip;\n","protected":false},"author":2,"featured_media":52555,"comment_status":"","ping_status":"","sticky":false,"template":"","format":"standard","meta":{"footnotes":""},"categories":[58],"tags":[8011,8014,71,7681,2286,479,5836,8013,2404,7456,8012,30,28,29,1677,1650,8015,72],"class_list":{"0":"post-52554","1":"post","2":"type-post","3":"status-publish","4":"format-standard","5":"has-post-thumbnail","7":"category-underholdning","8":"tag-anders-baasmo-christiansen","9":"tag-ane-dahl-torp","10":"tag-entertainment","11":"tag-henriette-steenstrup","12":"tag-jan-thomas","13":"tag-kjendis","14":"tag-laila-goody","15":"tag-lilli-bendriss","16":"tag-linni-meister","17":"tag-lubna-jaffery","18":"tag-motepolitiet","19":"tag-no","20":"tag-norge","21":"tag-norway","22":"tag-per-sandberg","23":"tag-pia-tjelta","24":"tag-sigrid-bonde-tusvik","25":"tag-underholdning"},"share_on_mastodon":{"url":"","error":""},"_links":{"self":[{"href":"https:\/\/www.europesays.com\/no\/wp-json\/wp\/v2\/posts\/52554","targetHints":{"allow":["GET"]}}],"collection":[{"href":"https:\/\/www.europesays.com\/no\/wp-json\/wp\/v2\/posts"}],"about":[{"href":"https:\/\/www.europesays.com\/no\/wp-json\/wp\/v2\/types\/post"}],"author":[{"embeddable":true,"href":"https:\/\/www.europesays.com\/no\/wp-json\/wp\/v2\/users\/2"}],"replies":[{"embeddable":true,"href":"https:\/\/www.europesays.com\/no\/wp-json\/wp\/v2\/comments?post=52554"}],"version-history":[{"count":0,"href":"https:\/\/www.europesays.com\/no\/wp-json\/wp\/v2\/posts\/52554\/revisions"}],"wp:featuredmedia":[{"embeddable":true,"href":"https:\/\/www.europesays.com\/no\/wp-json\/wp\/v2\/media\/52555"}],"wp:attachment":[{"href":"https:\/\/www.europesays.com\/no\/wp-json\/wp\/v2\/media?parent=52554"}],"wp:term":[{"taxonomy":"category","embeddable":true,"href":"https:\/\/www.europesays.com\/no\/wp-json\/wp\/v2\/categories?post=52554"},{"taxonomy":"post_tag","embeddable":true,"href":"https:\/\/www.europesays.com\/no\/wp-json\/wp\/v2\/tags?post=52554"}],"curies":[{"name":"wp","href":"https:\/\/api.w.org\/{rel}","templated":true}]}}