{"id":52556,"date":"2025-10-04T14:14:30","date_gmt":"2025-10-04T14:14:30","guid":{"rendered":"https:\/\/www.europesays.com\/no\/52556\/"},"modified":"2025-10-04T14:14:30","modified_gmt":"2025-10-04T14:14:30","slug":"faerre-gar-konkurs-derfor-er-det-allikevel-stillstand-i-boligbygging-itromso-no","status":"publish","type":"post","link":"https:\/\/www.europesays.com\/no\/52556\/","title":{"rendered":"(+) F\u00e6rre g\u00e5r konkurs \u2013 derfor er det allikevel stillstand i boligbygging &#8211; itromso.no"},"content":{"rendered":"<ol>\n<li><a href=\"https:\/\/news.google.com\/rss\/articles\/CBMirgFBVV95cUxNNlJTVGluY21lZmpKVlJrVFlBamdjQThISm9ySExJMUZCWE45NmdoOG5RRy1WSHpKT3dCRnRiSkJlMXJXenFIZU4xV0Z5OUx0cWZZOHhGb2Y4SjNvRzhvYldGNUNMLVlhN2w5d2phOE9PNFVmWGtTQ1BuMjJlZDMzTWQzQVZ5b0hXZFB3eTYzRWVaRVZBa0k3R3V2LVJzcmp3UldjOS1iZ3RZUUFDQ1E?oc=5\" target=\"_blank\" rel=\"nofollow noopener\">(+) F\u00e6rre g\u00e5r konkurs \u2013 derfor er det allikevel stillstand i boligbygging<\/a>&nbsp;&nbsp;itromso.no<\/li>\n<li><a href=\"https:\/\/news.google.com\/rss\/articles\/CBMijAFBVV95cUxOSmZSNGIxWnNaNkF4LVotM28tWE9CTllFVElGTVNuMzhKODMtNFM3Z2plaEx3MFlic1p2amtPQ0ctenlIOFlDUGhBakpRUHEzSHVzN3E1aGdOMlpweUxleThDbm01WUZMVDVfY3l6LVU4RjhYSmllckJnR2xBS0tzSldBcGJYc0pJVHJjRw?oc=5\" target=\"_blank\" rel=\"nofollow noopener\">(+) F\u00e6rre konkurser \u2013 unntatt i eiendomssektoren<\/a>&nbsp;&nbsp;lister24.no<\/li>\n<li><a href=\"https:\/\/news.google.com\/rss\/articles\/CBMirAFBVV95cUxNcDZ2TUk0VXVyVzRlUTV1aFpUNUw4UVhwTTZycWVpeE1pMzg0LUg4bjBXQWJEeHYxejFpMVhvS2xmUkFiUnh4SkVZYlRxNXBwTW81RTJMLVRXSjZhUy1JSHdtM1h3Xzd1cl9NWmZ4MnpKUjJOS28yZmRQaW1LNFM4S2R5U3V6aUVPaWw0MFVaVjJNUGNGRXlFaDByXzZaMWY1QzRGS0tzak45WlBj?oc=5\" target=\"_blank\" rel=\"nofollow noopener\">(+) Konkurs\u00adnedgang i tredje kvartal &#8211; men ikke for eiendom<\/a>&nbsp;&nbsp;Bygg.no<\/li>\n<li><a href=\"https:\/\/news.google.com\/rss\/articles\/CBMimwFBVV95cUxNTEozUGlqbEt1UGdiaVVmMzlMdkg3eGJ1RVBJWC1SU25pVXpJMEg0VXV5WWtYWGR6dVpGV2gyUGdUNXUzUmVQUlo2TjJRdGhweGNtNWh2OWVTRnR4YmFnQ0p2MG5aSjhhZ1RkZngyZEh0YXBpaDZOeXlfZFBaMGZQWHdGM21DVlNNR1ZIbW5zUExFMmZkOE92dXBUSQ?oc=5\" target=\"_blank\" rel=\"nofollow noopener\">\u00d8konomi og n\u00e6ringsliv, Asker | Kun to konkurser i Asker i september: &#8211; Har l\u00e6rt \u00e5 h\u00e5ndtere press<\/a>&nbsp;&nbsp;R\u00f8yken og Hurums Avis<\/li>\n<li><a href=\"https:\/\/news.google.com\/rss\/articles\/CBMiakFVX3lxTE41RjdoU0VNME9CYm4zZnhwT0dqMTdHb3JYcHZXQndEZWR5V0o1NHdUTWVmMjI1YmVpSkp4UmR4bDZUVlN4RjJBUWhxRWVQVDYxOWt5SWpqc2pCR0tDV2Rkd09BS0dmQnpqbmc?oc=5\" target=\"_blank\" rel=\"nofollow noopener\">Boligministeren mener konkurstallene er bekymringsfulle<\/a>&nbsp;&nbsp;EiendomsWatch<\/li>\n<\/ol>\n","protected":false},"excerpt":{"rendered":"(+) F\u00e6rre g\u00e5r konkurs \u2013 derfor er det allikevel stillstand i boligbygging&nbsp;&nbsp;itromso.no (+) F\u00e6rre konkurser \u2013 unntatt i&hellip;\n","protected":false},"author":2,"featured_media":52557,"comment_status":"","ping_status":"","sticky":false,"template":"","format":"standard","meta":{"footnotes":""},"categories":[56],"tags":[8016,1257,60,3176,3174,8017,61,2525,1484,62,30,28,29],"class_list":{"0":"post-52556","1":"post","2":"type-post","3":"status-publish","4":"format-standard","5":"has-post-thumbnail","7":"category-naeringsliv","8":"tag-anleggsbransjen","9":"tag-boligbygging","10":"tag-business","11":"tag-byggebransjen","12":"tag-creditsafe","13":"tag-dun-bradstreet","14":"tag-economy","15":"tag-eiendom","16":"tag-konkurs","17":"tag-naeringsliv","18":"tag-no","19":"tag-norge","20":"tag-norway"},"share_on_mastodon":{"url":"","error":""},"_links":{"self":[{"href":"https:\/\/www.europesays.com\/no\/wp-json\/wp\/v2\/posts\/52556","targetHints":{"allow":["GET"]}}],"collection":[{"href":"https:\/\/www.europesays.com\/no\/wp-json\/wp\/v2\/posts"}],"about":[{"href":"https:\/\/www.europesays.com\/no\/wp-json\/wp\/v2\/types\/post"}],"author":[{"embeddable":true,"href":"https:\/\/www.europesays.com\/no\/wp-json\/wp\/v2\/users\/2"}],"replies":[{"embeddable":true,"href":"https:\/\/www.europesays.com\/no\/wp-json\/wp\/v2\/comments?post=52556"}],"version-history":[{"count":0,"href":"https:\/\/www.europesays.com\/no\/wp-json\/wp\/v2\/posts\/52556\/revisions"}],"wp:featuredmedia":[{"embeddable":true,"href":"https:\/\/www.europesays.com\/no\/wp-json\/wp\/v2\/media\/52557"}],"wp:attachment":[{"href":"https:\/\/www.europesays.com\/no\/wp-json\/wp\/v2\/media?parent=52556"}],"wp:term":[{"taxonomy":"category","embeddable":true,"href":"https:\/\/www.europesays.com\/no\/wp-json\/wp\/v2\/categories?post=52556"},{"taxonomy":"post_tag","embeddable":true,"href":"https:\/\/www.europesays.com\/no\/wp-json\/wp\/v2\/tags?post=52556"}],"curies":[{"name":"wp","href":"https:\/\/api.w.org\/{rel}","templated":true}]}}