{"id":52560,"date":"2025-10-04T14:17:24","date_gmt":"2025-10-04T14:17:24","guid":{"rendered":"https:\/\/www.europesays.com\/no\/52560\/"},"modified":"2025-10-04T14:17:24","modified_gmt":"2025-10-04T14:17:24","slug":"donald-trump-usas-forsvar-nar-stillheten-uttrykker-mer-enn-ord","status":"publish","type":"post","link":"https:\/\/www.europesays.com\/no\/52560\/","title":{"rendered":"Donald Trump, USAs forsvar | N\u00e5r stillheten uttrykker mer enn ord"},"content":{"rendered":"\n<p><b>Nesten 800<\/b> generaler og admiraler hadde blitt beordret til \u00e5 komme p\u00e5 m\u00f8tet fra hele verden p\u00e5 kort varsel (Quinn, M. \u00abTrump, Hegseth rally troops at rare meeting, rail against &laquo;woke&raquo; standards\u00bb CBS News 30.09.2025).Det var p\u00e5 forh\u00e5nd en viss nerv\u00f8sitet og spekulasjoner p\u00e5 hva m\u00f8tet skulle omhandle. Ville det bli annonsert store endringer i prioriteringer og utskiftninger i den milit\u00e6re ledelsen? Hvem m\u00e5tte i tilfelle g\u00e5 og hvem fikk bli?<\/p>\n<p><b>De h\u00f8ytst\u00e5ende<\/b> milit\u00e6re lederne som var samlet p\u00e5 Marine Corps Base Quantico 30. september i Quantico, Virginia, fikk h\u00f8re taler fra Trump og forsvarsminister Pete Hegseth i deres urovekkende fors\u00f8k p\u00e5 \u00e5 f\u00e5 de milit\u00e6re lederne til i f\u00f8rste rekke bli lojale til Trump-administrasjonens agenda og ikke konstitusjonen som de har sverget sin ed til \u00e5 f\u00f8lge. Forsamlingen av milit\u00e6rtopper sammen med Trump og Hegseth, fortonte seg som en fiasko og ble en pinlig aff\u00e6re for alle andre enn Trumps tilhengere som uansett mener Trump er et gudegitt geni i alt han foretar seg.<\/p>\n<p><b>P\u00e5 m\u00f8tet <\/b>snakket Hegseth blant annet som endringen av navnet p\u00e5 forsvarsdepartementet til krigsdepartementet, selv om det ikke offisielt har blitt godkjent av Kongressen. Han kritiserte d\u00e5rlige ledere (\u00abtoxic leaders\u00bb) som han anklaget for \u00e5 senke standardene for \u00e5 gj\u00f8re forsvarsdepartementet (krigsdepartementet) til et \u00abwoke department\u00bb. If\u00f8lge Hegseth skal 10 nye direktiver tre i kraft som involverer fysisk form, nye krav til stell og en tilbakevending til \u00abden h\u00f8yeste mannlige standarden\u00bb for kamp. Han kritiserte det han kalte \u00abfete tropper\u00bb og la til at \u00abdet er fullstendig uakseptabelt \u00e5 se fete generaler og admiraler i Pentagons gangene og i ledende kommandoer rundt om i verden. Det ser d\u00e5rlig ut.\u00bb<\/p>\n<p><b>Etter Hegseth<\/b> talte Trump til forsamlingen og sa: \u00abSammen vekker vi kriger\u00e5nden til live igjen.\u00bb Trumps tale varte over en time og inkluderte blant annet at han burde f\u00e5 Nobels fredspris, fredsforhandlinger mellom Israel og Hamas og hans kj\u00e6rlighet til tollsatser. Trump fortalte toppledere i det amerikanske milit\u00e6ret at den \u00abradikale venstresiden\u00bb er \u00abden indre fienden\u00bb og argumenterte for at han burde kunne bruke milit\u00e6ret i amerikanske byer. I realiteten betyr dette \u00e5 innf\u00f8re unntakstilstand som gir Trump enda mer makt og utvidede fullmakter.<\/p>\n<p>   <img decoding=\"async\" width=\"3548\" height=\"2365\" fetchpriority=\"low\"  loading=\"lazy\"  src=\"https:\/\/www.europesays.com\/no\/wp-content\/uploads\/2025\/10\/Trump+Hegseth.jpg\" alt=\"President Donald Trump is greeted by Secretary of Defense Pete Hegseth before speaking to a gathering of top U.S. military commandoers at Marine Corps Base Quantico, Tuesday, Sept. 30, 2025, in Quantico, Va. (AP Photo\/Evan Vucci)\" class=\"brick-c-cFOWSL\" style=\"--brick-image-ratio: 3548 \/ 2365;\"\/><\/p>\n<p>    VIL \u00abVEKKE KRIGER\u00c5NDEN\u00bb: President Donald Trump og krigsminister Pete Hegseth poserer f\u00f8r de g\u00e5r p\u00e5 podiet i Quantico.<br \/>\n    Foto: Evan Vucci, AP\/NTB\n  <\/p>\n<p><b>Den truende<\/b> og skremmende oppfordring til \u00e5 angripe landets \u00abindre fiender\u00bb og bruke USA byer som milit\u00e6re treningsomr\u00e5der, ble m\u00f8tt med overd\u00f8vende taushet fra milit\u00e6rtoppene. Byene det er snakk om, blir styrt av ordf\u00f8rere fra Det Demokratiske Partiet. I talen sa Trump blant annet at byen Portland \u00abser ut som en krigssone\u2026 Med mindre de spiller av falske opptak, s\u00e5 ser dette ut som andre verdenskrig\u00bb. Den milit\u00e6re forsamlingen som lyttet til Trumps grensel\u00f8se selvskryt, hans angrep p\u00e5 sine politiske motstandere og nedrakking av tidligere presidenter Joe Biden og Barack Obama, m\u00e5tte skj\u00f8nne at Trumps utsagn om Portland som \u00aben krigssone\u00bb var l\u00f8gn og at de har en \u00f8verstkommanderende som i sitt vrangforestillingsunivers ikke klarer \u00e5 skille mellom virkeligheten og \u00abfalske opptak\u00bb.<\/p>\n<p><b>Som \u00f8verstkommanderende<\/b> i kraft av \u00e5 v\u00e6re USAs president, n\u00e6rmest bad Trump de milit\u00e6re lederne om \u00e5 applaudere og sa deretter at de kunne gj\u00f8re som de ville og om de ville g\u00e5, kunne de gj\u00f8re det, men da ville de miste sin rang og jobben. Det er umulig \u00e5 vite om dette var en d\u00e5rlig sp\u00f8k fra Trump sin side. Sannsynligvis var det ikke det, s\u00e5 egosentrisk og h\u00e5rs\u00e5r som Trump utallige ganger har vist seg \u00e5 v\u00e6re. I sin selvopptatthet tror Trump at han er den beste presidenten og lederen i USAs historie, selv om alle andre enn Trump-lojalister mener det motsatte. Det m\u00e5 derfor ha v\u00e6rt ydmykende da Trump ikke fikk den forventede tordnende applausen og st\u00e5ende ovasjoner.<\/p>\n<p><b>Nettopp ydmykelse<\/b> er et sentralt element i forklaringen av Trump sine reaksjoner n\u00e5r verden g\u00e5r ham imot eller han ikke f\u00e5r den anerkjennelsen og applausen han mener han fortjener. Eksperter er enig i at Trump lider av det psykoanalysens grunnlegger Sigmund Freud kalte for \u00abnarsissistisk ydmykelse\u00bb (\u00abnarcissistic mortification\u00bb) som er n\u00e5r selvoppfatningen fremst\u00e5r som underlegen og vedkommende m\u00e5 overkompensere ved uhemmet \u00e5 fremheve \u00e5 skryte av seg selv (Brenner, M.J. \u00abNarcissism and Trump: The Long Story\u00bb The Globalist 14.09.2024). En klinisk psykolog ans\u00e5 visstnok Trump som en s\u00e5 klassisk patologisk narsissist at han faktisk arkiverte videoklipp av Trump for \u00e5 bruke ham i undervisnings\u00f8yemed og workshops (Conway III, G.T. \u00abUnfit for office\u00bb The Atlantic 03.10.2019). Dette fordi, if\u00f8lge den samme psykologen, ikke kunne finnes noe bedre eksempel for kjennetegn p\u00e5 patologisk narsissisme en nettopp hos Trump (ibid.).<\/p>\n<p>   <img decoding=\"async\" width=\"4958\" height=\"3305\" fetchpriority=\"low\"  loading=\"lazy\"  src=\"https:\/\/www.europesays.com\/no\/wp-content\/uploads\/2025\/10\/Trump+taler+2.jpg\" alt=\"President Donald Trump speaks to a gathering of top U.S. military commanders at Marine Corps Base Quantico, Tuesday, Sept. 30, 2025, in Quantico, Va. (AP Photo\/Evan Vucci)\" class=\"brick-c-cFOWSL\" style=\"--brick-image-ratio: 4958 \/ 3305;\"\/><\/p>\n<p>    AVM\u00c5LT RESPONS: Donald Trump fikk sm\u00e5tt med applaus.<br \/>\n    Foto: Evan Vucci, AP\/NTB\n  <\/p>\n<p><b>Trump har ogs\u00e5 <\/b>sine likheter fra dyreriket. Den kjente antropologen og primatologen Jane Goodall som d\u00f8de nylig (1.oktober), uttalte i et intervju at hun hadde sett den samme type oppf\u00f8rsel hos Trump som en hann-sjimpanse viser n\u00e5r han konkurrerer om dominans (Sundel, J. \u00abWhat Jane Goodall Said About Donald Trump\u00bb Newsweek 01.10.2025). Hann-sjimpansene er oppreiste, de skryter, de fremst\u00e5r som st\u00f8rre og mere aggressive enn det de egentlig er, for \u00e5 skremme rivalene sine, if\u00f8lge Goodall (ibid.). Generelt om tilstanden til amerikansk politikk under MSNBC-intervjuet, sa Goodall at for en som s\u00e5 p\u00e5 det hele utenfra, som ikke-amerikaner og ikke-politiker, er splittelsen i USA en tragedie som kan ha ringvirkninger over hele verden.<\/p>\n<p><b>Hva Trump forventer<\/b> er blind lojalitet og underdanig beundring fra lydige unders\u00e5tter. F\u00e5r han ikke det, fors\u00f8ker han \u00e5 true og tvinge folk til \u00e5 gi ham det. Og om det ikke nytter, kvitter han seg med medarbeidere og ansatte som ikke f\u00f8lger han i ett og alt. De som faller i un\u00e5de, f\u00e5r sparken.<\/p>\n<p><b>Hvis ikke<\/b> de milit\u00e6re topplederne vil f\u00f8lge opp Trumps oppfordringer og krav, er det ikke usannsynlig at hevnen blir satt ut i livet. Trump er av natur \u00e5penbart hevngjerrig og forsvarsministeren Hegseth har allerede sparket mange toppledere som ikke anses som Trump-lojale. Det er derfor forventet at dette vil v\u00e6re ytterligere en anledning \u00e5 f\u00e5 inn Trump-lojalister i det \u00f8verste milit\u00e6re ledelsessjikt.<\/p>\n","protected":false},"excerpt":{"rendered":"Nesten 800 generaler og admiraler hadde blitt beordret til \u00e5 komme p\u00e5 m\u00f8tet fra hele verden p\u00e5 kort&hellip;\n","protected":false},"author":2,"featured_media":52561,"comment_status":"","ping_status":"","sticky":false,"template":"","format":"standard","meta":{"footnotes":""},"categories":[5],"tags":[36,20,21,55,24,25,15,19,22,23,8020,17,18,8019,13,30,28,29,14,1533,16,6506,26,27,8018],"class_list":{"0":"post-52560","1":"post","2":"type-post","3":"status-publish","4":"format-standard","5":"has-post-thumbnail","7":"category-overskrifter","8":"tag-art","9":"tag-breaking-news","10":"tag-breakingnews","11":"tag-donald-trump","12":"tag-featured-news","13":"tag-featurednews","14":"tag-headlines","15":"tag-hovedoppslag","16":"tag-latest-news","17":"tag-latestnews","18":"tag-maga","19":"tag-main-news","20":"tag-mainnews","21":"tag-narsissisme","22":"tag-news","23":"tag-no","24":"tag-norge","25":"tag-norway","26":"tag-nyheter","27":"tag-opinion","28":"tag-overskrifter","29":"tag-pete-hegseth","30":"tag-top-stories","31":"tag-topstories","32":"tag-usas-forsvar"},"share_on_mastodon":{"url":"","error":""},"_links":{"self":[{"href":"https:\/\/www.europesays.com\/no\/wp-json\/wp\/v2\/posts\/52560","targetHints":{"allow":["GET"]}}],"collection":[{"href":"https:\/\/www.europesays.com\/no\/wp-json\/wp\/v2\/posts"}],"about":[{"href":"https:\/\/www.europesays.com\/no\/wp-json\/wp\/v2\/types\/post"}],"author":[{"embeddable":true,"href":"https:\/\/www.europesays.com\/no\/wp-json\/wp\/v2\/users\/2"}],"replies":[{"embeddable":true,"href":"https:\/\/www.europesays.com\/no\/wp-json\/wp\/v2\/comments?post=52560"}],"version-history":[{"count":0,"href":"https:\/\/www.europesays.com\/no\/wp-json\/wp\/v2\/posts\/52560\/revisions"}],"wp:featuredmedia":[{"embeddable":true,"href":"https:\/\/www.europesays.com\/no\/wp-json\/wp\/v2\/media\/52561"}],"wp:attachment":[{"href":"https:\/\/www.europesays.com\/no\/wp-json\/wp\/v2\/media?parent=52560"}],"wp:term":[{"taxonomy":"category","embeddable":true,"href":"https:\/\/www.europesays.com\/no\/wp-json\/wp\/v2\/categories?post=52560"},{"taxonomy":"post_tag","embeddable":true,"href":"https:\/\/www.europesays.com\/no\/wp-json\/wp\/v2\/tags?post=52560"}],"curies":[{"name":"wp","href":"https:\/\/api.w.org\/{rel}","templated":true}]}}