{"id":52562,"date":"2025-10-04T14:18:10","date_gmt":"2025-10-04T14:18:10","guid":{"rendered":"https:\/\/www.europesays.com\/no\/52562\/"},"modified":"2025-10-04T14:18:10","modified_gmt":"2025-10-04T14:18:10","slug":"mohammed-kudus-herjet-med-leeds-tottenham-fikk-opptur-etter-trobbel-mot-glimt","status":"publish","type":"post","link":"https:\/\/www.europesays.com\/no\/52562\/","title":{"rendered":"Mohammed Kudus herjet med Leeds \u2013 Tottenham fikk opptur etter tr\u00f8bbel mot Glimt"},"content":{"rendered":"\n<p class=\"_lead_1994c_2 _lead_xtcu6_50 layout-component text-serif-m layout-normal text-serif-l layout-component layout-wide layout-padded _wide_17hqh_1 layout-padded\">Mohammed Kudus ble en vanskelig n\u00f8tt \u00e5 knekke for Leeds-forsvaret da Tottenham vant 2\u20131 i Premier League og slo tilbake etter uavgjortresultatet mot Bod\u00f8\/Glimt.<\/p>\n<p> <img class=\"_image_qp4xg_65 layout-component layout-wide\" data-fullscreen- data-track-element-type=\"Article image fullscreen\" data-track-name=\"ImageFullscreen\" fetchpriority=\"high\" decoding=\"sync\" loading=\"eager\" height=\"102\" itemprop=\"image\"  src=\"https:\/\/www.europesays.com\/no\/wp-content\/uploads\/2025\/10\/a13792586a41b34498b56492af907c2e.jpg\"  style=\"object-position:50% 50%;aspect-ratio:1.75;height:auto;object-fit:cover;width:100%\" width=\"102\"\/>  <\/p>\n<ul aria-hidden=\"true\" class=\"_images_1y6fe_106\">\n<li><a class=\"_link_1y6fe_111\" href=\"https:\/\/www.vg.no\/forfatter\/ntb\" style=\"z-index:1\" title=\"NTB\" rel=\"nofollow noopener\" target=\"_blank\"><img alt=\"Bilde av NTB\" class=\"_image_1y6fe_88\" fetchpriority=\"low\" loading=\"lazy\" decoding=\"async\" itemprop=\"image\"  src=\"https:\/\/www.europesays.com\/no\/wp-content\/uploads\/2025\/10\/1759587490_602_c33980b0-5d07-4027-84a1-813f90a7c8d6\"  width=\"480\"\/><\/a><\/li>\n<\/ul>\n<p> Oppdatert l\u00f8rdag 4. oktober kl. 15:30     <\/p>\n<p class=\"_paragraph_1994c_4 _paragraph_xtcu6_10 layout-component text-serif-m layout-normal text-serif-m layout-padded\">Kudus, som ble hentet inn fra West Ham i sommerens overgangsvindu, har allerede bevist at han blir en solid tilvekst for Tottenham.<\/p>\n<p class=\"_paragraph_1994c_4 _paragraph_xtcu6_10 layout-component text-serif-m layout-normal text-serif-m layout-padded\">L\u00f8rdag slo han pasningen til m\u00e5l nummer \u00e9n og satte selv inn det andre i det som ble en sterk borteseier for mannskapet til Thomas Frank.<\/p>\n<p class=\"_paragraph_1994c_4 _paragraph_xtcu6_10 layout-component text-serif-m layout-normal text-serif-m layout-padded\">Den danske manageren kunne ogs\u00e5 glede seg over at spissen Mathys Tel fikk en etterlengtet scoring. Franskmannen har periodevis slitt tungt etter den permanente overgangen fra Bayern M\u00fcnchen.<\/p>\n<p class=\"_paragraph_1994c_4 _paragraph_xtcu6_10 layout-component text-serif-m layout-normal text-serif-m layout-padded\">20-\u00e5ringen ble tidligere i h\u00f8st utelatt fra Tottenhams Champions League-tropp. L\u00f8rdag fikk han sjansen fra start i ligaen.<\/p>\n<p class=\"_paragraph_1994c_4 _paragraph_xtcu6_10 layout-component text-serif-m layout-normal text-serif-m layout-padded\">Den mest bisarre episoden i l\u00f8rdagens kamp oppsto da Noah Okafor satte inn 1-1-m\u00e5let for Leeds f\u00f8r pause. Samtidig med at ballen gikk i nettet bak Tottenham-keeper Guglielmo Vicario, rullet en oppbl\u00e5sbar inn foran gjestenes m\u00e5l.<\/p>\n<p class=\"_paragraph_1994c_4 _paragraph_xtcu6_10 layout-component text-serif-m layout-normal text-serif-m layout-padded\">Plastballen s\u00e5 imidlertid ikke ut til \u00e5 forstyrre Vicario, og m\u00e5let ble godkjent.<\/p>\n<p class=\"_paragraph_1994c_4 _paragraph_xtcu6_10 layout-component text-serif-m layout-normal text-serif-m layout-padded\">Seieren i l\u00f8rdagens tidligkamp betydde at Tottenham klatret til annenplass p\u00e5 tabellen i <a href=\"https:\/\/www.vg.no\/tag\/premier-league?utm_source=vg-article&amp;utm_medium=auto-tagger&amp;utm_campaign=Av6d2z\" class=\"_link_1994c_39\" rel=\"nofollow noopener\" target=\"_blank\">Premier League<\/a> foran kampene senere l\u00f8rdag.<\/p>\n<p class=\"_paragraph_1994c_4 _paragraph_xtcu6_10 layout-component text-serif-m layout-normal text-serif-m layout-padded\">Leeds er p\u00e5 sin side nummer tolv med \u00e5tte poeng p\u00e5 syv kamper i comebacket p\u00e5 \u00f8verste niv\u00e5 i engelsk fotball.<\/p>\n","protected":false},"excerpt":{"rendered":"Mohammed Kudus ble en vanskelig n\u00f8tt \u00e5 knekke for Leeds-forsvaret da Tottenham vant 2\u20131 i Premier League og&hellip;\n","protected":false},"author":2,"featured_media":52563,"comment_status":"","ping_status":"","sticky":false,"template":"","format":"standard","meta":{"footnotes":""},"categories":[59],"tags":[2384,2093,30,28,29,161,83,82,1638],"class_list":{"0":"post-52562","1":"post","2":"type-post","3":"status-publish","4":"format-standard","5":"has-post-thumbnail","7":"category-sport","8":"tag-leeds-united","9":"tag-mohammed-kudus","10":"tag-no","11":"tag-norge","12":"tag-norway","13":"tag-premier-league","14":"tag-sport","15":"tag-sports","16":"tag-tottenham-hotspur-fc"},"share_on_mastodon":{"url":"","error":""},"_links":{"self":[{"href":"https:\/\/www.europesays.com\/no\/wp-json\/wp\/v2\/posts\/52562","targetHints":{"allow":["GET"]}}],"collection":[{"href":"https:\/\/www.europesays.com\/no\/wp-json\/wp\/v2\/posts"}],"about":[{"href":"https:\/\/www.europesays.com\/no\/wp-json\/wp\/v2\/types\/post"}],"author":[{"embeddable":true,"href":"https:\/\/www.europesays.com\/no\/wp-json\/wp\/v2\/users\/2"}],"replies":[{"embeddable":true,"href":"https:\/\/www.europesays.com\/no\/wp-json\/wp\/v2\/comments?post=52562"}],"version-history":[{"count":0,"href":"https:\/\/www.europesays.com\/no\/wp-json\/wp\/v2\/posts\/52562\/revisions"}],"wp:featuredmedia":[{"embeddable":true,"href":"https:\/\/www.europesays.com\/no\/wp-json\/wp\/v2\/media\/52563"}],"wp:attachment":[{"href":"https:\/\/www.europesays.com\/no\/wp-json\/wp\/v2\/media?parent=52562"}],"wp:term":[{"taxonomy":"category","embeddable":true,"href":"https:\/\/www.europesays.com\/no\/wp-json\/wp\/v2\/categories?post=52562"},{"taxonomy":"post_tag","embeddable":true,"href":"https:\/\/www.europesays.com\/no\/wp-json\/wp\/v2\/tags?post=52562"}],"curies":[{"name":"wp","href":"https:\/\/api.w.org\/{rel}","templated":true}]}}