{"id":52568,"date":"2025-10-04T14:24:16","date_gmt":"2025-10-04T14:24:16","guid":{"rendered":"https:\/\/www.europesays.com\/no\/52568\/"},"modified":"2025-10-04T14:24:16","modified_gmt":"2025-10-04T14:24:16","slug":"ekstremvaeret-amy-i-bilder","status":"publish","type":"post","link":"https:\/\/www.europesays.com\/no\/52568\/","title":{"rendered":"Ekstremv\u00e6ret \u00abAmy\u00bb i bilder"},"content":{"rendered":"<p> Ekstremv\u00e6ret \u00abAmy\u00bb har rast gjennom store deler av landet natt til l\u00f8rdag og utover formiddagen og ettermiddagen. Uv\u00e6ret har etterlatt seg veltede tr\u00e6r, skader og str\u00f8mbrudd.<\/p>\n<p>L\u00f8rdag ettermiddag har Norges vassdrags- og energidirektorat (NVE) oppjustert sine varsler.\u00a0<\/p>\n<p>          <img loading=\"lazy\" decoding=\"async\" src=\"https:\/\/www.europesays.com\/no\/wp-content\/uploads\/2025\/10\/83679772.webp\" width=\"980\" height=\"559\" title=\"MYE VANN: Ekstremv\u00e6ret har s\u00f8rget for veldig mye vann i veibanen flere steder - som her p\u00e5 N\u00f8tter\u00f8y utenfor T\u00f8nsberg. Foto: Lars Eivind Bones \/ Dagbladet\" alt=\"\" class=\"\" style=\"--aspect-ratio-image: 1.75; \"\/><\/p>\n<p>\n          MYE VANN: Ekstremv\u00e6ret har s\u00f8rget for veldig mye vann i veibanen flere steder &#8211; som her p\u00e5 N\u00f8tter\u00f8y utenfor T\u00f8nsberg. Foto: Lars Eivind Bones \/ Dagbladet\n      <\/p>\n<p>De har ute farevarsel p\u00e5 oransje niv\u00e5 for flom og skred p\u00e5 store deler av \u00d8stlandet, og l\u00f8rdag ble varselet utvidet til ogs\u00e5 \u00e5 gjelde kommunene Fl\u00e5, Hurdal, Nannestad, Lunner, Nittedal, Hole og Oslo.<\/p>\n<p>&#8211; Flomtoppen er mange steder fremdeles ikke n\u00e5dd, og vi er bekymret for jordskredfare i varslingsomr\u00e5det. S\u00e5 NVE fortsetter \u00e5 f\u00f8lge situasjonen tett, sier Torill Engen Skaugen, vaktleder i NVE.<\/p>\n<p>Vannet stiger  <\/p>\n<p>I deler av Vestfold og Telemark var det p\u00e5 forh\u00e5nd ventet at \u00abAmy\u00bb vil f\u00f8re med seg opp mot 100 millimeter regn p\u00e5 12 timer.\u00a0<\/p>\n<p>Thomas V\u00e6ringstad er hydrolog i NVE, og sier det forel\u00f8pig ser ut til at det er deler av Vestfold og grenseomr\u00e5dene mot Telemark og Buskerud som vil bli hardest rammet.\u00a0<\/p>\n<p>&#8211; Det har kommet ganske mye nedb\u00f8r, og vi ser at vannf\u00f8ringen stiger rundt elver i omr\u00e5det der, sier han til Dagbladet.<\/p>\n<p>Statsmeteorolog Bente Wahl oppfordrer alle til \u00e5 v\u00e6re oppmerksomme, selv n\u00e5r nedb\u00f8ren avtar.\u00a0<\/p>\n<p> &#8211; N\u00e5r vannglasset er fullt s\u00e5 skal det bare en dr\u00e5pe til f\u00f8r det renner over, sier hun til Dagbladet TV.<\/p>\n<p>        Ekstremv\u00e6ret \u00abAmy\u00bb har herja flere steder i landet l\u00f8rdag 4. oktober. Video: Fred Andr\u00e9 Lie \/ Mohammed Arabi \/ Danny Son Ngoc To\/ Trond Markus Gravdal \/ Lars Eivind Bones \/ Dagbladet \/ Yr. Reporter: Simone H. S\u00f8nstr\u00f8d\/Dagbladet<\/p>\n<p>          <img loading=\"lazy\" decoding=\"async\" src=\"https:\/\/www.europesays.com\/no\/wp-content\/uploads\/2025\/10\/83679781.webp\" width=\"980\" height=\"559\" title=\"STORE NEDB\u00d8RSMENGDER: I Sandefjord har det kommet mye vann i veibanen enkelte steder. Det har forel\u00f8pig ikke v\u00e6rt meldt om springflo, flom eller overfylte kjellere, men dette kan oppst\u00e5, s\u00e6rlig n\u00e5r havniv\u00e5et forventes \u00e5 stige utover l\u00f8rdagen og s\u00f8ndagen. Foto: Trond R. Teigen \/ NTB\" alt=\"\" class=\"\" style=\"--aspect-ratio-image: 1.75; \"\/><\/p>\n<p>\n          STORE NEDB\u00d8RSMENGDER: I Sandefjord har det kommet mye vann i veibanen enkelte steder. Det har forel\u00f8pig ikke v\u00e6rt meldt om springflo, flom eller overfylte kjellere, men dette kan oppst\u00e5, s\u00e6rlig n\u00e5r havniv\u00e5et forventes \u00e5 stige utover l\u00f8rdagen og s\u00f8ndagen. Foto: Trond R. Teigen \/ NTB\n      <\/p>\n<p>Kan skje etterp\u00e5  <\/p>\n<p>Selv n\u00e5r det verste er over, er det ikke dermed sagt at det ikke kan komme skader b\u00e5de fra vind og nedb\u00f8r den kommende tida, understreker hun.<\/p>\n<p>Meteorologen viser til at det ogs\u00e5 er meldt regn p\u00e5 \u00d8stlandet s\u00f8ndag, og at flom gjerne kan inntreffe i etterkant, fordi vannet fra fjellomr\u00e5dene bruker tid p\u00e5 \u00e5 renne ned i elvel\u00f8p, bekker og ut i havet.\u00a0<\/p>\n<p>&#8211; Flom i bekker og elvel\u00f8p kan intre etter den verste nedb\u00f8ren. S\u00e5 man m\u00e5 v\u00e6re \u00abobs\u00bb. Selv om de verste konsekvensene kommer under hendelsen, s\u00e5 er det gjerne seinvirkninger, sier Wahl.\u00a0<\/p>\n<p>    <a itemprop=\"url\" href=\"https:\/\/www.dagbladet.no\/nyheter\/farevarsler-oppjustert\/83679365\" rel=\"nofollow noopener\" target=\"_blank\"><\/p>\n<p>      <img loading=\"lazy\" decoding=\"async\" src=\"https:\/\/www.europesays.com\/no\/wp-content\/uploads\/2025\/10\/1759587850_635_83679376.webp\" width=\"980\" height=\"441\" title=\"Farevarsler oppjustert\" alt=\"\" class=\"lazyload\" style=\"--aspect-ratio-image: 2.22; \"\/><\/p>\n<p>        Farevarsler oppjustert <\/p>\n<p>    <\/a><\/p>\n<p>Meteorologisk institutt har sendt ut farevarsel for h\u00f8y vannstand p\u00e5 b\u00e5de gult og oransje niv\u00e5 for omr\u00e5der langs kysten.\u00a0<\/p>\n<p>&#8211; Vannmengdene altfor store<\/p>\n<p class=\"font-weight-bold m-font-weight-bold\" data-lab-font_weight=\"font-weight-bold\">I Vestfold har stormens herjinger s\u00f8rget for oversv\u00f8mmelse og stengte veier flere steder. Blant annet i Holmestrand, hvor politiet har vurdert at det er \u00abfarlig \u00e5 kj\u00f8re bil\u00bb, som f\u00f8lge av oversv\u00f8mmelser, og stengt veien.\u00a0<\/p>\n<p class=\"font-weight-normal m-font-weight-normal\" data-lab-font_weight=\"font-weight-normal\">Vestfold interkommunale brannvesen (VIB) skriver at vannet fosser nedover gaten og biler st\u00e5r under vann.\u00a0<\/p>\n<p class=\"font-weight-normal m-font-weight-normal\" data-lab-font_weight=\"font-weight-normal\"> &#8211; Dessverre er vannmengdene er altfor store til at en innsats fra oss har noen som helst effekt. Ny vurdering m\u00e5 gj\u00f8res n\u00e5r vannet som fosser fra fjellet avtar, sier brannmester Jardar Aftret.\u00a0<\/p>\n<p>          <img loading=\"lazy\" decoding=\"async\" src=\"https:\/\/www.europesays.com\/no\/wp-content\/uploads\/2025\/10\/83680386.webp\" width=\"980\" height=\"559\" title=\"STORE MENGDER: Store vannmengder i Holmestrand l\u00f8rdag. Foto: Vestfold interkommunale brannvesen (VIB)\" alt=\"\" class=\"\" style=\"--aspect-ratio-image: 1.75; \"\/><\/p>\n<p>\n          STORE MENGDER: Store vannmengder i Holmestrand l\u00f8rdag. Foto: Vestfold interkommunale brannvesen (VIB)\n      <\/p>\n<p class=\"font-weight-normal m-font-weight-normal\" data-lab-font_weight=\"font-weight-normal\">Det renner inn med meldinger om at vannskader eller vann truer bygg, sier han.\u00a0<\/p>\n<p class=\"font-weight-bold m-font-weight-bold\" data-lab-font_weight=\"font-weight-bold\">&#8211;\u00a0 Vi har ikke sjans til \u00e5 hjelpe alle samtidig. Byggeiere m\u00e5 pr\u00f8ve \u00e5 gj\u00f8re en innsats selv med \u00e5 lede vann vekk og holde sluk \u00e5pne. Vi forst\u00e5r det er fortvilende, men om vannmengden fortsatt \u00f8ker i f.eks. i en kjeller er det lite vi f\u00e5r gjort med v\u00e5rt utstyr, sier vakthavende brannsjef\u00a0 Andrew C. Wright.<\/p>\n<p class=\"font-weight-normal m-font-weight-normal\" data-lab-font_weight=\"font-weight-normal\">Brannvesenet sier videre at sv\u00e6rt mange ringer n\u00f8dnummeret for \u00e5 melde fra.\u00a0<\/p>\n<p class=\"font-weight-normal m-font-weight-normal\" data-lab-font_weight=\"font-weight-normal\">&#8211; Ikke gj\u00f8r det for vannskader, men bruk servicenummeret, sier de.\u00a0<\/p>\n<p data-lab-font_weight=\"\">Ogs\u00e5 p\u00e5 N\u00f8tter\u00f8y og i Sandefjord kom det i morgentimene store nedb\u00f8rsmengder.\u00a0<\/p>\n<p>    <a itemprop=\"url\" href=\"https:\/\/www.dagbladet.no\/nyheter\/har-blast-av\/83679543\" rel=\"nofollow noopener\" target=\"_blank\"><\/p>\n<p>      <img loading=\"lazy\" decoding=\"async\" src=\"https:\/\/www.europesays.com\/no\/wp-content\/uploads\/2025\/10\/83679651.webp\" width=\"980\" height=\"441\" title=\"Har bl\u00e5st av\" alt=\"\" class=\"lazyload\" style=\"--aspect-ratio-image: 2.22; \"\/><\/p>\n<p>        Har bl\u00e5st av<\/p>\n<p>    <\/a><\/p>\n<p>&#8211; Vi har utkalt flere vaktlag og rydder opp fortl\u00f8pende, men det er ingen god ide og ferdes p\u00e5 veiene akkurat n\u00e5, sier fungerende leder for bydrift, Ronny Kristiansen p\u00e5 Sandefjord kommunes <a href=\"https:\/\/www.sandefjord.kommune.no\/aktuelt\/hold-dere-innendors.35640.aspx?fbclid=IwY2xjawNNwkJleHRuA2FlbQIxMQBicmlkETB2VHRGRW9LYXpsa29CcDk0AR7Ddch39F4JBzIKiMvUHKoQHj0cYD2P7zHkOGeAInGoLVRjHpKOwHXGf1KZBA_aem_3kAJAu6b0RAHtrsDovNbCQ\" rel=\"nofollow noopener\" target=\"_blank\">nettsider<\/a>.\u00a0<\/p>\n<p>Advarer<\/p>\n<p>Foruten tr\u00e6r og greiner i veien, advarer han mot takplater og andre l\u00f8se gjenstander som kan treffe biler og folk.<\/p>\n<p>&#8211; Det er ogs\u00e5 veldig mye vann i veibanen, s\u00e5 faren for vannplaning er stor, advarer Kristiansen. Det er s\u00e6rlig i Kodal og Andebu det er flere stengte veier i morgentimene.\u00a0<\/p>\n<p>    <a itemprop=\"url\" href=\"https:\/\/www.dagbladet.no\/kjendis\/farmen-innspilling-rammet\/83679587\" rel=\"nofollow noopener\" target=\"_blank\"><\/p>\n<p>      <img loading=\"lazy\" decoding=\"async\" src=\"https:\/\/www.europesays.com\/no\/wp-content\/uploads\/2025\/10\/1759587851_758_83679657.webp\" width=\"980\" height=\"441\" title=\"\u00abFarmen\u00bb-innspilling rammet\" alt=\"\" class=\"lazyload\" style=\"--aspect-ratio-image: 2.22; \"\/><\/p>\n<p>        \u00abFarmen\u00bb-innspilling rammet<\/p>\n<p>    <\/a><\/p>\n<p> Fungerende kommunalsjef for milj\u00f8 og plan, Arne Johnsen har ansvaret for den operative beredskapen under stormen. Han p\u00e5peker at det fortsatt er viktig \u00e5 ta forholdsregler og f\u00f8lge r\u00e5dene.\u00a0<\/p>\n<p>&#8211; If\u00f8lge varselet skal ikke uv\u00e6ret avta f\u00f8r i 12-tida, s\u00e5 jeg anbefaler folk fortsatt \u00e5 holde seg innend\u00f8rs og f\u00f8lge med p\u00e5 v\u00e6rvarselet utover dagen, sier Johnsen.<\/p>\n<p>        JORDRAS: Det har g\u00e5tt to jordras i Hvittingfoss i Kongsberg. Patruljeleder J\u00f8ran Thorbj\u00f8rnsen sier de m\u00f8tte en oversv\u00f8mt vei. Video: Trond Markus Gravdal\/Dagbladet. Reporter: Sondre Nodland\/Dagbladet<\/p>\n<p>          <img loading=\"lazy\" decoding=\"async\" src=\"https:\/\/www.europesays.com\/no\/wp-content\/uploads\/2025\/10\/83679806.webp\" width=\"980\" height=\"559\" title=\"Foto: Lars Eivind Bones \/ Dagbladet\" alt=\"\" class=\"\" style=\"--aspect-ratio-image: 1.75; \"\/><\/p>\n<p>\n          Foto: Lars Eivind Bones \/ Dagbladet\n      <\/p>\n<p>&#8211; Ekstremt  <\/p>\n<p>I morgentimene l\u00f8rdag festet stormen ogs\u00e5 grepet om drammensdistriktet, der politiet hadde flere klare oppfordringer:<\/p>\n<p>&#8211;\u00a0 Jeg tenker at man b\u00f8r holde seg innend\u00f8rs slik som v\u00e6ret er n\u00e5 i deler av v\u00e5rt distrikt. Det er mye vind, sterke vindkast, og ekstremt mye regn. Akkurat n\u00e5 er det nok verst langs hele Vestfold- og Telemarkskysten, sa operasjonsleder i S\u00f8r-\u00d8st politidistrikt, \u00d8ystein Eikedalen, til Dagbladet rundt klokka 08.30.<\/p>\n<p>          <img loading=\"lazy\" decoding=\"async\" src=\"https:\/\/www.europesays.com\/no\/wp-content\/uploads\/2025\/10\/83679764.webp\" width=\"980\" height=\"559\" title=\"OPPRYDNING: \u00abAmy\u00bb herjer i store deler av landet, og river med seg uttallige tr\u00e6r p\u00e5 veien - som her i Kirkeveien ved F\u00e6rder kommunehus p\u00e5 N\u00f8tter\u00f8y. Foto. Lars Eivind Bones \/ Dagbladet\" alt=\"\" class=\"\" style=\"--aspect-ratio-image: 1.75; \"\/><\/p>\n<p>\n          OPPRYDNING: \u00abAmy\u00bb herjer i store deler av landet, og river med seg uttallige tr\u00e6r p\u00e5 veien &#8211; som her i Kirkeveien ved F\u00e6rder kommunehus p\u00e5 N\u00f8tter\u00f8y. Foto. Lars Eivind Bones \/ Dagbladet\n      <\/p>\n<p>&#8211; Toppen av isberget<\/p>\n<p>Han oppsummerte natta som hektisk, med flest henvendelser vedr\u00f8rende veltede tr\u00e6r.\u00a0<\/p>\n<p>&#8211; I natt har det v\u00e6rt mye av det samme. Heldigvis lite alvorlige saker, men veldig mange meldinger om nedbl\u00e5ste tr\u00e6r. Jeg vil tro vi snakker om minst 50 tilfeller, og det er nok bare toppen av isfjellet. <\/p>\n<p>          <img loading=\"lazy\" decoding=\"async\" src=\"https:\/\/www.europesays.com\/no\/wp-content\/uploads\/2025\/10\/1759587853_593_83679498.webp\" width=\"980\" height=\"559\" title=\"HARD MEDFART: Det bl\u00e5ser kraftig i Kirkeveien p\u00e5 N\u00f8tter\u00f8y. Foto: Lars Eivind Bones \/ Dagbladet\" alt=\"\" class=\"\" style=\"--aspect-ratio-image: 1.75; \"\/><\/p>\n<p>\n          HARD MEDFART: Det bl\u00e5ser kraftig i Kirkeveien p\u00e5 N\u00f8tter\u00f8y. Foto: Lars Eivind Bones \/ Dagbladet\n      <\/p>\n<p>          <img loading=\"lazy\" decoding=\"async\" src=\"https:\/\/www.europesays.com\/no\/wp-content\/uploads\/2025\/10\/83679631.webp\" width=\"980\" height=\"559\" title=\"ADVARSEL: P\u00e5 Vrengenbrua over til Tj\u00f8me advares det om sterk vind l\u00f8rdag morgen. Foto: Lars Eivind Bones \/ Dagbladet\" alt=\"\" class=\"\" style=\"--aspect-ratio-image: 1.75; \"\/><\/p>\n<p>\n          ADVARSEL: P\u00e5 Vrengenbrua over til Tj\u00f8me advares det om sterk vind l\u00f8rdag morgen. Foto: Lars Eivind Bones \/ Dagbladet\n      <\/p>\n<p>Eikedalen ba imidlertid innbyggerne om \u00e5 ikke ringe politiet ved slike tilfeller.\u00a0<\/p>\n<p>&#8211; Mange av meldingene om veltede tr\u00e6r skal til Veitrafikksentralen p\u00e5 telefonnummer 175. Er trevelten relatert til en farlig situasjon, skal du ringe politiet. Vi forst\u00e5r at kan v\u00e6re ubehagelig at man ikke kommer fram, men da er det bedre \u00e5 ringe 175. <\/p>\n<p>    <a itemprop=\"url\" href=\"https:\/\/www.dagbladet.no\/nyheter\/rundt-100-000-uten-strom\/83679313\" rel=\"nofollow noopener\" target=\"_blank\"><\/p>\n<p>      <img loading=\"lazy\" decoding=\"async\" src=\"https:\/\/www.europesays.com\/no\/wp-content\/uploads\/2025\/10\/1759587854_460_83679509.webp\" width=\"980\" height=\"441\" title=\"Rundt 100 000 uten str\u00f8m\" alt=\"\" class=\"lazyload\" style=\"--aspect-ratio-image: 2.22; \"\/><\/p>\n<p>        Rundt 100 000 uten str\u00f8m<\/p>\n<p>    <\/a><\/p>\n<p>Klar beskjed<\/p>\n<p class=\"italic m-italic\" data-lab-italic=\"italic\">&#8211; Hvilken oppfordring har dere til folk som likevel tenker seg ut de neste timene?<\/p>\n<p>&#8211;\u00a0 Skal du absolutt ut, m\u00e5 du beregne god tid. Det er ikke trygt.\u00a0Jeg skj\u00f8nner ogs\u00e5 at noen \u00f8nsker \u00e5 opps\u00f8ke de mest utsatte stedene for \u00e5 se p\u00e5 uv\u00e6ret, men det er potensielt ikke bare farlig for dem selv, det kan ogs\u00e5 v\u00e6re farlig for n\u00f8detatene som eventuelt m\u00e5 ut i redningoppdrag. <\/p>\n<p>    <a itemprop=\"url\" href=\"https:\/\/www.dagbladet.no\/nyheter\/hold-deg-hjemme\/83668306\" rel=\"nofollow noopener\" target=\"_blank\"><\/p>\n<p>      <img loading=\"lazy\" decoding=\"async\" src=\"https:\/\/www.europesays.com\/no\/wp-content\/uploads\/2025\/10\/1759587856_107_83679185.webp\" width=\"980\" height=\"441\" title=\"- Hold deg hjemme!\" alt=\"\" class=\"lazyload\" style=\"--aspect-ratio-image: 2.22; \"\/><\/p>\n<p>        &#8211; Hold deg hjemme!<\/p>\n<p>    <\/a><\/p>\n<p>Eikedalen forklarte at politiet i morgentimene fikk meldinger om en motorsyklist som hadde kj\u00f8rt inn i et tre ved H\u00f8nefoss.\u00a0F\u00f8reren skal ha kommet fra hendelsen uten store skader. <\/p>\n<p>&#8211; S\u00e5 har et tak p\u00e5 en enebolig i Porsgrunn delvis bl\u00e5st av. Vi er p\u00e5 vei for \u00e5 se om det er noe vi kan gj\u00f8re, eventuelt om vi skal sperre av omr\u00e5det. Vi h\u00e5per at dette vil passere i l\u00f8pet av formiddagen, og at vi gradvis komme tilbake til en mer normal situasjon.<\/p>\n","protected":false},"excerpt":{"rendered":"Ekstremv\u00e6ret \u00abAmy\u00bb har rast gjennom store deler av landet natt til l\u00f8rdag og utover formiddagen og ettermiddagen. Uv\u00e6ret&hellip;\n","protected":false},"author":2,"featured_media":52569,"comment_status":"","ping_status":"","sticky":false,"template":"","format":"standard","meta":{"footnotes":""},"categories":[5],"tags":[7934,20,21,7933,24,25,15,19,2539,22,23,17,18,13,30,28,29,14,16,26,27],"class_list":{"0":"post-52568","1":"post","2":"type-post","3":"status-publish","4":"format-standard","5":"has-post-thumbnail","7":"category-overskrifter","8":"tag-amy","9":"tag-breaking-news","10":"tag-breakingnews","11":"tag-ekstremvaer","12":"tag-featured-news","13":"tag-featurednews","14":"tag-headlines","15":"tag-hovedoppslag","16":"tag-innenriks","17":"tag-latest-news","18":"tag-latestnews","19":"tag-main-news","20":"tag-mainnews","21":"tag-news","22":"tag-no","23":"tag-norge","24":"tag-norway","25":"tag-nyheter","26":"tag-overskrifter","27":"tag-top-stories","28":"tag-topstories"},"share_on_mastodon":{"url":"","error":""},"_links":{"self":[{"href":"https:\/\/www.europesays.com\/no\/wp-json\/wp\/v2\/posts\/52568","targetHints":{"allow":["GET"]}}],"collection":[{"href":"https:\/\/www.europesays.com\/no\/wp-json\/wp\/v2\/posts"}],"about":[{"href":"https:\/\/www.europesays.com\/no\/wp-json\/wp\/v2\/types\/post"}],"author":[{"embeddable":true,"href":"https:\/\/www.europesays.com\/no\/wp-json\/wp\/v2\/users\/2"}],"replies":[{"embeddable":true,"href":"https:\/\/www.europesays.com\/no\/wp-json\/wp\/v2\/comments?post=52568"}],"version-history":[{"count":0,"href":"https:\/\/www.europesays.com\/no\/wp-json\/wp\/v2\/posts\/52568\/revisions"}],"wp:featuredmedia":[{"embeddable":true,"href":"https:\/\/www.europesays.com\/no\/wp-json\/wp\/v2\/media\/52569"}],"wp:attachment":[{"href":"https:\/\/www.europesays.com\/no\/wp-json\/wp\/v2\/media?parent=52568"}],"wp:term":[{"taxonomy":"category","embeddable":true,"href":"https:\/\/www.europesays.com\/no\/wp-json\/wp\/v2\/categories?post=52568"},{"taxonomy":"post_tag","embeddable":true,"href":"https:\/\/www.europesays.com\/no\/wp-json\/wp\/v2\/tags?post=52568"}],"curies":[{"name":"wp","href":"https:\/\/api.w.org\/{rel}","templated":true}]}}