{"id":52580,"date":"2025-10-04T14:43:08","date_gmt":"2025-10-04T14:43:08","guid":{"rendered":"https:\/\/www.europesays.com\/no\/52580\/"},"modified":"2025-10-04T14:43:08","modified_gmt":"2025-10-04T14:43:08","slug":"bent-hoie-og-arild-volstad-har-giftet-seg","status":"publish","type":"post","link":"https:\/\/www.europesays.com\/no\/52580\/","title":{"rendered":"Bent H\u00f8ie og Arild V\u00f8lstad har giftet seg"},"content":{"rendered":"\n<p class=\"_lead_1994c_2 _lead_xtcu6_50 layout-component text-serif-m layout-normal text-serif-l layout-component layout-wide layout-padded _wide_17hqh_1 layout-padded\">Bent H\u00f8ie og Arild V\u00f8lstad ga hverandre sitt ja i \u00c5lg\u00e5rd kirke l\u00f8rdag. <\/p>\n<p><img alt=\"Bildet er fra da H\u00f8ie og V\u00f8lstad forlovet seg i Roma i fjor. Foto: Privat \/ Privat\" class=\"_image_qp4xg_65 layout-component layout-wide\" data-fullscreen- data-track-element-type=\"Article image fullscreen\" data-track-name=\"ImageFullscreen\" fetchpriority=\"high\" decoding=\"sync\" loading=\"eager\" height=\"1284\" itemprop=\"image\"  src=\"https:\/\/www.europesays.com\/no\/wp-content\/uploads\/2025\/10\/4544474c-7be5-419c-b00a-0f6a91234340\"  style=\"object-position:0% 0%\" width=\"1080\"\/>Bildet er fra da H\u00f8ie og V\u00f8lstad forlovet seg i Roma i fjor. Foto: Privat \/ Privat<\/p>\n<ul aria-hidden=\"true\" class=\"_images_1y6fe_106\">\n<li><a class=\"_link_1y6fe_111\" href=\"https:\/\/www.vg.no\/forfatter\/martha-holmes\" style=\"z-index:1\" title=\"Martha C. S. D\u00edaz\" rel=\"nofollow noopener\" target=\"_blank\"><img alt=\"Bilde av Martha C. S. D\u00edaz\" class=\"_image_1y6fe_88\" fetchpriority=\"low\" loading=\"lazy\" decoding=\"async\" itemprop=\"image\"  src=\"https:\/\/www.europesays.com\/no\/wp-content\/uploads\/2025\/10\/1759588987_78_7217e3e9-d2a7-47b8-811c-1e4a0faf868b\"  width=\"480\"\/><\/a><\/li>\n<\/ul>\n<p> Oppdatert l\u00f8rdag 4. oktober kl. 16:00     <\/p>\n<p class=\"_paragraph_1994c_4 _paragraph_xtcu6_10 layout-component text-serif-m layout-normal text-serif-m layout-padded\">\u2013 Vi hadde en nydelig vielse i \u00c5lg\u00e5rd kirke med venner og familie til stede, skriver de to i en melding til VG. <\/p>\n<p class=\"_paragraph_1994c_4 _paragraph_xtcu6_10 layout-component text-serif-m layout-normal text-serif-m layout-padded\">Det var H\u00f8ie som gikk ned p\u00e5 kne, med utsikt over Roma, <a href=\"https:\/\/www.vg.no\/rampelys\/i\/73RqE4\/bent-hoeie-har-forlovet-seg\" data-track-element-type=\"Link\" data-track-id=\"link:73RqE4\" class=\"_link_1994c_39\" rel=\"nofollow noopener\" target=\"_blank\">for et \u00e5r siden <\/a>etter en uke p\u00e5 ferie sammen. N\u00e5 er de endelig gift. <\/p>\n<p class=\"_paragraph_1994c_4 _paragraph_xtcu6_10 layout-component text-serif-m layout-normal text-serif-m layout-padded\">De fleste nordmenn vil nok forbinde H\u00f8ie med meteren, og tommestokken han holdt opp under flere av de mange coronapressekonferansene, da han ledet helsedepartementet gjennom pandemien. <\/p>\n<p><img alt=\"Foto: Ali Zare \/ NTB\" class=\"_image_qp4xg_65 layout-component layout-normal\" data-fullscreen- data-track-element-type=\"Article image fullscreen\" data-track-name=\"ImageFullscreen\" decoding=\"async\" loading=\"lazy\" height=\"3539\" itemprop=\"image\"  src=\"https:\/\/www.europesays.com\/no\/wp-content\/uploads\/2025\/10\/9679670b-10f3-419e-9319-7f46801497ff\"  style=\"object-position:0% 0%\" width=\"5308\"\/>Foto: Ali Zare \/ NTB<\/p>\n<p class=\"_paragraph_1994c_4 _paragraph_xtcu6_10 layout-component text-serif-m layout-normal text-serif-m layout-padded\">Da han ga fra seg n\u00f8klene til Ingvild Kjerkol (Ap), som tok over etter ham, hadde han med seg den  blomster, n\u00f8kkelkort og Norges mest ber\u00f8mte tommestokk. <\/p>\n<p class=\"_paragraph_1994c_4 _paragraph_xtcu6_10 layout-component text-serif-m layout-normal text-serif-m layout-padded\">Den tidligere helseministeren jobber n\u00e5 som statsforvalter i Rogaland. <\/p>\n<p class=\"_paragraph_1994c_4 _paragraph_xtcu6_10 layout-component text-serif-m layout-normal text-serif-m layout-padded\">I fjor ble han utnevnt som \u00e6resmedlem av\u00a0<a href=\"https:\/\/hoyre.no\/rogaland\/aktuelt\/bent-hoie-utnevnt-til-aeresmedlem-av-rogaland-hoyre\/\" class=\"_link_1994c_39\" rel=\"nofollow noopener\" target=\"_blank\">Rogaland H\u00f8yre<\/a>.<\/p>\n","protected":false},"excerpt":{"rendered":"Bent H\u00f8ie og Arild V\u00f8lstad ga hverandre sitt ja i \u00c5lg\u00e5rd kirke l\u00f8rdag. Bildet er fra da H\u00f8ie&hellip;\n","protected":false},"author":2,"featured_media":52581,"comment_status":"","ping_status":"","sticky":false,"template":"","format":"standard","meta":{"footnotes":""},"categories":[12],"tags":[8023,20,21,183,24,25,15,22,23,13,30,28,281,29,14,16,8024,26,27,42,43,44,45],"class_list":{"0":"post-52580","1":"post","2":"type-post","3":"status-publish","4":"format-standard","5":"has-post-thumbnail","7":"category-verden","8":"tag-bent-hoie","9":"tag-breaking-news","10":"tag-breakingnews","11":"tag-bryllup","12":"tag-featured-news","13":"tag-featurednews","14":"tag-headlines","15":"tag-latest-news","16":"tag-latestnews","17":"tag-news","18":"tag-no","19":"tag-norge","20":"tag-norsk-politikk","21":"tag-norway","22":"tag-nyheter","23":"tag-overskrifter","24":"tag-pandemier","25":"tag-top-stories","26":"tag-topstories","27":"tag-verden","28":"tag-world","29":"tag-world-news","30":"tag-worldnews"},"share_on_mastodon":{"url":"","error":""},"_links":{"self":[{"href":"https:\/\/www.europesays.com\/no\/wp-json\/wp\/v2\/posts\/52580","targetHints":{"allow":["GET"]}}],"collection":[{"href":"https:\/\/www.europesays.com\/no\/wp-json\/wp\/v2\/posts"}],"about":[{"href":"https:\/\/www.europesays.com\/no\/wp-json\/wp\/v2\/types\/post"}],"author":[{"embeddable":true,"href":"https:\/\/www.europesays.com\/no\/wp-json\/wp\/v2\/users\/2"}],"replies":[{"embeddable":true,"href":"https:\/\/www.europesays.com\/no\/wp-json\/wp\/v2\/comments?post=52580"}],"version-history":[{"count":0,"href":"https:\/\/www.europesays.com\/no\/wp-json\/wp\/v2\/posts\/52580\/revisions"}],"wp:featuredmedia":[{"embeddable":true,"href":"https:\/\/www.europesays.com\/no\/wp-json\/wp\/v2\/media\/52581"}],"wp:attachment":[{"href":"https:\/\/www.europesays.com\/no\/wp-json\/wp\/v2\/media?parent=52580"}],"wp:term":[{"taxonomy":"category","embeddable":true,"href":"https:\/\/www.europesays.com\/no\/wp-json\/wp\/v2\/categories?post=52580"},{"taxonomy":"post_tag","embeddable":true,"href":"https:\/\/www.europesays.com\/no\/wp-json\/wp\/v2\/tags?post=52580"}],"curies":[{"name":"wp","href":"https:\/\/api.w.org\/{rel}","templated":true}]}}