{"id":52586,"date":"2025-10-04T14:50:11","date_gmt":"2025-10-04T14:50:11","guid":{"rendered":"https:\/\/www.europesays.com\/no\/52586\/"},"modified":"2025-10-04T14:50:11","modified_gmt":"2025-10-04T14:50:11","slug":"roros-fjellregionen-kjellmark-har-aggregat-na-stiller-de-opp-for-mjolkebonder","status":"publish","type":"post","link":"https:\/\/www.europesays.com\/no\/52586\/","title":{"rendered":"R\u00f8ros, Fjellregionen | Kjellmark har aggregat. N\u00e5 stiller de opp for mj\u00f8lkeb\u00f8nder"},"content":{"rendered":"\n<p>\u2013 Vi har en del aggregat i Kjellmark vet du. Vi stiller opp dersom det er aktuelt for noen som har problemer med \u00e5 f\u00e5 mj\u00f8lket, sier Ole J\u00f8rgen Kjellmark.<\/p>\n<p>Han poengterer at ogs\u00e5 de kan kun bidra i begrenset omfang, men like fullt \u00f8nsker han at b\u00f8nder i n\u00f8d tar kontakt s\u00e5 finner de ut om de kan bist\u00e5 p\u00e5 noe vis.<\/p>\n<p>\u2013 F\u00f8rst og fremst i R\u00f8ros da, og s\u00e5 tror jeg vi m\u00e5 prioritere de som m\u00e5 f\u00e5 mj\u00f8lket besetningen aller f\u00f8rst. Det er det som er det aller viktigste.<\/p>\n<p>Vi som ferdes i Rettens dekningsomr\u00e5de har blitt vant til at for Ole J\u00f8rgen Kjellmark, med firmaet Kjellmark i ryggen, s\u00e5 er ingen oppgave for liten og ingen for stor.<\/p>\n<p>Vi har skrevet mange saker opp gjennom \u00e5ra om at de hjelper kalver, kviger og kyr og andre dyr som st\u00e5r fast eller har ramlet i m\u00f8kk-kjellere og mye der imellom. Ole J\u00f8rgen sj\u00f8l flyr b\u00e5de h\u00f8yt og lavt, bokstavelig talt, med eget sm\u00e5fly om det trengs bist\u00e5r han ogs\u00e5 med bilder og oversikt.<\/p>\n<p>Vi kjenner ogs\u00e5 til hans store engasjement for folk i krig og n\u00f8d i andre land, slik som han eksempelvis har st\u00e5tt p\u00e5 sammen med andre r\u00f8rosinger for Ukraina de siste \u00e5rene.<\/p>\n<p>N\u00e5 er det b\u00f8nder og matprodusenter i egen kommune og region han tenker p\u00e5.<\/p>\n<p>\u2013 Vi har v\u00e6rt ute og bist\u00e5tt med aggregat s\u00e5 Rolf Petter har f\u00e5tt mj\u00f8lka p\u00e5 m\u00e5rr\u00e5n. Vi kan bidra for flere dersom det trengs, inviterer han via Arbeidets Rett.<\/p>\n<p>Han sender tekstmelding med f\u00f8lgende fakta om aggregatene:<\/p>\n<p><b>230 volt, 3-fase som leverer 14 kW 63 ampere st\u00f8psel og dieselmotor<\/b><\/p>\n<p>\u2013 Det er mye snakk om beredskap om dagen s\u00e5 mange har nok tenkt tanken, men det er jammen fint at vi n\u00e5 f\u00e5r testet oss litt tross alt uten at det forel\u00f8pig er p\u00e5 verst tenkelig vis, minner han om.<\/p>\n<p>\u2013 Det er godt det er l\u00f8rdag. Mj\u00f8lkeb\u00f8nder og andre dyreeiere m\u00e5 ta vare p\u00e5 dyra, og en god del oppgaver b\u00e5de i offentlig og privat sektor m\u00e5 l\u00f8ses uansett, men jammen er det atskillig st\u00f8rre konsekvenser dersom vi opplever dette p\u00e5 en hverdag. Forel\u00f8pig er det ogs\u00e5 dagslys, s\u00e5 mer kan en nesten ikke \u00f8nske seg, n\u00e5 n\u00e5r uhellet f\u00f8rst er ute, sier Ole J\u00f8rgen Kjellmark.<\/p>\n<p>Han har mobil: 901 05 566<\/p>\n<p>   <img decoding=\"async\" width=\"994\" height=\"837\" fetchpriority=\"low\"  loading=\"lazy\"  src=\"https:\/\/www.europesays.com\/no\/wp-content\/uploads\/2025\/10\/Ole+J%C3%B8rgen+Kjellmark.jpg\" alt=\"\" class=\"brick-c-cFOWSL\" style=\"--brick-image-ratio: 994 \/ 837;\"\/><\/p>\n<p>    Ole J\u00f8rgen Kjellmark<br \/>\n    Foto: Guril Bergersen\n  <\/p>\n<p>Vi i Arbeidets Rett har invitert leserne til \u00e5 dele bilder og tips f\u00f8r i dag og gj\u00f8r det igjen \u2013 OGS\u00c5 av det som tross alt fungerer og g\u00e5r fint, nettopp fordi noen har planlagt og forberedt seg eller l\u00f8ser ting p\u00e5 andre m\u00e5ter.<\/p>\n<p><b>Vi m\u00e5 l\u00e6re beredskapsplanlegging alle og enhver! <\/b><\/p>\n<p><b>Sjekk trafikkmeldinger hvis du M\u00c5 p\u00e5 veien, og ta vare p\u00e5 hverandre \u2013 husk \u00e5 sjekk om naboen ogs\u00e5 er OK hvis du har kapasitet <\/b><\/p>\n","protected":false},"excerpt":{"rendered":"\u2013 Vi har en del aggregat i Kjellmark vet du. Vi stiller opp dersom det er aktuelt for&hellip;\n","protected":false},"author":2,"featured_media":52587,"comment_status":"","ping_status":"","sticky":false,"template":"","format":"standard","meta":{"footnotes":""},"categories":[12],"tags":[36,20,21,8025,24,25,1780,15,22,23,13,30,28,29,14,16,3848,3847,1510,2245,26,27,3230,42,43,44,45],"class_list":{"0":"post-52586","1":"post","2":"type-post","3":"status-publish","4":"format-standard","5":"has-post-thumbnail","7":"category-verden","8":"tag-art","9":"tag-breaking-news","10":"tag-breakingnews","11":"tag-elektrisitet","12":"tag-featured-news","13":"tag-featurednews","14":"tag-fjellregionen","15":"tag-headlines","16":"tag-latest-news","17":"tag-latestnews","18":"tag-news","19":"tag-no","20":"tag-norge","21":"tag-norway","22":"tag-nyheter","23":"tag-overskrifter","24":"tag-ren-roros","25":"tag-roros","26":"tag-story","27":"tag-strombrudd","28":"tag-top-stories","29":"tag-topstories","30":"tag-uvaer","31":"tag-verden","32":"tag-world","33":"tag-world-news","34":"tag-worldnews"},"share_on_mastodon":{"url":"","error":""},"_links":{"self":[{"href":"https:\/\/www.europesays.com\/no\/wp-json\/wp\/v2\/posts\/52586","targetHints":{"allow":["GET"]}}],"collection":[{"href":"https:\/\/www.europesays.com\/no\/wp-json\/wp\/v2\/posts"}],"about":[{"href":"https:\/\/www.europesays.com\/no\/wp-json\/wp\/v2\/types\/post"}],"author":[{"embeddable":true,"href":"https:\/\/www.europesays.com\/no\/wp-json\/wp\/v2\/users\/2"}],"replies":[{"embeddable":true,"href":"https:\/\/www.europesays.com\/no\/wp-json\/wp\/v2\/comments?post=52586"}],"version-history":[{"count":0,"href":"https:\/\/www.europesays.com\/no\/wp-json\/wp\/v2\/posts\/52586\/revisions"}],"wp:featuredmedia":[{"embeddable":true,"href":"https:\/\/www.europesays.com\/no\/wp-json\/wp\/v2\/media\/52587"}],"wp:attachment":[{"href":"https:\/\/www.europesays.com\/no\/wp-json\/wp\/v2\/media?parent=52586"}],"wp:term":[{"taxonomy":"category","embeddable":true,"href":"https:\/\/www.europesays.com\/no\/wp-json\/wp\/v2\/categories?post=52586"},{"taxonomy":"post_tag","embeddable":true,"href":"https:\/\/www.europesays.com\/no\/wp-json\/wp\/v2\/tags?post=52586"}],"curies":[{"name":"wp","href":"https:\/\/api.w.org\/{rel}","templated":true}]}}