{"id":52596,"date":"2025-10-04T15:04:09","date_gmt":"2025-10-04T15:04:09","guid":{"rendered":"https:\/\/www.europesays.com\/no\/52596\/"},"modified":"2025-10-04T15:04:09","modified_gmt":"2025-10-04T15:04:09","slug":"tsjekkias-trump-kan-skape-mer-hodebry-for-eu","status":"publish","type":"post","link":"https:\/\/www.europesays.com\/no\/52596\/","title":{"rendered":"\u00abTsjekkias Trump\u00bb kan skape mer hodebry for EU"},"content":{"rendered":"\n<p class=\"_lead_1994c_2 _lead_xtcu6_50 layout-component text-serif-m layout-normal text-serif-l layout-component layout-normal layout-padded layout-padded\">Likhetene med Donald Trump er sl\u00e5ende.<\/p>\n<p>Skriver om krigen i Ukraina, sjakk, Formel 1, idrettspolitikk, m.m.. Utdannet ved NMBU og Moskvas statsuniversitet. Hobbybonde.<\/p>\n<p><a href=\"https:\/\/www.vg.no\/nyheter\/i\/W0QloK\/mailto:ole.kristian.strom@vg.no\" class=\"_button_6bkpv_2 button-label-large _filled_6bkpv_106 _button_43ilh_75\" rel=\"nofollow noopener\" target=\"_blank\">E-post<\/a><img alt=\" Foto: David W Cerny \/ Reuters \/ NTB\" class=\"_image_qp4xg_65 layout-component layout-wide\" data-fullscreen- data-track-element-type=\"Article image fullscreen\" data-track-name=\"ImageFullscreen\" fetchpriority=\"high\" decoding=\"sync\" loading=\"eager\" height=\"3675\" itemprop=\"image\"  src=\"https:\/\/www.europesays.com\/no\/wp-content\/uploads\/2025\/10\/352e7836-e76e-479b-beaa-47cfb60c2b24\"  style=\"object-position:0% 0%\" width=\"5512\"\/> Foto: David W Cerny \/ Reuters \/ NTBL\u00f8rdag 4. oktober kl. 16:29     <\/p>\n<p class=\"_paragraph_1994c_4 _paragraph_xtcu6_10 layout-component text-serif-m layout-normal text-serif-m layout-padded\">P\u00e5 Tiktok kan vi se en selvsikker 71-\u00e5ring, ikledd en hoodie av eget merke, skride fram. P\u00e5 en annen video ser vi en veltrent, slank gammel mann som danser sammen med masse ungdommer.<\/p>\n<p class=\"_paragraph_1994c_4 _paragraph_xtcu6_10 layout-component text-serif-m layout-normal text-serif-m layout-padded\">Toppene i <a href=\"https:\/\/www.vg.no\/tag\/eu?utm_source=vg-article&amp;utm_medium=auto-tagger&amp;utm_campaign=W0QloK\" class=\"_link_1994c_39\" rel=\"nofollow noopener\" target=\"_blank\">EU<\/a> har denne uken f\u00e5tt gr\u00e5 h\u00e5r av den ungarske statsministeren Viktor Orb\u00e1n, som ikke vil ha Ukraina som medlem.<\/p>\n<p class=\"_paragraph_1994c_4 _paragraph_xtcu6_10 layout-component text-serif-m layout-normal text-serif-m layout-padded\">N\u00e5 kan de f\u00e5 en ny h\u00f8yrepopulist \u00e5 slite med i Tsjekkias Andrej Babi\u0161, seierherren i parlamentsvalget l\u00f8rdag. Hans parti ANO f\u00e5r 35,5 prosent, mens den regjerende statsministerens parti f\u00e5r 22,4 prosent if\u00f8lge en prognose fra CNN Prima News.<\/p>\n<p class=\"_paragraph_1994c_4 _paragraph_xtcu6_10 layout-component text-serif-m layout-normal text-serif-m layout-padded\">Andrej Babi\u0161 kan bli EUs nye hodepine. Ogs\u00e5 st\u00f8tten til Ukraina st\u00e5r p\u00e5 spill.<\/p>\n<p><img alt=\"Andrej Babi\u0161 avgir stemme fredag.  Foto: STRINGER \/ AFP \/ NTB\" class=\"_image_qp4xg_65 layout-component layout-normal\" data-fullscreen- data-track-element-type=\"Article image fullscreen\" data-track-name=\"ImageFullscreen\" decoding=\"async\" loading=\"lazy\" height=\"3428\" itemprop=\"image\"  src=\"https:\/\/www.europesays.com\/no\/wp-content\/uploads\/2025\/10\/2e8d8bee-61ef-409d-be50-d2c1acd2bc28\"  style=\"object-position:0% 0%\" width=\"5142\"\/>Andrej Babi\u0161 avgir stemme fredag.  Foto: STRINGER \/ AFP \/ NTB<\/p>\n<p class=\"_paragraph_1994c_4 _paragraph_xtcu6_10 layout-component text-serif-m layout-normal text-serif-m layout-padded\">Han sammenlignes med Trump p\u00e5 mange m\u00e5ter: En mann i sytti\u00e5rene som driver valgkamp if\u00f8rt en r\u00f8d caps som fastsl\u00e5r at landet hans skal bli sterkt. Og han er milliard\u00e6r.<\/p>\n<p class=\"_paragraph_1994c_4 _paragraph_xtcu6_10 layout-component text-serif-m layout-normal text-serif-m layout-padded\">Om vi legger til at ogs\u00e5 han er skandalebefengt og truet av rettssaker, s\u00e5 begynner likhetene \u00e5 bli mange.<\/p>\n<p class=\"_paragraph_1994c_4 _paragraph_xtcu6_10 layout-component text-serif-m layout-normal text-serif-m layout-padded\">\u00abDen tsjekkiske Trump\u00bb er klar for comeback som statsminister etter \u00e5 ha styrt fra 2017 til 2021. Alt tyder p\u00e5 at han kommer til \u00e5 overta makten fra sentrum-h\u00f8yre-regjeringen til Petr Fiala.<\/p>\n<p><img alt=\"Foto: MARTIN DIVISEK \/ EPA \/ NTB\" class=\"_image_qp4xg_65 layout-component layout-normal\" data-fullscreen- data-track-element-type=\"Article image fullscreen\" data-track-name=\"ImageFullscreen\" decoding=\"async\" loading=\"lazy\" height=\"1730\" itemprop=\"image\"  src=\"https:\/\/www.europesays.com\/no\/wp-content\/uploads\/2025\/10\/9c16bfad-6195-41de-bb48-998d88705104\"  style=\"object-position:0% 0%\" width=\"2595\"\/>Foto: MARTIN DIVISEK \/ EPA \/ NTB<\/p>\n<p class=\"_paragraph_1994c_4 _paragraph_xtcu6_10 layout-component text-serif-m layout-normal text-serif-m layout-padded\">Babi\u0161 er alliert med Ungarns Viktor Orb\u00e1n i \u00abPatrioter for Europa\u00bb-gruppen i Europaparlamentet, og ogs\u00e5 med de franske h\u00f8yreekstreme i Rassemblement National og det \u00f8sterrikske Frihetspartiet (FP\u00d6).<\/p>\n<p class=\"_paragraph_1994c_4 _paragraph_xtcu6_10 layout-component text-serif-m layout-normal text-serif-m layout-padded\">I nabolandet Slovakia (Tsjekkia og Slovakia var ett land fram til 1993) styrer Robert Fico, som har knyttet stadig n\u00e6rmere b\u00e5nd til Russlnad.<\/p>\n<p class=\"_paragraph_1994c_4 _paragraph_xtcu6_10 layout-component text-serif-m layout-normal text-serif-m layout-padded\">Det er uklart om Tsjekkia med Andrej Babi\u0161 ved roret kommer til \u00e5 fortsette den sterke st\u00f8tten til Ukraina som dagens regjering har st\u00e5tt for.<\/p>\n<p class=\"_paragraph_1994c_4 _paragraph_xtcu6_10 layout-component text-serif-m layout-normal text-serif-m layout-padded\">Tsjekkia var blant de f\u00f8rste til \u00e5 levere stridsvogner og pansrede kj\u00f8ret\u00f8y til Ukraina. De har ogs\u00e5 st\u00e5tt i spissen for \u00e5 skaffe millioner av artillerigranater, finansiert av vestlige land.<\/p>\n<p class=\"_paragraph_1994c_4 _paragraph_xtcu6_10 layout-component text-serif-m layout-normal text-serif-m layout-padded\">Kanskje var det en av grunnene til at det fredag ble meldt om droner ved Prahas flyplass? I hvert fall m\u00e5tte tsjekkisk politi sette seg i beredskap.<\/p>\n<p class=\"_paragraph_1994c_4 _paragraph_xtcu6_10 layout-component text-serif-m layout-normal text-serif-m layout-padded\">Blant kampsakene hans er \u00e5 avskaffe \u00abgr\u00f8nne\u00bb skatter. Babi\u0161 er derfor blant dem som kan skape tr\u00f8bbel for \u00e5 f\u00e5 en enighet om klimapolitikken i EU.<\/p>\n<p class=\"_paragraph_1994c_4 _paragraph_xtcu6_10 layout-component text-serif-m layout-normal text-serif-m layout-padded\">Han har likevel bestemt avvist at Tsjekkia skal melde seg ut av b\u00e5de EU og NATO. Men problemet er at han kan komme til \u00e5 trenge st\u00f8tte fra EU- og NATO-fiendtlige partier lenger ut p\u00e5 h\u00f8yresiden.<\/p>\n<p class=\"_paragraph_1994c_4 _paragraph_xtcu6_10 layout-component text-serif-m layout-normal text-serif-m layout-padded\">President Petr Pavel, som utnevner statsministere, sier at han forventer vanskelige regjeringsforhandlinger.<\/p>\n<p class=\"_paragraph_1994c_4 _paragraph_xtcu6_10 layout-component text-serif-m layout-normal text-serif-m layout-padded\">Selv om Babi\u0161 regnes som en populist, er det ikke s\u00e5 lett \u00e5 plassere han og partiet hans. H\u00f8yrepopulistiske, EU-kritiske, konservative og markedsliberale str\u00f8mninger forener seg i partiet hans.<\/p>\n<p>      Dette er en kommentar. Kommentaren gir uttrykk for skribentens holdning. <\/p>\n","protected":false},"excerpt":{"rendered":"Likhetene med Donald Trump er sl\u00e5ende. Skriver om krigen i Ukraina, sjakk, Formel 1, idrettspolitikk, m.m.. Utdannet ved&hellip;\n","protected":false},"author":2,"featured_media":52597,"comment_status":"","ping_status":"","sticky":false,"template":"","format":"standard","meta":{"footnotes":""},"categories":[12],"tags":[20,21,279,24,25,15,22,23,13,30,28,29,14,16,26,27,4183,42,43,44,45],"class_list":{"0":"post-52596","1":"post","2":"type-post","3":"status-publish","4":"format-standard","5":"has-post-thumbnail","7":"category-verden","8":"tag-breaking-news","9":"tag-breakingnews","10":"tag-eu","11":"tag-featured-news","12":"tag-featurednews","13":"tag-headlines","14":"tag-latest-news","15":"tag-latestnews","16":"tag-news","17":"tag-no","18":"tag-norge","19":"tag-norway","20":"tag-nyheter","21":"tag-overskrifter","22":"tag-top-stories","23":"tag-topstories","24":"tag-tsjekkia","25":"tag-verden","26":"tag-world","27":"tag-world-news","28":"tag-worldnews"},"share_on_mastodon":{"url":"","error":""},"_links":{"self":[{"href":"https:\/\/www.europesays.com\/no\/wp-json\/wp\/v2\/posts\/52596","targetHints":{"allow":["GET"]}}],"collection":[{"href":"https:\/\/www.europesays.com\/no\/wp-json\/wp\/v2\/posts"}],"about":[{"href":"https:\/\/www.europesays.com\/no\/wp-json\/wp\/v2\/types\/post"}],"author":[{"embeddable":true,"href":"https:\/\/www.europesays.com\/no\/wp-json\/wp\/v2\/users\/2"}],"replies":[{"embeddable":true,"href":"https:\/\/www.europesays.com\/no\/wp-json\/wp\/v2\/comments?post=52596"}],"version-history":[{"count":0,"href":"https:\/\/www.europesays.com\/no\/wp-json\/wp\/v2\/posts\/52596\/revisions"}],"wp:featuredmedia":[{"embeddable":true,"href":"https:\/\/www.europesays.com\/no\/wp-json\/wp\/v2\/media\/52597"}],"wp:attachment":[{"href":"https:\/\/www.europesays.com\/no\/wp-json\/wp\/v2\/media?parent=52596"}],"wp:term":[{"taxonomy":"category","embeddable":true,"href":"https:\/\/www.europesays.com\/no\/wp-json\/wp\/v2\/categories?post=52596"},{"taxonomy":"post_tag","embeddable":true,"href":"https:\/\/www.europesays.com\/no\/wp-json\/wp\/v2\/tags?post=52596"}],"curies":[{"name":"wp","href":"https:\/\/api.w.org\/{rel}","templated":true}]}}