{"id":52629,"date":"2025-10-04T16:09:24","date_gmt":"2025-10-04T16:09:24","guid":{"rendered":"https:\/\/www.europesays.com\/no\/52629\/"},"modified":"2025-10-04T16:09:24","modified_gmt":"2025-10-04T16:09:24","slug":"okende-interesse-for-engangskamera","status":"publish","type":"post","link":"https:\/\/www.europesays.com\/no\/52629\/","title":{"rendered":"\u00d8kende interesse for engangskamera"},"content":{"rendered":"<p>    Kort fortalt<\/p>\n<p lang=\"nb-NO\">Salget av engangskameraer har \u00f8kt betydelig i Norge.\u00a0<\/p>\n<p lang=\"nb-NO\">Trenden er s\u00e6rlig popul\u00e6r blant unge, som \u00f8nsker \u00e5 fange \u00f8yeblikk uten \u00e5 fokusere p\u00e5 perfeksjon.<\/p>\n<p lang=\"nb-NO\">Eksperter mener at denne trenden er en reaksjon p\u00e5 den digitale hverdagen, der folk s\u00f8ker noe fysisk og ekte.<\/p>\n<p class=\"italic ai-disclaimer\" data-lab-italic=\"italic\">Sammendraget er laget av ChatGPT og godkjent av DinSide.<\/p>\n<p>      Vis mer<br \/>\n      Vis mindre<\/p>\n<p>Mobilen er for de fleste av oss alltid i en umiddelbar n\u00e6rhet &#8211; klar til \u00e5 fange b\u00e5de sm\u00e5 og store \u00f8yeblikk.\u00a0<\/p>\n<p>Likevel velger stadig flere n\u00e5 i st\u00f8rre grad \u00e5 vende seg bort fra den digitale verdenen n\u00e5r de skal ta bilder.\u00a0<\/p>\n<p>Den siste tida har fotobutikker over hele landet merket en tydelig trend der en gammel klassiker har f\u00e5tt et nytt liv:\u00a0<\/p>\n<p class=\"font-weight-bold m-font-weight-bold\" data-lab-font_weight=\"font-weight-bold\">Salget av engangskameraer har nemlig skutt i v\u00e6ret, if\u00f8lge flere av akt\u00f8rene.\u00a0<\/p>\n<p>&#8211; Vi ser en tydelig renessanse for engangskamera, sier markedssjef i Elite Foto, Silje Marie Omdahl Eikrem, til DinSide.<\/p>\n<p>    <a itemprop=\"url\" href=\"https:\/\/dinside.dagbladet.no\/mobil\/truer-med-eu-exit\/83656623\" rel=\"nofollow noopener\" target=\"_blank\"><\/p>\n<p>      <img loading=\"lazy\" decoding=\"async\" src=\"https:\/\/www.europesays.com\/no\/wp-content\/uploads\/2025\/10\/83656763.webp\" width=\"147\" height=\"98\" title=\"Truer med EU-exit\" alt=\"\" class=\"lazyload\" style=\"--aspect-ratio-image: 1.50; \"\/><\/p>\n<p>        Truer med EU-exit<\/p>\n<p>    <\/a><\/p>\n<p>Stor ettersp\u00f8rsel\t<\/p>\n<p>Salget av den analoge kameravarianten har g\u00e5tt opp med 38 prosent fra 2024 til 2025 hos fotobutikken. If\u00f8lge Eikrem merker de en tydelig vekst i ettersp\u00f8rselen s\u00e6rlig p\u00e5 bestemte tider av \u00e5ret.\u00a0<\/p>\n<p>&#8211;\u00a0Kurven v\u00e5r stiger jevnt fra v\u00e5ren og topper i sommerm\u00e5nedene. Det gir mening: festival, ferie, bryllup \u2013 og kameraet som g\u00e5r p\u00e5 rundgang.\u00a0<\/p>\n<p>Hun beskriver ettersp\u00f8rselen som b\u00e5de planlagt og impulsiv, der de ogs\u00e5 ser sm\u00e5 topper f\u00f8r og etter h\u00f8ytider.\u00a0<\/p>\n<p>&#8211; Typiske kj\u00f8psanledninger er jenter i russealder som vil dokumentere rulling og russetreff, m\u00f8dre som sender med barna kamera p\u00e5 leirskole for \u00e5 fange \u00abf\u00f8rste-gang-uten-foreldre\u00bb-\u00f8yeblikkene, og bryllup hvor gjestene bidrar til et eget \u00abbak kulissene\u00bb-album.<\/p>\n<p>    Hva er engangskamera?<\/p>\n<ul>\n<li class=\"lab-bodytext-line\">Et engangskamera er et kamera som tar bilder p\u00e5 fotografisk film, i stedet for en digital sensor.\u00a0<\/li>\n<li class=\"lab-bodytext-line\">Det er som regel mellom 24 og 39 bilder p\u00e5 filmen.\u00a0<\/li>\n<li class=\"lab-bodytext-line\">Et engangskamera koster rundt 250 kroner.\u00a0<\/li>\n<li class=\"lab-bodytext-line\">N\u00e5r filmen i kameraet er brukt opp, m\u00e5 den leveres til fotobutikk for framkalling. Bildene kan f\u00e5s b\u00e5de som fysiske papirkopier og digitalt.\u00a0<\/li>\n<li class=\"lab-bodytext-line\">Prisen for framkalling av bildene varierer ut fra antall og kvalitet, men begynner som regel p\u00e5 rundt 200 kroner og oppover.\u00a0<\/li>\n<li class=\"lab-bodytext-line\">Typiske merker er Kodak, Fujifilm og Lomography.\u00a0<\/li>\n<\/ul>\n<p class=\"italic m-italic\" data-lab-italic=\"italic\">Kilde: <a href=\"https:\/\/www.kameranytt.no\/er-engangskameraer-fortsatt-in\/\" target=\"_blank\" rel=\"nofollow noopener\">kameranytt.no<\/a><\/p>\n<p>      Vis mer<br \/>\n      Vis mindre<\/p>\n<p>\u00abEksplosiv vekst\u00bb\u00a0\t<\/p>\n<p>Ogs\u00e5 Japan Photo og Elkj\u00f8p bekrefter trenden.\u00a0<\/p>\n<p>&#8211;\u00a0Det har v\u00e6rt en \u00f8kning p\u00e5 rundt 20 prosent siden august i fjor. Tallene har doblet seg \u00e5r for \u00e5r siden 2023. Folk synes det rett og slett er g\u00f8y \u00e5 v\u00e6re litt nostalgiske n\u00e5r de skal ta bilder, sier kommunikasjonsr\u00e5dgiver i Elkj\u00f8p, Joachim Barth.\u00a0<\/p>\n<p>        <img loading=\"lazy\" decoding=\"async\" itemprop=\"image\" src=\"https:\/\/www.europesays.com\/no\/wp-content\/uploads\/2025\/10\/83670208.webp\" width=\"180\" height=\"180\" alt=\"Joachim Barth\"\/><\/p>\n<p>            Joachim Barth<br \/>\n            Joachim<br \/>\n            Barth        <\/p>\n<p>Kommunikasjonsr\u00e5dgiver i Elkj\u00f8p<\/p>\n<p>Administrerende direkt\u00f8r hos CEWE Japan Photo Skandinavia, Stephan Stein, skildrer veksten av engangskamera de siste \u00e5rene som\u00a0\u00abeksplosiv\u00bb.\u00a0<\/p>\n<p>&#8211;\u00a0Mange trodde det var bare en kort \u00abretro-b\u00f8lge\u00bb i sammenheng med pandemien n\u00e5r folk ville v\u00e6re \u00abute\u00bb og for seg selv, men s\u00e5nn ble det jo ikke, det vokser og vokser! sier han til DinSide.\u00a0<\/p>\n<p>        <img loading=\"lazy\" decoding=\"async\" itemprop=\"image\" src=\"https:\/\/www.europesays.com\/no\/wp-content\/uploads\/2025\/10\/83670151.webp\" width=\"180\" height=\"180\" alt=\"Stephan Stein\"\/><\/p>\n<p>            Stephan Stein<br \/>\n            Stephan<br \/>\n            Stein        <\/p>\n<p>Administrerende direkt\u00f8r i CEWE Skandinavia<\/p>\n<p>I f\u00f8rste periode av 2025 har fotobutikken opplevd en vekst p\u00e5 40 prosent, sammenliknet med samme periode i fjor.\u00a0<\/p>\n<p>&#8211;\u00a0Vi ser veksten i hele Europa, men ingen marked vokser mer p\u00e5 analog enn Norge. Selv Sverige og Danmark som skandinaviske naboer vokser ikke i samme takt over denne lange perioden.<\/p>\n<p>    <a itemprop=\"url\" href=\"https:\/\/dinside.dagbladet.no\/mobil\/krever-betaling\/83667004\" rel=\"nofollow noopener\" target=\"_blank\"><\/p>\n<p>      <img loading=\"lazy\" decoding=\"async\" src=\"https:\/\/www.europesays.com\/no\/wp-content\/uploads\/2025\/10\/83667061.webp\" width=\"980\" height=\"441\" title=\"Krever betaling\" alt=\"\" class=\"lazyload\" style=\"--aspect-ratio-image: 2.22; \"\/><\/p>\n<p>        Krever betaling<\/p>\n<p>    <\/a><\/p>\n<p>Fotobutikken OsloFoto, som ligger i sentrum av hovedstaden, skriver f\u00f8rst i en e-post til DinSide at de \u00abikke hadde tid til \u00e5 svare p\u00e5 sp\u00f8rsm\u00e5l, siden vi har hendene fulle med \u00e5 fremkalle engangskamera\u00bb.\u00a0<\/p>\n<p>Fra sp\u00f8k til alvor bekrefter daglig leder\u00a0Hilde Furuseth Olivares at ogs\u00e5 de opplever en \u00f8kning.\u00a0<\/p>\n<p>&#8211; Under covid var tilgangen p\u00e5 engangskamera sv\u00e6rt begrenset, men ogs\u00e5 sv\u00e6rt etterspurt. Etter covid har salg og fremkalling mildt sagt ekspoldert.\u00a0<\/p>\n<p> <a href=\"https:\/\/www.nrk.no\/rogaland\/droppar-mobilen-for-eingongskamera_-kan-bli-dyrt-1.17492525\" target=\"_blank\" rel=\"nofollow noopener\">NRK<\/a> omtalte ogs\u00e5 veksten tidligere i sommer. <\/p>\n<p>&#8211; Drukner i mobilbilder som aldri blir brukt\t<\/p>\n<p>Butikkene DinSide har v\u00e6rt i kontakt med peker ogs\u00e5 p\u00e5 den samme tendensen i trenden &#8211; det er s\u00e6rlig den yngre generasjonen som viser interesse for denne type produkter.\u00a0<\/p>\n<p>&#8211; Det uperfekte er blitt kult. Et engangskamera fjerner jaget etter \u00abperfekt bilde\u00bb, og gj\u00f8r fotografering til en sosial greie \u2013 \u00e9n blits, mye latter, sier Eikrem i Elite Foto og fortsetter:\u00a0<\/p>\n<p>&#8211; Og s\u00e5 er det overraskelsesmomentet: du vet ikke helt hva du f\u00e5r f\u00f8r du henter bildene. Det gir en spenning og en taktil merverdi mobilen ikke har.\u00a0<\/p>\n<p>          <img loading=\"lazy\" decoding=\"async\" src=\"https:\/\/www.europesays.com\/no\/wp-content\/uploads\/2025\/10\/83670141.webp\" width=\"686\" height=\"392\" title=\"SAMLER FOLK: Flere peker p\u00e5 at engangskamera har blitt en form for sosial ritual. Foto: Bojan Djokic \/ CEWE Japan Photo\" alt=\"\" class=\"\" style=\"--aspect-ratio-image: 1.75; \"\/><\/p>\n<p>\n          SAMLER FOLK: Flere peker p\u00e5 at engangskamera har blitt en form for sosial ritual. Foto: Bojan Djokic \/ CEWE Japan Photo\n      <\/p>\n<p>Barth i Elkj\u00f8p opplever at folk er mer opptatt av \u00e5 ha noe fysisk de kan ta og f\u00f8le p\u00e5.\u00a0<\/p>\n<p>&#8211; Vi tror dette kommer som en f\u00f8lge av en \u00f8kende digitalisering av alles hverdag, som igjen medf\u00f8rer at man kanskje har et st\u00f8rre behov for \u00e5 skille ut de ekstra spesielle \u00f8yeblikkene til noe fysisk, sier Barth i Elkj\u00f8p. <\/p>\n<p>Det samme gj\u00f8r Eikrem, som mener at folk vil ha noe ekte i hendene.\u00a0<\/p>\n<p>&#8211;\u00a0Vi drukner i mobilbilder som aldri blir brukt. Engangskamera gir et naturlig utvalg, og overraskelsen n\u00e5r du ser resultatet er halve moroa.\u00a0<\/p>\n<p>    <a itemprop=\"url\" href=\"https:\/\/dinside.dagbladet.no\/mobil\/slett-disse-appene\/83643344\" rel=\"nofollow noopener\" target=\"_blank\"><\/p>\n<p>      <img loading=\"lazy\" decoding=\"async\" src=\"https:\/\/www.europesays.com\/no\/wp-content\/uploads\/2025\/10\/1759594164_756_83649934.webp\" width=\"147\" height=\"98\" title=\"Slett disse appene\" alt=\"\" class=\"lazyload\" style=\"--aspect-ratio-image: 1.50; \"\/><\/p>\n<p>        Slett disse appene<\/p>\n<p>    <\/a><\/p>\n<p>&#8211; Vil ogs\u00e5 ha motsatsen\t<\/p>\n<p>Ellen Lande Gossner er leder for fotojournalistikkutdanningen ved universitetet OsloMet, og er utdannet fotograf i bunn.\u00a0<\/p>\n<p>Hun bekrefter ogs\u00e5 at analoge kameravarianter er en trend, noe hun blant annet har sett blant studentene sine.\u00a0<\/p>\n<p>Gossner tror det handler om det fotobutikkene nevner &#8211; unge som tar tilbake det som ikke er digitalt.\u00a0<\/p>\n<p>&#8211; De er jo f\u00f8dt digitale, og alle synes jo det er spennende \u00e5 oppdage noe de ikke har opplevd f\u00f8r. Jeg tror det kan v\u00e6re et slags behov for \u00e5 ta i bruk noe som representerer noe annet enn det de er vant til, sier hun og legger til:\u00a0<\/p>\n<p>&#8211; N\u00e5r alt er digitalt og p\u00e5 skjerm, s\u00e5 ser jeg en tendens til at en del ogs\u00e5 vil ha noe de kan ta p\u00e5. En ordentlig bok, plate eller fotografi &#8211; vi vil ogs\u00e5 ha motsatsen.\u00a0<\/p>\n","protected":false},"excerpt":{"rendered":"Kort fortalt Salget av engangskameraer har \u00f8kt betydelig i Norge.\u00a0 Trenden er s\u00e6rlig popul\u00e6r blant unge, som \u00f8nsker&hellip;\n","protected":false},"author":2,"featured_media":52630,"comment_status":"","ping_status":"","sticky":false,"template":"","format":"standard","meta":{"footnotes":""},"categories":[5],"tags":[20,21,7861,24,25,728,15,19,8028,22,23,17,18,13,30,28,29,14,16,70,26,27,1702],"class_list":{"0":"post-52629","1":"post","2":"type-post","3":"status-publish","4":"format-standard","5":"has-post-thumbnail","7":"category-overskrifter","8":"tag-breaking-news","9":"tag-breakingnews","10":"tag-elkjop","11":"tag-featured-news","12":"tag-featurednews","13":"tag-fritid","14":"tag-headlines","15":"tag-hovedoppslag","16":"tag-kamera","17":"tag-latest-news","18":"tag-latestnews","19":"tag-main-news","20":"tag-mainnews","21":"tag-news","22":"tag-no","23":"tag-norge","24":"tag-norway","25":"tag-nyheter","26":"tag-overskrifter","27":"tag-teknologi","28":"tag-top-stories","29":"tag-topstories","30":"tag-trend"},"share_on_mastodon":{"url":"","error":""},"_links":{"self":[{"href":"https:\/\/www.europesays.com\/no\/wp-json\/wp\/v2\/posts\/52629","targetHints":{"allow":["GET"]}}],"collection":[{"href":"https:\/\/www.europesays.com\/no\/wp-json\/wp\/v2\/posts"}],"about":[{"href":"https:\/\/www.europesays.com\/no\/wp-json\/wp\/v2\/types\/post"}],"author":[{"embeddable":true,"href":"https:\/\/www.europesays.com\/no\/wp-json\/wp\/v2\/users\/2"}],"replies":[{"embeddable":true,"href":"https:\/\/www.europesays.com\/no\/wp-json\/wp\/v2\/comments?post=52629"}],"version-history":[{"count":0,"href":"https:\/\/www.europesays.com\/no\/wp-json\/wp\/v2\/posts\/52629\/revisions"}],"wp:featuredmedia":[{"embeddable":true,"href":"https:\/\/www.europesays.com\/no\/wp-json\/wp\/v2\/media\/52630"}],"wp:attachment":[{"href":"https:\/\/www.europesays.com\/no\/wp-json\/wp\/v2\/media?parent=52629"}],"wp:term":[{"taxonomy":"category","embeddable":true,"href":"https:\/\/www.europesays.com\/no\/wp-json\/wp\/v2\/categories?post=52629"},{"taxonomy":"post_tag","embeddable":true,"href":"https:\/\/www.europesays.com\/no\/wp-json\/wp\/v2\/tags?post=52629"}],"curies":[{"name":"wp","href":"https:\/\/api.w.org\/{rel}","templated":true}]}}