{"id":52651,"date":"2025-10-04T16:31:09","date_gmt":"2025-10-04T16:31:09","guid":{"rendered":"https:\/\/www.europesays.com\/no\/52651\/"},"modified":"2025-10-04T16:31:09","modified_gmt":"2025-10-04T16:31:09","slug":"manchester-united-slo-sunderland-tok-sin-tredje-strake-hjemmeseier","status":"publish","type":"post","link":"https:\/\/www.europesays.com\/no\/52651\/","title":{"rendered":"Manchester United slo Sunderland &#8211; tok sin tredje strake hjemmeseier"},"content":{"rendered":"\n<ul aria-hidden=\"true\" class=\"_images_1y6fe_106\">\n<li><a class=\"_link_1y6fe_111\" href=\"https:\/\/www.vg.no\/forfatter\/yasmin-sunde-hoel\" style=\"z-index:2\" title=\"Yasmin Sunde Hoel\" rel=\"nofollow noopener\" target=\"_blank\"><img alt=\"Bilde av Yasmin Sunde Hoel\" class=\"_image_1y6fe_88\" fetchpriority=\"low\" loading=\"lazy\" decoding=\"async\" itemprop=\"image\"  src=\"https:\/\/www.europesays.com\/no\/wp-content\/uploads\/2025\/10\/1759595467_375_9b0968a4-bfc7-4456-a6f4-b0a569ad0436\"  width=\"480\"\/><\/a><\/li>\n<li><a class=\"_link_1y6fe_111\" href=\"https:\/\/www.vg.no\/forfatter\/andreas-hopen\" style=\"z-index:1\" title=\"Andreas Hopen\" rel=\"nofollow noopener\" target=\"_blank\"><img alt=\"Bilde av Andreas Hopen\" class=\"_image_1y6fe_88\" fetchpriority=\"low\" loading=\"lazy\" decoding=\"async\" itemprop=\"image\"  src=\"https:\/\/www.europesays.com\/no\/wp-content\/uploads\/2025\/10\/1759595468_953_8d697287-ea03-4d54-ab67-6d65b82629eb\"  width=\"480\"\/><\/a><\/li>\n<\/ul>\n<p> Oppdatert l\u00f8rdag 4. oktober kl. 18:23    <\/p>\n<ul class=\"_list_1994c_3 _list_64s2r_85 _unordered_1994c_105 text-sans-m\">\n<li class=\"_item_1994c_30\">Manchester United slo nyopprykkede Sunderland 2\u20130 p\u00e5 Old Trafford etter m\u00e5l av Mason Mount og Benjamin Sesko.<\/li>\n<li class=\"_item_1994c_30\">VAR annullerte Sunderlands straffe f\u00f8r pause.<\/li>\n<li class=\"_item_1994c_30\">United tok tredje strake hjemmeseier.<\/li>\n<\/ul>\n<p>Vis mer <\/p>\n<p class=\"_paragraph_1994c_4 _paragraph_xtcu6_10 layout-component text-serif-m layout-normal text-serif-m layout-padded\">\u2013 Det var absolutt viktig \u00e5 vinne kampen, for stemningen generelt. Vi kjempet helt til slutt, og heldigvis vant vi, sa Manchester Uniteds Benjamin Sesko etter kampen, if\u00f8lge BBC.<\/p>\n<p class=\"_paragraph_1994c_4 _paragraph_xtcu6_10 layout-component text-serif-m layout-normal text-serif-m layout-padded\">Det ble en etterlengtet opptur for Manchester United. F\u00f8r seieren over Sunderland, hadde Amorims menn tapt tre av de fem siste kampene sine og l\u00e5 helt nede p\u00e5 en 14.plass p\u00e5 tabellen.<\/p>\n<p class=\"_paragraph_1994c_4 _paragraph_xtcu6_10 layout-component text-serif-m layout-normal text-serif-m layout-padded\">Nyopprykkede Sunderland har p\u00e5 sin side hatt en knallstart p\u00e5 sesongen, men p\u00e5 Old Trafford kom de til kort etter scoringer av Mason Mount og Benjamin Sesko.<\/p>\n<p class=\"_paragraph_1994c_4 _paragraph_xtcu6_10 layout-component text-serif-m layout-normal text-serif-m layout-padded\">\u2013 Fantastisk. Stemningen etter m\u00e5let er noe jeg alltid har dr\u00f8mt om. Forh\u00e5pentligvis kan jeg fortsette p\u00e5 denne m\u00e5ten, sier Sesko.<\/p>\n<p class=\"_paragraph_1994c_4 _paragraph_xtcu6_10 layout-component text-serif-m layout-normal text-serif-m layout-padded\">N\u00e6rmest var Sunderland da dommeren pekte p\u00e5 straffemerket like f\u00f8r pausen. Sesko leverte et h\u00f8yt spark i duell med Trai Hume p\u00e5 et innkast. Sunderland-spilleren ble truffet av ballen og kastet seg ned. <\/p>\n<p class=\"_paragraph_1994c_4 _paragraph_xtcu6_10 layout-component text-serif-m layout-normal text-serif-m layout-padded\">Men etter en sjekk i VAR-rommet ble det ikke straffespark likevel.<\/p>\n<p class=\"_paragraph_1994c_4 _paragraph_xtcu6_10 layout-component text-serif-m layout-normal text-serif-m layout-padded\">\u2013 Det han eventuelt d\u00f8mmer p\u00e5, er ikke treffpunktet i seg selv, men farefullt spill, sa Viaplay-kommentator Lars Tj\u00e6rn\u00e5s.<\/p>\n<ul class=\"_list_1994c_3 _list_xtcu6_9 _unordered_1994c_105 layout-component text-serif-m layout-normal text-serif-m layout-padded\">\n<li class=\"_item_1994c_30\">Mason Mount scoret hjemmelagets f\u00f8rste m\u00e5l etter \u00e5tte minutter, da han prikket en avslutning ned i hj\u00f8rnet p\u00e5 elegant vis. <\/li>\n<\/ul>\n<p><img alt=\"TRAMPEKLAPP: Publikum klappet m\u00e5lscorer Mason Mount av banen da han ble byttet ut. Her hilser han p\u00e5 Amorim.  Foto: Dave Thompson \/ AP \/ NTB\" class=\"_image_qp4xg_65 layout-component layout-normal\" data-fullscreen- data-track-element-type=\"Article image fullscreen\" data-track-name=\"ImageFullscreen\" decoding=\"async\" loading=\"lazy\" height=\"1564\" itemprop=\"image\"  src=\"https:\/\/www.europesays.com\/no\/wp-content\/uploads\/2025\/10\/7235cf27-42e8-433f-9fa0-1de2d4862cf8\"  style=\"object-position:0% 0%\" width=\"2345\"\/>TRAMPEKLAPP: Publikum klappet m\u00e5lscorer Mason Mount av banen da han ble byttet ut. Her hilser han p\u00e5 Amorim.  Foto: Dave Thompson \/ AP \/ NTB<\/p>\n<ul class=\"_list_1994c_3 _list_xtcu6_9 _unordered_1994c_105 layout-component text-serif-m layout-normal text-serif-m layout-padded\">\n<li class=\"_item_1994c_30\">Deretter var det prestisjesigneringen Benjamin Sesko som scoret etter halvtimen, i andre strake kamp for hans del<\/li>\n<li class=\"_item_1994c_30\">Med det sikret Manchester United seg seier i den tredje hjemmekampen p\u00e5 rad. <\/li>\n<\/ul>\n<p class=\"_paragraph_1994c_4 _paragraph_xtcu6_10 layout-component text-serif-m layout-normal text-serif-m layout-padded\">Det er p\u00e5 bortebane laget sliter mest. I kj\u00f8lvannet av den begredelige starten p\u00e5 sesongen, har Amorims foretrukne 3-4-2-1-formasjon v\u00e6rt gjenstand for mye diskusjon. <\/p>\n<p><img alt=\"STARTET: Keeper Senne Lammens fikk tillit fra start for f\u00f8rste gang mot Sunderland. Amorim uttalte f\u00f8r kampen at den avgj\u00f8relsen handlet f\u00f8rst og fremst om at laget m\u00e5 rotere.   Foto: Martin Rickett \/ Pa Photos \/ NTB\" class=\"_image_qp4xg_65 layout-component layout-normal\" data-fullscreen- data-track-element-type=\"Article image fullscreen\" data-track-name=\"ImageFullscreen\" decoding=\"async\" loading=\"lazy\" height=\"4987\" itemprop=\"image\"  src=\"https:\/\/www.europesays.com\/no\/wp-content\/uploads\/2025\/10\/3dad9dbd-0138-4cba-8529-e07f780f8d70\"  style=\"object-position:0% 0%\" width=\"3679\"\/>STARTET: Keeper Senne Lammens fikk tillit fra start for f\u00f8rste gang mot Sunderland. Amorim uttalte f\u00f8r kampen at den avgj\u00f8relsen handlet f\u00f8rst og fremst om at laget m\u00e5 rotere.   Foto: Martin Rickett \/ Pa Photos \/ NTB<\/p>\n<p class=\"_paragraph_1994c_4 _paragraph_xtcu6_10 layout-component text-serif-m layout-normal text-serif-m layout-padded\">Manageren har imidlertid forsvart taktikken og uttalte tidligere i uken: <\/p>\n<p class=\"_paragraph_1994c_4 _paragraph_xtcu6_10 layout-component text-serif-m layout-normal text-serif-m layout-padded\">\u2013 Mitt st\u00f8rste problem er at spillerne mine tror p\u00e5 dere n\u00e5r dere sier at problemet med laget v\u00e5rt er systemet. Jeg blir gal av det.<\/p>\n","protected":false},"excerpt":{"rendered":"Oppdatert l\u00f8rdag 4. oktober kl. 18:23 Manchester United slo nyopprykkede Sunderland 2\u20130 p\u00e5 Old Trafford etter m\u00e5l av&hellip;\n","protected":false},"author":2,"featured_media":52652,"comment_status":"","ping_status":"","sticky":false,"template":"","format":"standard","meta":{"footnotes":""},"categories":[59],"tags":[158,30,28,29,161,83,82,8031],"class_list":{"0":"post-52651","1":"post","2":"type-post","3":"status-publish","4":"format-standard","5":"has-post-thumbnail","7":"category-sport","8":"tag-manchester-united","9":"tag-no","10":"tag-norge","11":"tag-norway","12":"tag-premier-league","13":"tag-sport","14":"tag-sports","15":"tag-sunderland-afc"},"share_on_mastodon":{"url":"","error":""},"_links":{"self":[{"href":"https:\/\/www.europesays.com\/no\/wp-json\/wp\/v2\/posts\/52651","targetHints":{"allow":["GET"]}}],"collection":[{"href":"https:\/\/www.europesays.com\/no\/wp-json\/wp\/v2\/posts"}],"about":[{"href":"https:\/\/www.europesays.com\/no\/wp-json\/wp\/v2\/types\/post"}],"author":[{"embeddable":true,"href":"https:\/\/www.europesays.com\/no\/wp-json\/wp\/v2\/users\/2"}],"replies":[{"embeddable":true,"href":"https:\/\/www.europesays.com\/no\/wp-json\/wp\/v2\/comments?post=52651"}],"version-history":[{"count":0,"href":"https:\/\/www.europesays.com\/no\/wp-json\/wp\/v2\/posts\/52651\/revisions"}],"wp:featuredmedia":[{"embeddable":true,"href":"https:\/\/www.europesays.com\/no\/wp-json\/wp\/v2\/media\/52652"}],"wp:attachment":[{"href":"https:\/\/www.europesays.com\/no\/wp-json\/wp\/v2\/media?parent=52651"}],"wp:term":[{"taxonomy":"category","embeddable":true,"href":"https:\/\/www.europesays.com\/no\/wp-json\/wp\/v2\/categories?post=52651"},{"taxonomy":"post_tag","embeddable":true,"href":"https:\/\/www.europesays.com\/no\/wp-json\/wp\/v2\/tags?post=52651"}],"curies":[{"name":"wp","href":"https:\/\/api.w.org\/{rel}","templated":true}]}}