{"id":52705,"date":"2025-10-04T17:41:28","date_gmt":"2025-10-04T17:41:28","guid":{"rendered":"https:\/\/www.europesays.com\/no\/52705\/"},"modified":"2025-10-04T17:41:28","modified_gmt":"2025-10-04T17:41:28","slug":"knusende-seier-det-er-deilig-fvn-no","status":"publish","type":"post","link":"https:\/\/www.europesays.com\/no\/52705\/","title":{"rendered":"(+) Knusende seier: \u2013 Det er deilig &#8211; fvn.no"},"content":{"rendered":"<ol>\n<li><a href=\"https:\/\/news.google.com\/rss\/articles\/CBMilgFBVV95cUxQQ1hzdW0xa0xadlhUREZqTGNtMDRhVXFXSkZSblJkZ2lvWldPTHhRMnB3R1RUTE51a1hvRHBmSkFjU3MyM2tkYTMyMGkyTTBxVFBjRWJDMTZ1d0ZTSWhGYVpIZGk3enExLWh5ZU02bG1jT2JkZTZEN2dpYXk4a0JSVHB0ZU5QcTRDdXoyS1NJeGlyZmVxZ1E?oc=5\" target=\"_blank\" rel=\"nofollow noopener\">(+) Knusende seier: \u2013 Det er deilig<\/a>&nbsp;&nbsp;fvn.no<\/li>\n<li><a href=\"https:\/\/news.google.com\/rss\/articles\/CBMijwFBVV95cUxOU3doTFZaUVNvSGh3T1hTeUdBcV9GazNsLThFV3NhOUhwRXRjRlZsSUJfMWFxVjFFZ01sRF9VaEpmOFBXOExZaXFfMF9QN2lfV1hTbzRVbmJCaVFWdHF4SHVMc1U1czJnTXNzaE4yTnN4aDJSNmV2TkpSSlFnaXYxTi15aERYNUFuaWp1aW5VZw?oc=5\" target=\"_blank\" rel=\"nofollow noopener\">Sport, Fotball | Raufoss-spiller fikk f\u00f8rst gult, men s\u00e5 ombestemte dommeren seg og trakk fram det r\u00f8de<\/a>&nbsp;&nbsp;Oppland Arbeiderblad<\/li>\n<li><a href=\"https:\/\/news.google.com\/rss\/articles\/CBMilAFBVV95cUxOODFCaXRxNDdFcjlyaUFBSTFQeGNENjhVTHo5MkJ1OEhLd3FlOFZRNkZBSmxoeTZnWkx0bEVIVVA1RndHUndyaHQ4VkNpLWNSdElWeVZhS1QxbEctLVJURHFGdTJuQ0tkTU40S2dMRXhPV3BIOTNVUDBzR2haNllNSk1rTENxOU92dGRnSkZDODJrdFNx?oc=5\" target=\"_blank\" rel=\"nofollow noopener\">Start, Sport | Kan jubelscenene komme tilbake? Se og f\u00f8lg kampen med KRS<\/a>&nbsp;&nbsp;KRS &#8211; Avisen Kristiansand<\/li>\n<li><a href=\"https:\/\/news.google.com\/rss\/articles\/CBMikgFBVV95cUxPeEZrODIyeHJwbDlBdUpiN2xSdExnWXppY00tM0hybjhZWGpHczV5YlFXR1hfTTJ5UWZMNDZhOUs3TmsxNGl6Q3JaXzRVSzRqRk9HWkJIRXZBQmwxT2FTa1QtdFlhR2lZeFFreTJ4Smk2dzljeFlvdVZQNWdiaXluR19KUDRMVXU1dUZBWDVocVdNQQ?oc=5\" target=\"_blank\" rel=\"nofollow noopener\">Les deg opp f\u00f8r morgendagens Rosa Sl\u00f8yfe-kamp mot Raufoss!<\/a>&nbsp;&nbsp;IK Start<\/li>\n<li><a href=\"https:\/\/news.google.com\/rss\/articles\/CBMilgFBVV95cUxOS3BzZnBSeGdxVlRiWF91VVJLekRtY2k1Z0ZaZ3UwSExweWJJTG9FaEYzcENpZmN3ODVsdEpvb3NtQm9ZVVpWblc0d3p4NVdrSXFMOUVjWmlpODZ3VndIUFhaSFVYT2YyYVZDUWpORlQ0TlZjZk9oS2o3TzEtdFZfM3ZqNTR1d3B5WlQ3cHhVVlphdDhtbkE?oc=5\" target=\"_blank\" rel=\"nofollow noopener\">Start herjer: \u00abDet er uvirkelig!\u00bb<\/a>&nbsp;&nbsp;fvn.no<\/li>\n<\/ol>\n","protected":false},"excerpt":{"rendered":"(+) Knusende seier: \u2013 Det er deilig&nbsp;&nbsp;fvn.no Sport, Fotball | Raufoss-spiller fikk f\u00f8rst gult, men s\u00e5 ombestemte dommeren&hellip;\n","protected":false},"author":2,"featured_media":52706,"comment_status":"","ping_status":"","sticky":false,"template":"","format":"standard","meta":{"footnotes":""},"categories":[59],"tags":[303,30,28,29,83,82],"class_list":{"0":"post-52705","1":"post","2":"type-post","3":"status-publish","4":"format-standard","5":"has-post-thumbnail","7":"category-sport","8":"tag-ik-start","9":"tag-no","10":"tag-norge","11":"tag-norway","12":"tag-sport","13":"tag-sports"},"share_on_mastodon":{"url":"","error":""},"_links":{"self":[{"href":"https:\/\/www.europesays.com\/no\/wp-json\/wp\/v2\/posts\/52705","targetHints":{"allow":["GET"]}}],"collection":[{"href":"https:\/\/www.europesays.com\/no\/wp-json\/wp\/v2\/posts"}],"about":[{"href":"https:\/\/www.europesays.com\/no\/wp-json\/wp\/v2\/types\/post"}],"author":[{"embeddable":true,"href":"https:\/\/www.europesays.com\/no\/wp-json\/wp\/v2\/users\/2"}],"replies":[{"embeddable":true,"href":"https:\/\/www.europesays.com\/no\/wp-json\/wp\/v2\/comments?post=52705"}],"version-history":[{"count":0,"href":"https:\/\/www.europesays.com\/no\/wp-json\/wp\/v2\/posts\/52705\/revisions"}],"wp:featuredmedia":[{"embeddable":true,"href":"https:\/\/www.europesays.com\/no\/wp-json\/wp\/v2\/media\/52706"}],"wp:attachment":[{"href":"https:\/\/www.europesays.com\/no\/wp-json\/wp\/v2\/media?parent=52705"}],"wp:term":[{"taxonomy":"category","embeddable":true,"href":"https:\/\/www.europesays.com\/no\/wp-json\/wp\/v2\/categories?post=52705"},{"taxonomy":"post_tag","embeddable":true,"href":"https:\/\/www.europesays.com\/no\/wp-json\/wp\/v2\/tags?post=52705"}],"curies":[{"name":"wp","href":"https:\/\/api.w.org\/{rel}","templated":true}]}}