{"id":52720,"date":"2025-10-04T18:26:09","date_gmt":"2025-10-04T18:26:09","guid":{"rendered":"https:\/\/www.europesays.com\/no\/52720\/"},"modified":"2025-10-04T18:26:09","modified_gmt":"2025-10-04T18:26:09","slug":"stjernene-straler-lettkledd-pa-veldedighetsauksjon-i-new-york","status":"publish","type":"post","link":"https:\/\/www.europesays.com\/no\/52720\/","title":{"rendered":"Stjernene str\u00e5ler lettkledd p\u00e5 veldedighetsauksjon i New York"},"content":{"rendered":"<p class=\"kicker \" style=\"\">Dakota Johnson stjal showet<\/p>\n<p>  Superstjernene stilte stivpyntet &#8211; men lettkledd &#8211; p\u00e5 auksjon for veldedighet<\/p>\n<p>\n    T\u00d8FT: Datteren til \u00abMiami Vice\u00bb-stjernen Don Johnson (75) og \u00abWorking Girl\u00bb-stjernen Melanie Griffith (68) \u2013 vakre Daktora \u2013 stilte i en h\u00f8yhalset kjole som var helt gjennomsiktig. FOTO: NTB\n  <\/p>\n<p> At mote kan g\u00e5 h\u00e5nd i h\u00e5nd med veldedige saker, er ingen nyhet.\u00a0<\/p>\n<p>Her ser vi en stjernespekket samling som m\u00f8tte opp p\u00e5 Manhattan da Kering-stiftelsen inviterte til veldedig middag med p\u00e5f\u00f8lgende auksjon.<\/p>\n<p>          <img loading=\"lazy\" decoding=\"async\" src=\"https:\/\/www.europesays.com\/no\/wp-content\/uploads\/2025\/10\/83670007.webp\" width=\"686\" height=\"851\" title=\"FLOTT: Demi Moore (62) valgte en tilkneppet kjole med h\u00f8y splitt fra Gucci. Foto: NTB\" alt=\"\" class=\"\" style=\"--aspect-ratio-image: 0.81; \"\/><\/p>\n<p>\n          FLOTT: Demi Moore (62) valgte en tilkneppet kjole med h\u00f8y splitt fra Gucci. Foto: NTB\n      <\/p>\n<p>De fremm\u00f8tte var pengesterke. Under middagen kunne de nemlig by p\u00e5 alt fra haute couture til eksklusive opplevelser donert av Kering-merkevarer som Gucci, Saint Laurent, Balenciaga, og Bottega Veneta \u2013 og auksjonen fikk inn 45 millioner kroner til arbeid mot vold mot kvinner.\u00a0<\/p>\n<p>          <img loading=\"lazy\" decoding=\"async\" src=\"https:\/\/www.europesays.com\/no\/wp-content\/uploads\/2025\/10\/83680938.webp\" width=\"686\" height=\"597\" title=\"EIEREN: Fran\u00e7ois-Henri Pinault eier Kering som arrangerte gallaen. Her med kona Salma Hayek. Foto: NTB\" alt=\"\" class=\"\" style=\"--aspect-ratio-image: 1.15; \"\/><\/p>\n<p>\n          EIEREN: Fran\u00e7ois-Henri Pinault eier Kering som arrangerte gallaen. Her med kona Salma Hayek. Foto: NTB\n      <\/p>\n<p>Det er 15 millioner kroner mer enn smykket som Lauren S\u00e1nchez Bezos gikk med \u2026<\/p>\n<p>          <img loading=\"lazy\" decoding=\"async\" src=\"https:\/\/www.europesays.com\/no\/wp-content\/uploads\/2025\/10\/83670019.webp\" width=\"686\" height=\"1029\" title=\"STR\u00c5LTE: Julianne Moore (64) er ambassad\u00f8r for Bottega Veneta, og stilte i kjole fra dem. Foto: NTB\" alt=\"\" class=\"\" style=\"--aspect-ratio-image: 0.67; \"\/><\/p>\n<p>\n          STR\u00c5LTE: Julianne Moore (64) er ambassad\u00f8r for Bottega Veneta, og stilte i kjole fra dem. Foto: NTB\n      <\/p>\n<p>Supermodellen Linda Evangelista (60) var blant de inviterte, og hun benyttet sjansen til \u00e5 hylle stiftelsen.<\/p>\n<p>          <img loading=\"lazy\" decoding=\"async\" src=\"https:\/\/www.europesays.com\/no\/wp-content\/uploads\/2025\/10\/83670023.webp\" width=\"686\" height=\"1043\" title=\"ELLEVILL&#10;PRISLAPP:&#10;Lauren S\u00e1nchez Bezos&#10;(55) giftet seg i sommer med styrtrike Jeff&#10;Bezos. Hun kom i kjole&#10;fra Schiaparelli og et&#10;smykke til 30 millioner&#10;kroner. Foto: NTB\" alt=\"\" class=\"\" style=\"--aspect-ratio-image: 0.66; \"\/><\/p>\n<p>\n          ELLEVILL<br \/>\nPRISLAPP:<br \/>\nLauren S\u00e1nchez Bezos<br \/>\n(55) giftet seg i sommer med styrtrike Jeff<br \/>\nBezos. Hun kom i kjole<br \/>\nfra Schiaparelli og et<br \/>\nsmykke til 30 millioner<br \/>\nkroner. Foto: NTB\n      <\/p>\n<p>        BLE FORHINDRET: N\u00e5r man vinner en pris, er det som oftest slik at hovedpersonene vil komme selv for \u00e5 ta den i mot, men det kunne ikke Jon Almaas og Ellen Heider under \u00e5rets Se og H\u00f8r Reality Awards. Video: H\u00e5vard Bj\u00f8rnerem \/ Privat<\/p>\n<p>\u2013 Jeg elsker at Kering har tatt et slikt standpunktet for kvinner. Jeg er selv ber\u00f8rt, og kjenner folk som er ber\u00f8rt av dette problemet. Jeg elsker at Kering alltid har v\u00e6rt en forkjemper, sier hun if\u00f8lge W Magazine.<\/p>\n<p>          <img loading=\"lazy\" decoding=\"async\" src=\"https:\/\/www.europesays.com\/no\/wp-content\/uploads\/2025\/10\/83670042.webp\" width=\"686\" height=\"1029\" title=\"LEKKER I LILLA: Det var&#10;ikke mange som valgte farger&#10;denne kvelden, men Jessica&#10;Chastain (43) \u2013 kjent fra blant&#10;annet \u00abInterstellar\u00bb \u2013 gikk for&#10;en lys lilla Gucci-kjole. Foto: NTB\" alt=\"\" class=\"\" style=\"--aspect-ratio-image: 0.67; \"\/><\/p>\n<p>\n          LEKKER I LILLA: Det var<br \/>\nikke mange som valgte farger<br \/>\ndenne kvelden, men Jessica<br \/>\nChastain (43) \u2013 kjent fra blant<br \/>\nannet \u00abInterstellar\u00bb \u2013 gikk for<br \/>\nen lys lilla Gucci-kjole. Foto: NTB\n      <\/p>\n<p>Kering-sjefen Fran\u00e7ois-Henri Pinault (63) str\u00e5lte sammen med sin flotte kone, filmstjernen Salma Hayek Pinault (59). <\/p>\n<p>          <img loading=\"lazy\" decoding=\"async\" src=\"https:\/\/www.europesays.com\/no\/wp-content\/uploads\/2025\/10\/83670054.webp\" width=\"686\" height=\"1078\" title=\"STRAM&#10;STIL:&#10;Supermodellen Linda&#10;Evangelista&#10;gikk i smoking&#10;fra Phoebe&#10;Philo. Foto: NTB\" alt=\"\" class=\"\" style=\"--aspect-ratio-image: 0.64; \"\/><\/p>\n<p>\n          STRAM<br \/>\nSTIL:<br \/>\nSupermodellen Linda<br \/>\nEvangelista<br \/>\ngikk i smoking<br \/>\nfra Phoebe<br \/>\nPhilo. Foto: NTB\n      <\/p>\n<p>\u2013 Dette handler om \u00e5 skape en f\u00f8lelse av fellesskap. Alle som er her \u00f8nsker \u00e5 bidra til \u00e5 finne bedre m\u00e5ter \u00e5 utvikle seg p\u00e5 sammen, sa Salma if\u00f8lge Vanity Fair. <\/p>\n<p>          <img loading=\"lazy\" decoding=\"async\" src=\"https:\/\/www.europesays.com\/no\/wp-content\/uploads\/2025\/10\/83670063.webp\" width=\"686\" height=\"1029\" title=\"ENKEL OG&#10;ELEGANT:&#10;\u00abSpiderman\u00bb-&#10;stjernen Kirsten&#10;Dunst (43) hadde&#10;valgt en brun&#10;kjole fra Gucci. Foto: NTB\" alt=\"\" class=\"\" style=\"--aspect-ratio-image: 0.67; \"\/><\/p>\n<p>\n          ENKEL OG<br \/>\nELEGANT:<br \/>\n\u00abSpiderman\u00bb-<br \/>\nstjernen Kirsten<br \/>\nDunst (43) hadde<br \/>\nvalgt en brun<br \/>\nkjole fra Gucci. Foto: NTB\n      <\/p>\n<p>Kveldens store snakkis var likevel \u00abFifty Shades of Gray\u00bb-skuespilleren Dakota Johnson (35). Hun stilte nemlig i en gjennomsiktig Gucci-kjole med godt synlig undert\u00f8y!<\/p>\n<p>        \u00abSKAL VI DANSE\u00bb: Vi har tatt en titt p\u00e5 noen av de villeste \u00f8yeblikkene fra inn- og utland. Video: \u00abDancing with the Stars\u00bb\/ABC, \u00abSkal vi danse\u00bb\/TV 2, \u00abLet&#8217;s Dance\u00bb &#8211; TV 4, \u00abBailando por un Sue\u00f1o\u00bb &#8211; El Trece.<\/p>\n","protected":false},"excerpt":{"rendered":"Dakota Johnson stjal showet Superstjernene stilte stivpyntet &#8211; men lettkledd &#8211; p\u00e5 auksjon for veldedighet T\u00d8FT: Datteren til&hellip;\n","protected":false},"author":2,"featured_media":52721,"comment_status":"","ping_status":"","sticky":false,"template":"","format":"standard","meta":{"footnotes":""},"categories":[56],"tags":[60,1924,61,4104,8040,479,62,30,28,29,8041],"class_list":{"0":"post-52720","1":"post","2":"type-post","3":"status-publish","4":"format-standard","5":"has-post-thumbnail","7":"category-naeringsliv","8":"tag-business","9":"tag-dakota-johnson","10":"tag-economy","11":"tag-eksklusivt","12":"tag-kering","13":"tag-kjendis","14":"tag-naeringsliv","15":"tag-no","16":"tag-norge","17":"tag-norway","18":"tag-salma-hayek"},"share_on_mastodon":{"url":"","error":""},"_links":{"self":[{"href":"https:\/\/www.europesays.com\/no\/wp-json\/wp\/v2\/posts\/52720","targetHints":{"allow":["GET"]}}],"collection":[{"href":"https:\/\/www.europesays.com\/no\/wp-json\/wp\/v2\/posts"}],"about":[{"href":"https:\/\/www.europesays.com\/no\/wp-json\/wp\/v2\/types\/post"}],"author":[{"embeddable":true,"href":"https:\/\/www.europesays.com\/no\/wp-json\/wp\/v2\/users\/2"}],"replies":[{"embeddable":true,"href":"https:\/\/www.europesays.com\/no\/wp-json\/wp\/v2\/comments?post=52720"}],"version-history":[{"count":0,"href":"https:\/\/www.europesays.com\/no\/wp-json\/wp\/v2\/posts\/52720\/revisions"}],"wp:featuredmedia":[{"embeddable":true,"href":"https:\/\/www.europesays.com\/no\/wp-json\/wp\/v2\/media\/52721"}],"wp:attachment":[{"href":"https:\/\/www.europesays.com\/no\/wp-json\/wp\/v2\/media?parent=52720"}],"wp:term":[{"taxonomy":"category","embeddable":true,"href":"https:\/\/www.europesays.com\/no\/wp-json\/wp\/v2\/categories?post=52720"},{"taxonomy":"post_tag","embeddable":true,"href":"https:\/\/www.europesays.com\/no\/wp-json\/wp\/v2\/tags?post=52720"}],"curies":[{"name":"wp","href":"https:\/\/api.w.org\/{rel}","templated":true}]}}