{"id":52738,"date":"2025-10-04T18:44:09","date_gmt":"2025-10-04T18:44:09","guid":{"rendered":"https:\/\/www.europesays.com\/no\/52738\/"},"modified":"2025-10-04T18:44:09","modified_gmt":"2025-10-04T18:44:09","slug":"kristiansund-snudde-kampen-slo-erkerival-molde","status":"publish","type":"post","link":"https:\/\/www.europesays.com\/no\/52738\/","title":{"rendered":"Kristiansund snudde kampen &#8211; slo erkerival Molde"},"content":{"rendered":"\n<p class=\"_lead_1994c_2 _lead_xtcu6_50 layout-component text-serif-m layout-normal text-serif-l layout-component layout-wide layout-padded _wide_17hqh_1 layout-padded\">Magnus Wolff Eikrem leverte en perlescoring fra midtbanestreken \u2013 men det var Kristiansund som til slutt kunne juble h\u00f8yest i lokaloppgj\u00f8ret.<\/p>\n<p><img alt=\" Foto: Svein Ove Ekornesv\u00e5g \/ NTB\" class=\"_image_qp4xg_65 layout-component layout-wide\" data-fullscreen- data-track-element-type=\"Article image fullscreen\" data-track-name=\"ImageFullscreen\" fetchpriority=\"high\" decoding=\"sync\" loading=\"eager\" height=\"3511\" itemprop=\"image\"  src=\"https:\/\/www.europesays.com\/no\/wp-content\/uploads\/2025\/10\/fad8af5a-ef60-4f7e-8a70-2067d89de1cf\"  style=\"object-position:0% 0%\" width=\"5267\"\/> Foto: Svein Ove Ekornesv\u00e5g \/ NTB Oppdatert l\u00f8rdag 4. oktober kl. 20:16     <\/p>\n<p class=\"_paragraph_1994c_4 _paragraph_xtcu6_10 layout-component text-serif-m layout-normal text-serif-m layout-padded\">\u2013 Det er bare \u00e9n mann som kan gj\u00f8re noe slikt i <a href=\"https:\/\/www.vg.no\/tag\/eliteserien?utm_source=vg-article&amp;utm_medium=auto-tagger&amp;utm_campaign=RzJRjA\" class=\"_link_1994c_39\" rel=\"nofollow noopener\" target=\"_blank\">Eliteserien<\/a>, l\u00f8d det fra TV 2s kommentator Petter B\u00f8 Tosterud da Eikrem sendte Molde i ledelsen etter en dr\u00f8mmescoring fra midtbanen. <\/p>\n<p class=\"_paragraph_1994c_4 _paragraph_xtcu6_10 layout-component text-serif-m layout-normal text-serif-m layout-padded\">Eikrem chippet ballen over Kristiansund-keeper Adrian S\u00e6ther, og sendte Molde i ledelsen etter 21 spilte minutter. <\/p>\n<p class=\"_paragraph_1994c_4 _paragraph_xtcu6_10 layout-component text-serif-m layout-normal text-serif-m layout-padded\">\u2013 Jeg er litt usikker p\u00e5 hva som skjedde der, jeg har blackout. Men et sinnssykt m\u00e5l, sa Eikrem til TV 2 i pausen.<\/p>\n<p><img alt=\"Foto: Svein Ove Ekornesv\u00e5g \/ NTB\" class=\"_image_qp4xg_65 layout-component layout-normal\" data-fullscreen- data-track-element-type=\"Article image fullscreen\" data-track-name=\"ImageFullscreen\" decoding=\"async\" loading=\"lazy\" height=\"2833\" itemprop=\"image\"  src=\"https:\/\/www.europesays.com\/no\/wp-content\/uploads\/2025\/10\/6b4df88c-76c5-4e0f-9033-334ea295f7e2\"  style=\"object-position:0% 0%\" width=\"4249\"\/>Foto: Svein Ove Ekornesv\u00e5g \/ NTB<\/p>\n<p class=\"_paragraph_1994c_4 _paragraph_xtcu6_10 layout-component text-serif-m layout-normal text-serif-m layout-padded\">Likevel var det vertene som tok med seg tre poeng hjem fra Nordm\u00f8re stadion. <\/p>\n<p class=\"_paragraph_1994c_4 _paragraph_xtcu6_10 layout-component text-serif-m layout-normal text-serif-m layout-padded\">Fire minutter ut i andre omgang slo nordm\u00f8ringene tilbake. Etter en Molde-corner, fikk Kristiansund en kontringsmulighet. David Tufekcic fant Isah Ubandoma, som alene mot Sean McDermott satte inn utligningen. <\/p>\n<p><img alt=\"Foto: Svein Ove Ekornesv\u00e5g \/ NTB\" class=\"_image_qp4xg_65 layout-component layout-normal\" data-fullscreen- data-track-element-type=\"Article image fullscreen\" data-track-name=\"ImageFullscreen\" decoding=\"async\" loading=\"lazy\" height=\"2786\" itemprop=\"image\"  src=\"https:\/\/www.europesays.com\/no\/wp-content\/uploads\/2025\/10\/de0c7b4e-d595-4607-a4c4-ca55e39057ce\"  style=\"object-position:0% 0%\" width=\"4177\"\/>Foto: Svein Ove Ekornesv\u00e5g \/ NTB<\/p>\n<p class=\"_paragraph_1994c_4 _paragraph_xtcu6_10 layout-component text-serif-m layout-normal text-serif-m layout-padded\">Etter en times spill eksploderte Nordm\u00f8re stadion, da Kristiansunds midtstopper Marius Bentsen Olsen sendte hjemmelaget i ledelsen.<\/p>\n<p class=\"_paragraph_1994c_4 _paragraph_xtcu6_10 layout-component text-serif-m layout-normal text-serif-m layout-padded\">Olsen steg til v\u00e6rs p\u00e5 en corner fra Axel Kryger, og headet inn sitt f\u00f8rste m\u00e5l i Eliteserien.<\/p>\n<p class=\"_paragraph_1994c_4 _paragraph_xtcu6_10 layout-component text-serif-m layout-normal text-serif-m layout-padded\">\u2013 Det er sjeldent jeg kjenner p\u00e5 en s\u00e5nn f\u00f8lelse p\u00e5 fotballbanen. Det er ekstremt deilig \u00e5 ta Molde p\u00e5 hjemmebane, sier Olsen til TV 2 etter kampslutt.<\/p>\n<p class=\"_paragraph_1994c_4 _paragraph_xtcu6_10 layout-component text-serif-m layout-normal text-serif-m layout-padded\">Kristiansund sikret seg dermed tre viktige poeng i bunnstriden, mens Molde fikk nok en tung kveld p\u00e5 bortebane.<\/p>\n<p class=\"_paragraph_1994c_4 _paragraph_xtcu6_10 layout-component text-serif-m layout-normal text-serif-m layout-padded\">\u2013 Den seieren her betyr utrolig mye for gruppen, men den betyr aller mest for supporterne som legger s\u00e5 mye i disse lokaloppgj\u00f8rene her. Det \u00e5 kunne gi dette til dem, betyr mer enn bare tre poeng, sier Kristiansund-trener Amund Skiri til TV 2.<\/p>\n<p class=\"_paragraph_1994c_4 _paragraph_xtcu6_10 layout-component text-serif-m layout-normal text-serif-m layout-padded\">\u2013 Vi er selvf\u00f8lgelig skuffet. Vi er ikke forn\u00f8yd med uttellingen. Vi har s\u00e5 mange sjanser at vi burde vunnet mye, men det avgj\u00f8res innenfor boksene, og der er ikke vi gode nok, sier Molde-trener Magne Hoseth til TV 2.<\/p>\n","protected":false},"excerpt":{"rendered":"Magnus Wolff Eikrem leverte en perlescoring fra midtbanestreken \u2013 men det var Kristiansund som til slutt kunne juble&hellip;\n","protected":false},"author":2,"featured_media":52739,"comment_status":"","ping_status":"","sticky":false,"template":"","format":"standard","meta":{"footnotes":""},"categories":[59],"tags":[134,30,28,29,83,82],"class_list":{"0":"post-52738","1":"post","2":"type-post","3":"status-publish","4":"format-standard","5":"has-post-thumbnail","7":"category-sport","8":"tag-eliteserien","9":"tag-no","10":"tag-norge","11":"tag-norway","12":"tag-sport","13":"tag-sports"},"share_on_mastodon":{"url":"","error":""},"_links":{"self":[{"href":"https:\/\/www.europesays.com\/no\/wp-json\/wp\/v2\/posts\/52738","targetHints":{"allow":["GET"]}}],"collection":[{"href":"https:\/\/www.europesays.com\/no\/wp-json\/wp\/v2\/posts"}],"about":[{"href":"https:\/\/www.europesays.com\/no\/wp-json\/wp\/v2\/types\/post"}],"author":[{"embeddable":true,"href":"https:\/\/www.europesays.com\/no\/wp-json\/wp\/v2\/users\/2"}],"replies":[{"embeddable":true,"href":"https:\/\/www.europesays.com\/no\/wp-json\/wp\/v2\/comments?post=52738"}],"version-history":[{"count":0,"href":"https:\/\/www.europesays.com\/no\/wp-json\/wp\/v2\/posts\/52738\/revisions"}],"wp:featuredmedia":[{"embeddable":true,"href":"https:\/\/www.europesays.com\/no\/wp-json\/wp\/v2\/media\/52739"}],"wp:attachment":[{"href":"https:\/\/www.europesays.com\/no\/wp-json\/wp\/v2\/media?parent=52738"}],"wp:term":[{"taxonomy":"category","embeddable":true,"href":"https:\/\/www.europesays.com\/no\/wp-json\/wp\/v2\/categories?post=52738"},{"taxonomy":"post_tag","embeddable":true,"href":"https:\/\/www.europesays.com\/no\/wp-json\/wp\/v2\/tags?post=52738"}],"curies":[{"name":"wp","href":"https:\/\/api.w.org\/{rel}","templated":true}]}}