{"id":52794,"date":"2025-10-04T19:54:11","date_gmt":"2025-10-04T19:54:11","guid":{"rendered":"https:\/\/www.europesays.com\/no\/52794\/"},"modified":"2025-10-04T19:54:11","modified_gmt":"2025-10-04T19:54:11","slug":"han-bor-ikke-vaere-lege","status":"publish","type":"post","link":"https:\/\/www.europesays.com\/no\/52794\/","title":{"rendered":"\u2013 Han b\u00f8r ikke v\u00e6re lege"},"content":{"rendered":"\n<p class=\"_paragraph_1994c_4 _paragraph_xtcu6_10 layout-component text-serif-m layout-normal text-serif-m layout-padded\">N\u00e5r han er ute p\u00e5 havet, f\u00f8ler han ikke smerten. Da glemmer Finn \u00c5ge Olsen dagen for \u00e5tte \u00e5r siden.<\/p>\n<p class=\"_paragraph_1994c_4 _paragraph_xtcu6_10 layout-component text-serif-m layout-normal text-serif-m layout-padded\">Han skulle bare fikse en liten ting p\u00e5 taket av huset sitt i Lyngdal, Norge. <\/p>\n<p class=\"_paragraph_1994c_4 _paragraph_xtcu6_10 layout-component text-serif-m layout-normal text-serif-m layout-padded\">S\u00e5 falt han ned fra stigen og brakk ankelen.<\/p>\n<p class=\"_paragraph_1994c_4 _paragraph_xtcu6_10 layout-component text-serif-m layout-normal text-serif-m layout-padded\">\u00abBare\u00bb ankelen, som han sier.<\/p>\n<p class=\"_paragraph_1994c_4 _paragraph_xtcu6_10 layout-component text-serif-m layout-normal text-serif-m layout-padded\"><strong class=\"_strong_1994c_25\">Snart skulle han miste halve foten.<\/strong><\/p>\n<p><img alt=\"Foto: Tor Erik Schr\u00f8der \/ NTB\" class=\"_image_qp4xg_65 layout-component layout-normal\" data-fullscreen- data-track-element-type=\"Article image fullscreen\" data-track-name=\"ImageFullscreen\" decoding=\"async\" loading=\"lazy\" height=\"3487\" itemprop=\"image\"  src=\"https:\/\/www.europesays.com\/no\/wp-content\/uploads\/2025\/10\/6cc62119-dcbd-49d4-8caa-11f3bfc45289\"  style=\"object-position:0% 0%\" width=\"4649\"\/>Foto: Tor Erik Schr\u00f8der \/ NTB<\/p>\n<p class=\"_paragraph_1994c_4 _paragraph_xtcu6_10 layout-component text-serif-m layout-normal text-serif-m layout-padded\">P\u00e5 sykehuset i Flekkefjord gjennomgikk Olsen flere operasjoner \u2013 to av dem utf\u00f8rt av legen Jerlan Omarchanov.<\/p>\n<p class=\"_paragraph_1994c_4 _paragraph_xtcu6_10 layout-component text-serif-m layout-normal text-serif-m layout-padded\"><strong class=\"_strong_1994c_25\">Legen gjorde mange feil. Plater og skruer l\u00f8snet, og Olsen fikk infeksjon i foten.<\/strong><\/p>\n<p class=\"_paragraph_1994c_4 _paragraph_xtcu6_10 layout-component text-serif-m layout-normal text-serif-m layout-padded\">Smertene var sterke, men han ble likevel sendt hjem. <\/p>\n<p class=\"_paragraph_1994c_4 _paragraph_xtcu6_10 layout-component text-serif-m layout-normal text-serif-m layout-padded\">Hjemme kollapset Olsen \u2013 tilsynelatende med livstruende sepsissepsisSepsis, eller blodforgiftning, inntreffer n\u00e5r en infeksjon f\u00f8rer til at kroppens organer svikter. Tilstanden er livstruende hvis den ikke blir oppdaget og behandlet i tide.. <\/p>\n<p class=\"_paragraph_1994c_4 _paragraph_xtcu6_10 layout-component text-serif-m layout-normal text-serif-m layout-padded\">Og det var n\u00e5 katastrofen skjedde: Han m\u00e5tte amputere foten fra kneet og ned. <\/p>\n<p><img alt=\"Foto: Anne Smith \/ ZDF\" class=\"_image_qp4xg_65 layout-component layout-normal\" data-fullscreen- data-track-element-type=\"Article image fullscreen\" data-track-name=\"ImageFullscreen\" decoding=\"async\" loading=\"lazy\" height=\"1268\" itemprop=\"image\"  src=\"https:\/\/www.europesays.com\/no\/wp-content\/uploads\/2025\/10\/ebee6334-6c53-4d3f-965a-f1afec4ed2c2\"  style=\"object-position:0% 0%\" width=\"1691\"\/>Foto: Anne Smith \/ ZDF<\/p>\n<p class=\"_paragraph_1994c_4 _paragraph_xtcu6_10 layout-component text-serif-m layout-normal text-serif-m layout-padded\">Helsetilsynet dokumenterte i detalj hva som gikk galt i behandlingen av Finn \u00c5ge Olsen:<\/p>\n<ul class=\"_list_1994c_3 _list_xtcu6_9 _unordered_1994c_105 layout-component text-serif-m layout-normal text-serif-m layout-padded\">\n<li class=\"_item_1994c_30\">I 2017 ble Olsens ankel operert av Omarchanov, selv om beinet var ustabilt. Eksperter vurderte dette som et alvorlig avvik fra god praksis.<\/li>\n<li class=\"_item_1994c_30\">Senere utf\u00f8rte Omarchanov en st\u00f8rre rekonstruksjon med beintransplantasjon. En slik prosedyre burde ha blitt utf\u00f8rt p\u00e5 et spesialistsenter, ikke p\u00e5 et lokalt sykehus, konkluderte myndighetene senere.<\/li>\n<li class=\"_item_1994c_30\">Ekspertene konkluderte med at Omarchanovs behandling var uakseptabel \u2013 og br\u00f8t med medisinske standarder. I januar 2021 fratok Helsetilsynet.Helsetilsynet.En norsk myndighet som har ansvar for \u00e5 f\u00f8re tilsyn med helse- og omsorgstjenester for \u00e5 sikre at de er trygge og av god kvalitet. legen autorisasjonen.autorisasjonen.En offisiell tillatelse som gir en person rett til \u00e5 praktisere et yrke, som for eksempel \u00e5 v\u00e6re lege.<\/li>\n<\/ul>\n<p class=\"_paragraph_1994c_4 _paragraph_xtcu6_10 layout-component text-serif-m layout-normal text-serif-m layout-padded\"><strong class=\"_strong_1994c_25\">Hvordan er det mulig at Jerlan Omarchanov fortsatt jobber som lege?<\/strong><\/p>\n<p class=\"_paragraph_1994c_4 _paragraph_xtcu6_10 layout-component text-serif-m layout-normal text-serif-m layout-padded\">NRK har skrevet <a href=\"https:\/\/www.nrk.no\/sorlandet\/feilopererte-jimmy-saksoker-staten-for-5-millioner---stiller-alene-i-retten-1.17527463\" class=\"_link_1994c_39\" rel=\"nofollow noopener\" target=\"_blank\">en rekke saker<\/a> om legen Jerlan Omarchanov, som st\u00e5r bak feildiagnostisering, feil under kirurgi og feil etterbehandling. En rekke norske pasienter har f\u00e5tt erstatning etter \u00e5 blitt feilbehandlet av ham. <\/p>\n<p class=\"_paragraph_1994c_4 _paragraph_xtcu6_10 layout-component text-serif-m layout-normal text-serif-m layout-padded\"><strong class=\"_strong_1994c_25\">N\u00e5 kan VG fortelle at Omarchanov, opprinnelig fra Kasakhstan, jobber i en liten by n\u00e6r Bodensj\u00f8en i Tyskland.<\/strong><\/p>\n<p class=\"_paragraph_1994c_4 _paragraph_xtcu6_10 layout-component text-serif-m layout-normal text-serif-m layout-padded\">\u2013 Det eneste stedet Jerlan Omarchanov b\u00f8r f\u00e5 lov til \u00e5 jobbe, er p\u00e5 et slakteri med dyr, sier Finn \u00c5ge Olsen til VG i dag. <\/p>\n<p class=\"_paragraph_1994c_4 _paragraph_xtcu6_10 layout-component text-serif-m layout-normal text-serif-m layout-padded\"><strong class=\"_strong_1994c_25\">\u2013 Han b\u00f8r aldri f\u00e5 lov \u00e5 bruke kniv eller skalpell p\u00e5 noe menneske. Han b\u00f8r ikke v\u00e6re lege i det hele tatt.<\/strong><\/p>\n<p>Slik har VG jobbet med saken<\/p>\n<ul class=\"_list_1994c_3 _list_xtcu6_9 _list_16v91_9 _unordered_1994c_105 layout-component text-serif-m layout-normal text-sans-m layout-padded\">\n<li class=\"_item_1994c_30\">I fjor tok VG initiativ til et samarbeid mellom europeiske medier for \u00e5 unders\u00f8ke hvordan helsepersonell fortsetter \u00e5 jobbe i nye land etter \u00e5 ha skadet eller forgrepet seg p\u00e5 pasienter.<\/li>\n<li class=\"_item_1994c_30\">Initiativet var inspirert av VGs serie <a href=\"https:\/\/www.vg.no\/spesial\/2021\/grenselos-terapi\/samleside\/\" class=\"_link_1994c_39\" rel=\"nofollow noopener\" target=\"_blank\">\u00abGrensel\u00f8s terapi\u00bb<\/a>, som satte s\u00f8kelyset p\u00e5 hvordan psykologer og psykiatere utnyttet pasienter seksuelt.<\/li>\n<li class=\"_item_1994c_30\">For \u00e5 finne avskiltede leger som jobbet i nye land, samlet 90 journalister inn over 2,5 millioner legeautorisasjoner, tilsynssaker, dommer og andre dokumenter fra 49 land. Informasjonen ble lagt i en database bygget av Organized Crime and Corruption Reporting Project (OCCRP).<\/li>\n<li class=\"_item_1994c_30\">Prosjektet er ledet av VG, gravenettverket OCCRP og britiske The Times.<\/li>\n<\/ul>\n<p>Vis mer<\/p>\n<p class=\"_paragraph_1994c_4 _paragraph_xtcu6_10 layout-component text-serif-m layout-normal text-serif-m layout-padded\">Omarchanov er en av mer enn 30 leger som jobber i Tyskland til tross for at de har mistet autorisasjoner i utlandet. <\/p>\n<p class=\"_paragraph_1994c_4 _paragraph_xtcu6_10 layout-component text-serif-m layout-normal text-serif-m layout-padded\">At disse legene er i jobb er avdekket gjennom  prosjektet <a href=\"https:\/\/www.vg.no\/nyheter\/i\/OowbnE\/vg-avsloerer-knivstakk-naboer-kan-vaere-lege-i-norge\" data-track-element-type=\"Link\" data-track-id=\"link:OowbnE\" class=\"_link_1994c_39\" rel=\"nofollow noopener\" target=\"_blank\">\u00abBad Practice\u00bb<\/a>, der VG og 49 andre medier i Europa og Nord-Amerika deltar. <\/p>\n<p class=\"_paragraph_1994c_4 _paragraph_xtcu6_10 layout-component text-serif-m layout-normal text-serif-m layout-padded\">Europeiske land skal varsle hverandre n\u00e5r en lege fratas autorisasjonen. Men n\u00e5 avdekkes det at dette varslingssystemet ikke fungerer.<\/p>\n<p>  Finn \u00c5ge Olsen har fortsatt smerter, mest om natten.<img alt=\"Foto: Anne Smith\/ ZDF\" class=\"_image_qp4xg_65 layout-component layout-fullscreen\" data-fullscreen- data-track-element-type=\"Article image fullscreen\" data-track-name=\"ImageFullscreen\" decoding=\"async\" loading=\"lazy\" height=\"4240\" itemprop=\"image\"  src=\"https:\/\/www.europesays.com\/no\/wp-content\/uploads\/2025\/10\/3d34769b-cef4-42e0-9a5b-0cbc4222f54d\"  style=\"object-position:56.779661016949156% 16.096698113207548%\" width=\"2832\"\/>Foto: Anne Smith\/ ZDF <\/p>\n<p class=\"_paragraph_1994c_4 _paragraph_xtcu6_10 layout-component text-serif-m layout-normal text-serif-m layout-padded\">Han f\u00e5r kramper i det manglende underbenet, s\u00e5kalte fantomsmerterfantomsmerterFantomsmerter er smerter som f\u00f8les i en kroppsdel som er tapt, for eksempel etter amputasjon, eller som ikke lenger fungerer som f\u00f8lge av skade eller sykdom. Smerteopplevelsen oppst\u00e5r fordi hjernen fortsetter \u00e5 sende signaler til den manglende delen, og nervefibre i stumpen kan bli overf\u00f8lsomme, noe som kan f\u00f8re til ulike typer smerter som stikking, brenning eller murring.. Han vrir seg i sengen til han st\u00e5r opp og tar b\u00e5ten sin ut p\u00e5 sj\u00f8en.<\/p>\n<p class=\"_paragraph_1994c_4 _paragraph_xtcu6_10 layout-component text-serif-m layout-normal text-serif-m layout-padded\">\u2013 Sj\u00f8en er min terapi, sier han til den tyske tv-kanalen ZDF som ogs\u00e5 omtaler saken i forbindelse med \u00abBad Practice\u00bb.<\/p>\n<p class=\"_paragraph_1994c_4 _paragraph_xtcu6_10 layout-component text-serif-m layout-normal text-serif-m layout-padded\">Olsen fremst\u00e5r vennlig og munter til sinns. <\/p>\n<p class=\"_paragraph_1994c_4 _paragraph_xtcu6_10 layout-component text-serif-m layout-normal text-serif-m layout-padded\">\u2013 Men denne legen m\u00e5 stoppes. Han b\u00f8r ikke f\u00e5 lov til \u00e5 praktisere noe sted, insisterer han.<\/p>\n<p class=\"_paragraph_1994c_4 _paragraph_xtcu6_10 layout-component text-serif-m layout-normal text-serif-m layout-padded\">\u2013 Det hjelper jo ingen ting \u00e5 varsle om ikke tyskerne bruker varslingskanalene. Det viktigste n\u00e5 er \u00e5 p\u00e5legge alle helseinstitusjonene i alle land \u00e5 sjekke varslingene som allerede gis. Den eneste oppreisningen jeg har f\u00e5tt i denne saken, er at Omarchanov mistet autorisasjonen sin her i Norge. Men da er det skummelt \u00e5 h\u00f8re at han allerede jobber igjen i Tyskland.<\/p>\n<p class=\"_paragraph_1994c_4 _paragraph_xtcu6_10 layout-component text-serif-m layout-normal text-serif-m layout-padded\">NRK <a href=\"https:\/\/www.nrk.no\/sorlandet\/feilopererte-finn-age-matte-amputere-foten_-_-erstatninga-fra-staten-er-en-skam-1.15390682\" class=\"_link_1994c_39\" rel=\"nofollow noopener\" target=\"_blank\">har tidligere omtalt <\/a>at Olsen fikk 575.000 kroner i erstatning fra Norsk pasientskadeerstatning. Olsen har omtalt dette som en skam. <\/p>\n<p><img alt=\"Foto: Anne Smith\/ ZDF\" class=\"_image_qp4xg_65 layout-component layout-normal\" data-fullscreen- data-track-element-type=\"Article image fullscreen\" data-track-name=\"ImageFullscreen\" decoding=\"async\" loading=\"lazy\" height=\"3307\" itemprop=\"image\"  src=\"https:\/\/www.europesays.com\/no\/wp-content\/uploads\/2025\/10\/27bdbc68-55d6-4848-9016-efaf59fd6a13\"  style=\"object-position:0% 0%\" width=\"2624\"\/>Foto: Anne Smith\/ ZDF<\/p>\n<p class=\"_paragraph_1994c_4 _paragraph_xtcu6_10 layout-component text-serif-m layout-normal text-serif-m layout-padded\"><strong class=\"_strong_1994c_25\">B\u00e5de VG og tyske medier har n\u00e5 fors\u00f8kt \u00e5 komme i kontakt med den omstridte legen \u2013 uten \u00e5 f\u00e5 svar. Avsl\u00f8ringen har f\u00e5tt den regionale helsemyndigheten  i Tyskland til \u00e5 sl\u00e5 alarm og innlede en etterforskning.<\/strong><\/p>\n<p class=\"_paragraph_1994c_4 _paragraph_xtcu6_10 layout-component text-serif-m layout-normal text-serif-m layout-padded\">I tolv \u00e5r har det eksistert et europeisk varslingssystem, som skal hindre leger som Jerlan Omarchanov \u00e5 fortsette \u00e5 praktisere i et nytt land, etter at et annet land har fratatt autorisasjonen.  <\/p>\n<p class=\"_paragraph_1994c_4 _paragraph_xtcu6_10 layout-component text-serif-m layout-normal text-serif-m layout-padded\">Men senest i fjor fikk ordningen kritikk fra Den europeiske revisjonsretten. <\/p>\n<p><img class=\"_image_s2syr_92\" fetchpriority=\"low\" loading=\"lazy\" decoding=\"async\"  src=\"https:\/\/www.europesays.com\/no\/wp-content\/uploads\/2025\/10\/5f67c359-f876-4227-bcf8-fb83910872ba\"  style=\"--hotspot:50.24999999999999% 58.697863682604265%;object-fit:cover\"\/><\/p>\n<p class=\"_lead_1994c_2 _lead_xtcu6_50 _lead_s2syr_104 layout-component text-serif-m layout-normal\">Legeautorisasjoner er strengt regulert i hele Europa, men reglene varierer.<\/p>\n<p class=\"_paragraph_1994c_4 _paragraph_xtcu6_10 layout-component text-serif-m layout-normal text-serif-m layout-padded\">I Storbritannia er det en ideell organisasjon som f\u00f8rer tilsyn med autorisasjoner, mens en domstol h\u00e5ndterer tilfeller hvor det er avdekket feil. <\/p>\n<p class=\"_paragraph_1994c_4 _paragraph_xtcu6_10 layout-component text-serif-m layout-normal text-serif-m layout-padded\">I Norge er det Helsetilsynet som har ansvaret. I Sveits h\u00e5ndteres autorisasjoner av kantonenekantoneneKanton er en betegnelse som brukes om administrative enheter i Sveits, Frankrike, Costa Rica, F\u00f8derasjonen Bosnia og Hercegovina, og i Rojava., i Tyskland av delstatene.<\/p>\n<p class=\"_paragraph_1994c_4 _paragraph_xtcu6_10 layout-component text-serif-m layout-normal text-serif-m layout-padded\">Mellom 2020 og 2024 ble 141 autorisasjoner inndratt i Tyskland. I samme periode gjorde norske helsemyndigheter det i 206 tilfeller og Storbritannia 280 \u2013 selv om begge land har langt f\u00e6rre leger. <\/p>\n<p class=\"_paragraph_1994c_4 _paragraph_xtcu6_10 layout-component text-serif-m layout-normal text-serif-m layout-padded\">I Norge finnes det rundt 30.000 leger, i Tyskland: mer enn ti ganger s\u00e5 mange.<\/p>\n<p class=\"_paragraph_1994c_4 _paragraph_xtcu6_10 layout-component text-serif-m layout-normal text-serif-m layout-padded\"><strong class=\"_strong_1994c_25\">En \u00e5rsak kan v\u00e6re Tysklands strenge juridiske krav: Retten til \u00e5 ut\u00f8ve et yrke er beskyttet av grunnloven.<\/strong><\/p>\n<p class=\"_paragraph_1994c_4 _paragraph_xtcu6_10 layout-component text-serif-m layout-normal text-serif-m layout-padded\">\u2013 \u00c5 inndra en autorisasjon \u00f8delegger en leges yrkesliv. Det kan bare gj\u00f8res i unntakstilfeller, sier advokat Katharina Vogtmeier.<\/p>\n<p class=\"_paragraph_1994c_4 _paragraph_xtcu6_10 layout-component text-serif-m layout-normal text-serif-m layout-padded\">\u2013 Men dette prioriterer legers rettigheter fremfor pasienters rettigheter, innvender advokat Ruth Hecker fra den tyske pasientsikkerhetsalliansen.<\/p>\n<p class=\"_paragraph_1994c_4 _paragraph_xtcu6_10 layout-component text-serif-m layout-normal text-serif-m layout-padded\"><strong class=\"_strong_1994c_25\">\u2013 Medisinsk praksis er ikke et m\u00e5l i seg selv.<\/strong><\/p>\n<p class=\"_paragraph_1994c_4 _paragraph_xtcu6_10 layout-component text-serif-m layout-normal text-serif-m layout-padded\">Det p\u00e5pekes ogs\u00e5 at tyske myndigheter mangler klare retningslinjer.<\/p>\n<p class=\"_paragraph_1994c_4 _paragraph_xtcu6_10 layout-component text-serif-m layout-normal text-serif-m layout-padded\">\u2013 De som har mistet autorisasjonen p\u00e5 grunn av straffeforf\u00f8lgelse eller seksuelle lovbrudd, b\u00f8r ikke f\u00e5 lov til \u00e5 praktisere her, sier Stefan Schwartze, forbundsregjeringens pasientrepresentant.<\/p>\n<p> Eiliv Frich Flydal<\/p>\n<p class=\"text-sans-s\">Journalist<\/p>\n<p><img decoding=\"async\" alt=\"Eiliv Frich Flydal\" class=\"_image_8qg3d_185\" src=\"https:\/\/www.europesays.com\/no\/wp-content\/uploads\/2025\/10\/1759607650_715_e2127855-a240-4b39-8e43-3ff05ec1f30a\" width=\"480\"\/>Kontakt Eiliv Frich Flydal<img decoding=\"async\" alt=\"Therese Ridar\" class=\"_image_8qg3d_185\" src=\"https:\/\/www.europesays.com\/no\/wp-content\/uploads\/2025\/10\/1759607651_987_d26b195e-47bb-47ff-85c3-945a0b41ac96\" width=\"480\"\/> <\/p>\n<p class=\"_paragraph_1994c_4 _paragraph_xtcu6_10 layout-component text-serif-m layout-normal text-serif-m layout-padded\">Har du tips til denne saken? Send e-post til: bad-practice@vg.no. <\/p>\n","protected":false},"excerpt":{"rendered":"N\u00e5r han er ute p\u00e5 havet, f\u00f8ler han ikke smerten. Da glemmer Finn \u00c5ge Olsen dagen for \u00e5tte&hellip;\n","protected":false},"author":2,"featured_media":52795,"comment_status":"","ping_status":"","sticky":false,"template":"","format":"standard","meta":{"footnotes":""},"categories":[5],"tags":[7801,20,21,24,25,15,736,19,22,23,3643,17,18,13,30,28,29,14,16,5459,26,27,785],"class_list":{"0":"post-52794","1":"post","2":"type-post","3":"status-publish","4":"format-standard","5":"has-post-thumbnail","7":"category-overskrifter","8":"tag-bad-practice","9":"tag-breaking-news","10":"tag-breakingnews","11":"tag-featured-news","12":"tag-featurednews","13":"tag-headlines","14":"tag-helse","15":"tag-hovedoppslag","16":"tag-latest-news","17":"tag-latestnews","18":"tag-lege","19":"tag-main-news","20":"tag-mainnews","21":"tag-news","22":"tag-no","23":"tag-norge","24":"tag-norway","25":"tag-nyheter","26":"tag-overskrifter","27":"tag-statens-helsetilsyn","28":"tag-top-stories","29":"tag-topstories","30":"tag-vghubben"},"share_on_mastodon":{"url":"","error":""},"_links":{"self":[{"href":"https:\/\/www.europesays.com\/no\/wp-json\/wp\/v2\/posts\/52794","targetHints":{"allow":["GET"]}}],"collection":[{"href":"https:\/\/www.europesays.com\/no\/wp-json\/wp\/v2\/posts"}],"about":[{"href":"https:\/\/www.europesays.com\/no\/wp-json\/wp\/v2\/types\/post"}],"author":[{"embeddable":true,"href":"https:\/\/www.europesays.com\/no\/wp-json\/wp\/v2\/users\/2"}],"replies":[{"embeddable":true,"href":"https:\/\/www.europesays.com\/no\/wp-json\/wp\/v2\/comments?post=52794"}],"version-history":[{"count":0,"href":"https:\/\/www.europesays.com\/no\/wp-json\/wp\/v2\/posts\/52794\/revisions"}],"wp:featuredmedia":[{"embeddable":true,"href":"https:\/\/www.europesays.com\/no\/wp-json\/wp\/v2\/media\/52795"}],"wp:attachment":[{"href":"https:\/\/www.europesays.com\/no\/wp-json\/wp\/v2\/media?parent=52794"}],"wp:term":[{"taxonomy":"category","embeddable":true,"href":"https:\/\/www.europesays.com\/no\/wp-json\/wp\/v2\/categories?post=52794"},{"taxonomy":"post_tag","embeddable":true,"href":"https:\/\/www.europesays.com\/no\/wp-json\/wp\/v2\/tags?post=52794"}],"curies":[{"name":"wp","href":"https:\/\/api.w.org\/{rel}","templated":true}]}}