{"id":52917,"date":"2025-10-05T02:11:12","date_gmt":"2025-10-05T02:11:12","guid":{"rendered":"https:\/\/www.europesays.com\/no\/52917\/"},"modified":"2025-10-05T02:11:12","modified_gmt":"2025-10-05T02:11:12","slug":"europas-krigsplan-er-bygget-pa-en-illusjon","status":"publish","type":"post","link":"https:\/\/www.europesays.com\/no\/52917\/","title":{"rendered":"Europas krigsplan er bygget p\u00e5 en illusjon"},"content":{"rendered":"<p><strong>Ungarns statsminister Viktor Orb\u00e1n retter hard kritikk mot EUs strategi i Ukraina-krigen. I et <a href=\"https:\/\/www.youtube.com\/watch?v=Lt5DDmsjIh4\" rel=\"nofollow noopener\" target=\"_blank\">intervju p\u00e5 ungarsk TV<\/a> sier han at Europa driver mot en \u00ab\u00f8konomisk og moralsk katastrofe\u00bb fordi unionen fors\u00f8ker \u00e5 vinne en krig som ikke kan vinnes.<\/strong><\/p>\n<p>\u2013 Dette er ikke lenger et sp\u00f8rsm\u00e5l om meninger, men om handlinger. N\u00e5r europeiske ledere sier at \u00abUkraina er v\u00e5r f\u00f8rste forsvarslinje\u00bb, betyr det at vi er i krig, sier Orb\u00e1n. \u2013 Det betyr v\u00e5pen, penger \u2013 og til slutt mennesker.<\/p>\n<p>If\u00f8lge ham har Brussel lagt en krigsstrategi som er b\u00e5de urealistisk og farlig. Han viser til at EU bygger sin plan p\u00e5 at Russland snart vil g\u00e5 tom for ressurser, kollapse \u00f8konomisk og tvinges til \u00e5 trekke seg tilbake.<\/p>\n<p>\u2013 Den europeiske krigsplanen sier at russerne snart vil g\u00e5 tom for penger, at \u00f8konomien vil eksplodere, at det blir oppr\u00f8r, og at de derfor m\u00e5 gi opp. Men dette er en total illusjon. Det kommer ikke til \u00e5 skje, sier Orb\u00e1n.<\/p>\n<p>Han peker p\u00e5 at Russland fortsatt har stor produksjonskapasitet og har tilpasset seg sanksjonene, mens Europa bruker \u00abhundrevis av milliarder euro\u00bb p\u00e5 en krig det ikke har r\u00e5d til.<\/p>\n<p>\u2013 S\u00e5 langt har vi brukt rundt 175\u2013180 milliarder euro. Og hvert \u00e5r m\u00e5 vi bruke 40, 50, 60 milliarder til. Men vi har ingen penger. Europa er i \u00f8konomisk krise. Denne strategien har verken rasjonell eller \u00f8konomisk basis. Den vil kollapse, og den vil f\u00e5 alvorlige konsekvenser, sier han.<\/p>\n<p>Orb\u00e1n hevder at stadig flere land i EU begynner \u00e5 tvile p\u00e5 linjen som f\u00f8res fra Brussel.<\/p>\n<p>\u2013 Jeg st\u00e5r ikke helt alene lenger. Slovakene stiller lignende sp\u00f8rsm\u00e5l. Mange land f\u00f8ler n\u00e5, som oss, at vi er p\u00e5 vei inn i en krig. F\u00f8r eller siden vil v\u00e5re egne unge d\u00f8 i den. Denne faren \u00f8ker for hver m\u00e5ned, sier Orb\u00e1n.<\/p>\n<p>Han mener vestlige land st\u00e5r svakere \u00f8konomisk enn Ungarn og at mange derfor begynner \u00e5 tenke ut \u00abtvilsomme ideer\u00bb for \u00e5 finansiere st\u00f8tten til Ukraina.<\/p>\n<p>\u2013 N\u00e5 foresl\u00e5s det \u00e5 bruke beslaglagte russiske midler til \u00e5 finansiere krigen. N\u00e5r folk er i tr\u00f8bbel, finner de ofte p\u00e5 slike tvilsomme ideer. Europa er i alvorlige problemer, sier Orb\u00e1n.<\/p>\n<p><strong>Motstand mot ukrainsk EU-medlemskap<\/strong><\/p>\n<p>Statsministeren gjorde det ogs\u00e5 klart at Ungarn vil motsette seg at Ukraina blir medlem av EU.<\/p>\n<p>\u2013 EU best\u00e5r av 27 land, og alle m\u00e5 v\u00e6re enige om \u00e5 ta opp et nytt medlem. Hvis ett land sier nei, har det full rett til det. Ungarerne m\u00e5 ikke bekymre seg for hva de andre 26 mener, men for hva vi selv vil, sier han.<\/p>\n<p>\u2013 Og ungarske borgere vil ikke v\u00e6re i en union med Ukraina. Det er et vanskelig land, stadig i konflikt med Russland. Hvorfor skulle vi ta del i deres skjebne? Vi kan hjelpe dem, men vi vil ikke dele deres vanskeligheter, sier Orb\u00e1n.<\/p>\n<p>Han mener at et ukrainsk medlemskap i EU i praksis vil trekke unionen inn i direkte konflikt med Russland.<\/p>\n<p>\u2013 Hvis vi blir en felles union med dem, vil vi ogs\u00e5 v\u00e6re i krig med russerne. F\u00f8r eller siden m\u00e5 man da sende soldater. Men vi vil ikke at ungarske ungdommer skal d\u00f8 for Ukraina. La oss helle rent vann i glasset: Vi st\u00f8tter dem s\u00e5 langt vi kan, men vi vil ikke binde v\u00e5r skjebne til deres, sier han.<\/p>\n<p><strong>Vil holde Ungarn utenfor krigen<\/strong><\/p>\n<p>Orb\u00e1n sier at han frykter at Europa gradvis trekkes inn i krigen, men at han vil gj\u00f8re alt for \u00e5 holde Ungarn utenfor. Han varsler derfor en nasjonal kampanje og underskriftsinnsamling mot det han kaller \u00abBrussel sin krigsplan\u00bb.<\/p>\n<p>\u2013 Dette er ikke bare utenrikspolitikk. Det er en indre politisk kamp i Ungarn. Hvis nasjonale krefter styrer landet, g\u00e5r vi ikke til krig. Hvis pro-Brussel-partiene f\u00e5r makten, vil vi gj\u00f8re det, sier han.<\/p>\n<p>Orb\u00e1n avslutter med \u00e5 minne om Ungarns historie:<\/p>\n<p>\u2013 Vi fors\u00f8kte \u00e5 holde oss utenfor b\u00e5de f\u00f8rste og andre verdenskrig, men lyktes ikke. Jeg leter n\u00e5 etter en vei der vi kan overleve denne gangen. For \u00e5 klare det trenger jeg ett sterkt nasjonalt samhold, slik at vi kan st\u00e5 imot presset og si klart: Ungarn st\u00f8tter ingen krigsstrategi og vil ikke delta i denne krigen, sier Viktor Orb\u00e1n.<\/p>\n<p><img loading=\"lazy\" decoding=\"async\" src=\"data:image\/svg+xml,%3Csvg%20xmlns=\" http:=\"\" width=\"16\" height=\"16\" alt=\"Loading ...\" title=\"Loading ...\" class=\"wp-polls-image\" data-lazy-src=\"https:\/\/www.europesays.com\/no\/wp-content\/uploads\/2025\/08\/loading.gif\"\/>\u00a0Loading &#8230;<\/p>\n<p>Hele intervjuet kan sees her.<\/p>\n","protected":false},"excerpt":{"rendered":"Ungarns statsminister Viktor Orb\u00e1n retter hard kritikk mot EUs strategi i Ukraina-krigen. I et intervju p\u00e5 ungarsk TV&hellip;\n","protected":false},"author":2,"featured_media":52918,"comment_status":"","ping_status":"","sticky":false,"template":"","format":"standard","meta":{"footnotes":""},"categories":[12],"tags":[20,21,279,24,25,15,22,23,13,30,28,29,14,16,26,27,489,2393,42,2708,43,44,45],"class_list":{"0":"post-52917","1":"post","2":"type-post","3":"status-publish","4":"format-standard","5":"has-post-thumbnail","7":"category-verden","8":"tag-breaking-news","9":"tag-breakingnews","10":"tag-eu","11":"tag-featured-news","12":"tag-featurednews","13":"tag-headlines","14":"tag-latest-news","15":"tag-latestnews","16":"tag-news","17":"tag-no","18":"tag-norge","19":"tag-norway","20":"tag-nyheter","21":"tag-overskrifter","22":"tag-top-stories","23":"tag-topstories","24":"tag-ukraina","25":"tag-ungarn","26":"tag-verden","27":"tag-viktor-orban","28":"tag-world","29":"tag-world-news","30":"tag-worldnews"},"share_on_mastodon":{"url":"","error":""},"_links":{"self":[{"href":"https:\/\/www.europesays.com\/no\/wp-json\/wp\/v2\/posts\/52917","targetHints":{"allow":["GET"]}}],"collection":[{"href":"https:\/\/www.europesays.com\/no\/wp-json\/wp\/v2\/posts"}],"about":[{"href":"https:\/\/www.europesays.com\/no\/wp-json\/wp\/v2\/types\/post"}],"author":[{"embeddable":true,"href":"https:\/\/www.europesays.com\/no\/wp-json\/wp\/v2\/users\/2"}],"replies":[{"embeddable":true,"href":"https:\/\/www.europesays.com\/no\/wp-json\/wp\/v2\/comments?post=52917"}],"version-history":[{"count":0,"href":"https:\/\/www.europesays.com\/no\/wp-json\/wp\/v2\/posts\/52917\/revisions"}],"wp:featuredmedia":[{"embeddable":true,"href":"https:\/\/www.europesays.com\/no\/wp-json\/wp\/v2\/media\/52918"}],"wp:attachment":[{"href":"https:\/\/www.europesays.com\/no\/wp-json\/wp\/v2\/media?parent=52917"}],"wp:term":[{"taxonomy":"category","embeddable":true,"href":"https:\/\/www.europesays.com\/no\/wp-json\/wp\/v2\/categories?post=52917"},{"taxonomy":"post_tag","embeddable":true,"href":"https:\/\/www.europesays.com\/no\/wp-json\/wp\/v2\/tags?post=52917"}],"curies":[{"name":"wp","href":"https:\/\/api.w.org\/{rel}","templated":true}]}}