{"id":52919,"date":"2025-10-05T02:18:07","date_gmt":"2025-10-05T02:18:07","guid":{"rendered":"https:\/\/www.europesays.com\/no\/52919\/"},"modified":"2025-10-05T02:18:07","modified_gmt":"2025-10-05T02:18:07","slug":"trump-sender-nasjonalgarden-til-chicago-etter-skyteepisode","status":"publish","type":"post","link":"https:\/\/www.europesays.com\/no\/52919\/","title":{"rendered":"Trump sender nasjonalgarden til Chicago etter skyteepisode"},"content":{"rendered":"\n<p class=\"_lead_1994c_2 _lead_xtcu6_50 layout-component text-serif-m layout-normal text-serif-l layout-component layout-wide layout-padded _wide_17hqh_1 layout-padded\">En kvinne ble skutt under sammenst\u00f8t mellom demonstranter og ICE-agenter.<\/p>\n<p><img alt=\"En f\u00f8deral politibetjent avfyrte pepperspraykuler mot en kvinne mens t\u00e5regass fylte luften i Brighton Park-omr\u00e5det l\u00f8rdag. Hendelsen fant sted under en konfrontasjon mellom politiet og lokale innbyggere og aktivister, etter at betjentene skal ha skutt en kvinne tidligere p\u00e5 dagen.  Foto: SCOTT OLSON \/ AFP \/ NTB\" class=\"_image_qp4xg_65 layout-component layout-wide\" data-fullscreen- data-track-element-type=\"Article image fullscreen\" data-track-name=\"ImageFullscreen\" fetchpriority=\"high\" decoding=\"sync\" loading=\"eager\" height=\"4610\" itemprop=\"image\"  src=\"https:\/\/www.europesays.com\/no\/wp-content\/uploads\/2025\/10\/a5c66007-3114-4c60-bbc4-4ceb8e93fe10\"  style=\"object-position:0% 0%\" width=\"6911\"\/>En f\u00f8deral politibetjent avfyrte pepperspraykuler mot en kvinne mens t\u00e5regass fylte luften i Brighton Park-omr\u00e5det l\u00f8rdag. Hendelsen fant sted under en konfrontasjon mellom politiet og lokale innbyggere og aktivister, etter at betjentene skal ha skutt en kvinne tidligere p\u00e5 dagen.  Foto: SCOTT OLSON \/ AFP \/ NTB<\/p>\n<ul aria-hidden=\"true\" class=\"_images_1y6fe_106\">\n<li><a class=\"_link_1y6fe_111\" href=\"https:\/\/www.vg.no\/forfatter\/kari-aarstad-aase\" style=\"z-index:1\" title=\"Kari Aarstad Aase\" rel=\"nofollow noopener\" target=\"_blank\"><img alt=\"Bilde av Kari Aarstad Aase\" class=\"_image_1y6fe_88\" fetchpriority=\"low\" loading=\"lazy\" decoding=\"async\" itemprop=\"image\"  src=\"https:\/\/www.europesays.com\/no\/wp-content\/uploads\/2025\/10\/1759630687_170_0dbde33e-6d8e-4680-8e4f-e2a64281e2b8\"  width=\"480\"\/><\/a><\/li>\n<\/ul>\n<p> Oppdatert s\u00f8ndag 5. oktober kl. 03:29     <\/p>\n<p class=\"_paragraph_1994c_4 _paragraph_xtcu6_10 layout-component text-serif-m layout-normal text-serif-m layout-padded\">Spenningen rundt Trumps innvandringspolitikk eskalerte kraftig i Chicago l\u00f8rdag. En kvinne ble skutt under sammenst\u00f8t mellom sinte innbyggere og tungt bev\u00e6pnede f\u00f8derale agenter, melder <a href=\"https:\/\/www.washingtonpost.com\/nation\/2025\/10\/04\/chicago-national-guard-ice\/\" class=\"_link_1994c_39\" rel=\"nofollow noopener\" target=\"_blank\">The Washington Post<\/a>.<\/p>\n<p class=\"_paragraph_1994c_4 _paragraph_xtcu6_10 layout-component text-serif-m layout-normal text-serif-m layout-padded\">President Donald Trump har n\u00e5 autorisert utsendelse av 300 nasjonalgarde-soldater til byen, mot Illinois-guvern\u00f8r JB Pritzkers \u00f8nsker.<\/p>\n<p class=\"_paragraph_1994c_4 _paragraph_xtcu6_10 layout-component text-serif-m layout-normal text-serif-m layout-padded\">L\u00f8rdag kveld kunngjorde Det hvite hus at Trump har gitt fullmakt til den varslede utplasseringen for \u00e5 beskytte f\u00f8derale tjenestemenn.<\/p>\n<p class=\"_paragraph_1994c_4 _paragraph_xtcu6_10 layout-component text-serif-m layout-normal text-serif-m layout-padded\">Demonstrantene protesterte langs Kedzie Avenue i Brighton Park-omr\u00e5det da situasjonen utviklet seg dramatisk. Skyteepisoden skjedde mens innbyggerne konfronterte ICE-agenter som gjennomf\u00f8rte immigrasjonsoperasjoner i omr\u00e5det.<\/p>\n<p class=\"_paragraph_1994c_4 _paragraph_xtcu6_10 layout-component text-serif-m layout-normal text-serif-m layout-padded\">Bekymringen blant byens innbyggere har \u00f8kt etter hvert som \u00abOperation Midway Blitz\u00bb fortsetter i Chicago-omr\u00e5det. Operasjonen har som m\u00e5l \u00e5 p\u00e5gripe og utvise papirl\u00f8se innvandrere som bor i omr\u00e5det.<\/p>\n<p class=\"_paragraph_1994c_4 _paragraph_xtcu6_10 layout-component text-serif-m layout-normal text-serif-m layout-padded\">Guvern\u00f8r Pritzker har advart mot at nasjonalgarden blir aktivert mot hans vilje.<\/p>\n<p class=\"_paragraph_1994c_4 _paragraph_xtcu6_10 layout-component text-serif-m layout-normal text-serif-m layout-padded\">Trump har ogs\u00e5 tidligere satt inn nasjonalgarden for angivelig \u00e5 bekjempe kriminalitet. <\/p>\n<p class=\"_paragraph_1994c_4 _paragraph_xtcu6_10 layout-component text-serif-m layout-normal text-serif-m layout-padded\">I sommer ble flere hundre nasjonalgardister sendt til Los Angeles, der det var uro i forbindelse med demonstrasjoner mot Trumps innvandringspolitikk.<\/p>\n<p class=\"_paragraph_1994c_4 _paragraph_xtcu6_10 layout-component text-serif-m layout-normal text-serif-m layout-padded\">Siden har han ogs\u00e5 utplassert soldater i Washington D.C. og varslet at det samme skal skje i Memphis, Portland og Chicago. Alle disse byene er demokratisk styrt.<\/p>\n<p class=\"_paragraph_1994c_4 _paragraph_xtcu6_10 layout-component text-serif-m layout-normal text-serif-m layout-padded\">I Portland, Oregon har delstaten g\u00e5tt til sak for \u00e5 stanbse utplasseringen. L\u00f8rdag satte en f\u00f8deral dommer i Portland en midlertidig stopper for utplasseringen i p\u00e5vente av at s\u00f8ksm\u00e5let avklares.<\/p>\n","protected":false},"excerpt":{"rendered":"En kvinne ble skutt under sammenst\u00f8t mellom demonstranter og ICE-agenter. En f\u00f8deral politibetjent avfyrte pepperspraykuler mot en kvinne&hellip;\n","protected":false},"author":2,"featured_media":52920,"comment_status":"","ping_status":"","sticky":false,"template":"","format":"standard","meta":{"footnotes":""},"categories":[12],"tags":[20,21,24,25,15,22,23,13,30,28,29,14,16,26,27,42,46,43,44,45],"class_list":{"0":"post-52919","1":"post","2":"type-post","3":"status-publish","4":"format-standard","5":"has-post-thumbnail","7":"category-verden","8":"tag-breaking-news","9":"tag-breakingnews","10":"tag-featured-news","11":"tag-featurednews","12":"tag-headlines","13":"tag-latest-news","14":"tag-latestnews","15":"tag-news","16":"tag-no","17":"tag-norge","18":"tag-norway","19":"tag-nyheter","20":"tag-overskrifter","21":"tag-top-stories","22":"tag-topstories","23":"tag-verden","24":"tag-vgai","25":"tag-world","26":"tag-world-news","27":"tag-worldnews"},"share_on_mastodon":{"url":"","error":""},"_links":{"self":[{"href":"https:\/\/www.europesays.com\/no\/wp-json\/wp\/v2\/posts\/52919","targetHints":{"allow":["GET"]}}],"collection":[{"href":"https:\/\/www.europesays.com\/no\/wp-json\/wp\/v2\/posts"}],"about":[{"href":"https:\/\/www.europesays.com\/no\/wp-json\/wp\/v2\/types\/post"}],"author":[{"embeddable":true,"href":"https:\/\/www.europesays.com\/no\/wp-json\/wp\/v2\/users\/2"}],"replies":[{"embeddable":true,"href":"https:\/\/www.europesays.com\/no\/wp-json\/wp\/v2\/comments?post=52919"}],"version-history":[{"count":0,"href":"https:\/\/www.europesays.com\/no\/wp-json\/wp\/v2\/posts\/52919\/revisions"}],"wp:featuredmedia":[{"embeddable":true,"href":"https:\/\/www.europesays.com\/no\/wp-json\/wp\/v2\/media\/52920"}],"wp:attachment":[{"href":"https:\/\/www.europesays.com\/no\/wp-json\/wp\/v2\/media?parent=52919"}],"wp:term":[{"taxonomy":"category","embeddable":true,"href":"https:\/\/www.europesays.com\/no\/wp-json\/wp\/v2\/categories?post=52919"},{"taxonomy":"post_tag","embeddable":true,"href":"https:\/\/www.europesays.com\/no\/wp-json\/wp\/v2\/tags?post=52919"}],"curies":[{"name":"wp","href":"https:\/\/api.w.org\/{rel}","templated":true}]}}