{"id":52942,"date":"2025-10-05T05:41:09","date_gmt":"2025-10-05T05:41:09","guid":{"rendered":"https:\/\/www.europesays.com\/no\/52942\/"},"modified":"2025-10-05T05:41:09","modified_gmt":"2025-10-05T05:41:09","slug":"egypt-apner-farao-grav-for-publikum","status":"publish","type":"post","link":"https:\/\/www.europesays.com\/no\/52942\/","title":{"rendered":"Egypt \u00e5pner farao-grav for publikum"},"content":{"rendered":"\n<p class=\"_lead_1994c_2 _lead_xtcu6_50 layout-component text-serif-m layout-normal text-serif-l layout-component layout-wide layout-padded _wide_17hqh_1 layout-padded\">Etter flere \u00e5rs restaurering er graven til farao Amenhotep III \u00e5pnet for publikum igjen.<\/p>\n<ul class=\"_gallery_1qa3s_23\" tabindex=\"0\">\n<li class=\"_item_1qa3s_37\" data-index=\"0\"><img fetchpriority=\"high\" decoding=\"async\" class=\"_image_foru8_23 _introGallery_foru8_43\" data-fullscreen- width=\"8640\" height=\"5760\" itemprop=\"image\" loading=\"eager\"  src=\"https:\/\/www.europesays.com\/no\/wp-content\/uploads\/2025\/10\/18a29fa1-6877-43df-bea4-cd4c2ea43579\"  style=\"object-position:50% 50%;aspect-ratio:var(--gallery-aspect-ratio, 16 \/ 9)\"\/>L\u00f8rdag ble grave til farao Amenhotep III \u00e5pnet for bes\u00f8kende for f\u00f8rst gang p\u00e5 mer enn to ti\u00e5r.  Foto: Amr Nabil \/ AP \/ NTB)<\/li>\n<li class=\"_item_1qa3s_37\" data-index=\"1\"><img decoding=\"async\" class=\"_image_foru8_23 _introGallery_foru8_43\" data-fullscreen- width=\"5339\" height=\"3560\" itemprop=\"image\" loading=\"lazy\"  src=\"https:\/\/www.europesays.com\/no\/wp-content\/uploads\/2025\/10\/706add02-830e-4c02-9883-411d1afffe7e\"  style=\"object-position:50% 50%;aspect-ratio:var(--gallery-aspect-ratio, 16 \/ 9)\"\/>Veggmalerier i den mer enn 3000 \u00e5r gamle graven til farao Amenhotep III. L\u00f8rdag ble den \u00e5pnet for bes\u00f8kende etter mange \u00e5rs restaureringsarbeid.  Foto: Amr Nabil \/ AP \/ NTB<\/li>\n<\/ul>\n<p>L\u00f8rdag ble grave til farao Amenhotep III \u00e5pnet for bes\u00f8kende for f\u00f8rst gang p\u00e5 mer enn to ti\u00e5r.  Foto: Amr Nabil \/ AP \/ NTB)<\/p>\n<ul aria-hidden=\"true\" class=\"_images_1y6fe_106\">\n<li><a class=\"_link_1y6fe_111\" href=\"https:\/\/www.vg.no\/forfatter\/ntb\" style=\"z-index:1\" title=\"NTB\" rel=\"nofollow noopener\" target=\"_blank\"><img alt=\"Bilde av NTB\" class=\"_image_1y6fe_88\" fetchpriority=\"low\" loading=\"lazy\" decoding=\"async\" itemprop=\"image\"  src=\"https:\/\/www.europesays.com\/no\/wp-content\/uploads\/2025\/10\/1759642869_595_c33980b0-5d07-4027-84a1-813f90a7c8d6\"  width=\"480\"\/><\/a><\/li>\n<\/ul>\n<p> Oppdatert s\u00f8ndag 5. oktober kl. 07:35     <\/p>\n<p class=\"_paragraph_1994c_4 _paragraph_xtcu6_10 layout-component text-serif-m layout-normal text-serif-m layout-padded\">Turistminister Sherif Faty avduket den restaurerte graven \u2013 som er over 3000 \u00e5r gammel \u2013 for pressen l\u00f8rdag.<\/p>\n<p class=\"_paragraph_1994c_4 _paragraph_xtcu6_10 layout-component text-serif-m layout-normal text-serif-m layout-padded\">Mohamed Ismail Khaled, som leder landers oldsaksmyndighet, sier graven var i s\u00e5 d\u00e5rlig stand at det har tatt mer enn to ti\u00e5rs \u00abutrolig delikat arbeid\u00bb \u00e5 sette den i stand.<\/p>\n<p class=\"_paragraph_1994c_4 _paragraph_xtcu6_10 layout-component text-serif-m layout-normal text-serif-m layout-padded\">Pressen ble l\u00f8rdag f\u00f8rt inn til et stort rom med veggmalerier fra gulv til tak. I midten st\u00e5r faraoens granittsarkofag. I likhet med resten av gravgodset er den for tung til \u00e5 flyttes fra stedet.<\/p>\n<p class=\"_paragraph_1994c_4 _paragraph_xtcu6_10 layout-component text-serif-m layout-normal text-serif-m layout-padded\">Amenhoteps grav ligger i Kongenes dal, n\u00e6r dagens Luxor. Den ble f\u00f8rst dokumentert i 1799. Etter en periode med utgravinger der graven ble skadet, er den restaurert med st\u00f8tte fra Japan og FNs kulturorganisasjon Unesco.<\/p>\n","protected":false},"excerpt":{"rendered":"Etter flere \u00e5rs restaurering er graven til farao Amenhotep III \u00e5pnet for publikum igjen. L\u00f8rdag ble grave til&hellip;\n","protected":false},"author":2,"featured_media":52943,"comment_status":"","ping_status":"","sticky":false,"template":"","format":"standard","meta":{"footnotes":""},"categories":[12],"tags":[20,21,1276,24,25,15,22,23,13,30,28,29,14,16,8053,26,27,8052,42,43,44,45],"class_list":{"0":"post-52942","1":"post","2":"type-post","3":"status-publish","4":"format-standard","5":"has-post-thumbnail","7":"category-verden","8":"tag-breaking-news","9":"tag-breakingnews","10":"tag-egypt","11":"tag-featured-news","12":"tag-featurednews","13":"tag-headlines","14":"tag-latest-news","15":"tag-latestnews","16":"tag-news","17":"tag-no","18":"tag-norge","19":"tag-norway","20":"tag-nyheter","21":"tag-overskrifter","22":"tag-restaurering","23":"tag-top-stories","24":"tag-topstories","25":"tag-unesco","26":"tag-verden","27":"tag-world","28":"tag-world-news","29":"tag-worldnews"},"share_on_mastodon":{"url":"","error":""},"_links":{"self":[{"href":"https:\/\/www.europesays.com\/no\/wp-json\/wp\/v2\/posts\/52942","targetHints":{"allow":["GET"]}}],"collection":[{"href":"https:\/\/www.europesays.com\/no\/wp-json\/wp\/v2\/posts"}],"about":[{"href":"https:\/\/www.europesays.com\/no\/wp-json\/wp\/v2\/types\/post"}],"author":[{"embeddable":true,"href":"https:\/\/www.europesays.com\/no\/wp-json\/wp\/v2\/users\/2"}],"replies":[{"embeddable":true,"href":"https:\/\/www.europesays.com\/no\/wp-json\/wp\/v2\/comments?post=52942"}],"version-history":[{"count":0,"href":"https:\/\/www.europesays.com\/no\/wp-json\/wp\/v2\/posts\/52942\/revisions"}],"wp:featuredmedia":[{"embeddable":true,"href":"https:\/\/www.europesays.com\/no\/wp-json\/wp\/v2\/media\/52943"}],"wp:attachment":[{"href":"https:\/\/www.europesays.com\/no\/wp-json\/wp\/v2\/media?parent=52942"}],"wp:term":[{"taxonomy":"category","embeddable":true,"href":"https:\/\/www.europesays.com\/no\/wp-json\/wp\/v2\/categories?post=52942"},{"taxonomy":"post_tag","embeddable":true,"href":"https:\/\/www.europesays.com\/no\/wp-json\/wp\/v2\/tags?post=52942"}],"curies":[{"name":"wp","href":"https:\/\/api.w.org\/{rel}","templated":true}]}}