{"id":52944,"date":"2025-10-05T05:55:09","date_gmt":"2025-10-05T05:55:09","guid":{"rendered":"https:\/\/www.europesays.com\/no\/52944\/"},"modified":"2025-10-05T05:55:09","modified_gmt":"2025-10-05T05:55:09","slug":"russisk-angrep-mot-vest-ukraina-polske-fly-pa-vingene","status":"publish","type":"post","link":"https:\/\/www.europesays.com\/no\/52944\/","title":{"rendered":"Russisk angrep mot Vest-Ukraina \u2013 polske fly p\u00e5 vingene"},"content":{"rendered":"\n<p class=\"_lead_1994c_2 _lead_xtcu6_50 layout-component text-serif-m layout-normal text-serif-l layout-component layout-wide layout-padded _wide_17hqh_1 layout-padded\">Polen sendte kampfly p\u00e5 vingene under et russisk angrep mot Ukraina natt til onsdag. Ukraina melder om mange droner og raketter over Lviv vest i landet.<\/p>\n<p><img alt=\"Folk i Lviv s\u00f8ker blant annet dekning i en parkeringsgarasje.  Foto: Roman Baluk \/ Reuters \/ NTB\" class=\"_image_qp4xg_65 layout-component layout-wide\" data-fullscreen- data-track-element-type=\"Article image fullscreen\" data-track-name=\"ImageFullscreen\" fetchpriority=\"high\" decoding=\"sync\" loading=\"eager\" height=\"3485\" itemprop=\"image\"  src=\"https:\/\/www.europesays.com\/no\/wp-content\/uploads\/2025\/10\/b863de3b-5634-482d-8d8d-e82311405eed\"  style=\"object-position:0% 0%\" width=\"4757\"\/>Folk i Lviv s\u00f8ker blant annet dekning i en parkeringsgarasje.  Foto: Roman Baluk \/ Reuters \/ NTB<\/p>\n<ul aria-hidden=\"true\" class=\"_images_1y6fe_106\">\n<li><a class=\"_link_1y6fe_111\" href=\"https:\/\/www.vg.no\/forfatter\/harpreet-kaur-nijjer\" style=\"z-index:2\" title=\"Harpreet Kaur Nijjer\" rel=\"nofollow noopener\" target=\"_blank\"><img alt=\"Bilde av Harpreet Kaur Nijjer\" class=\"_image_1y6fe_88\" fetchpriority=\"low\" loading=\"lazy\" decoding=\"async\" itemprop=\"image\"  src=\"https:\/\/www.europesays.com\/no\/wp-content\/uploads\/2025\/10\/9915841b-33cb-470f-8ab4-1d1650cff10e\"  width=\"480\"\/><\/a><\/li>\n<li><a class=\"_link_1y6fe_111\" href=\"https:\/\/www.vg.no\/forfatter\/ntb\" style=\"z-index:1\" title=\"NTB\" rel=\"nofollow noopener\" target=\"_blank\"><img alt=\"Bilde av NTB\" class=\"_image_1y6fe_88\" fetchpriority=\"low\" loading=\"lazy\" decoding=\"async\" itemprop=\"image\"  src=\"https:\/\/www.europesays.com\/no\/wp-content\/uploads\/2025\/10\/1759643708_435_c33980b0-5d07-4027-84a1-813f90a7c8d6\"  width=\"480\"\/><\/a><\/li>\n<\/ul>\n<p> Oppdatert s\u00f8ndag 5. oktober kl. 07:55     <\/p>\n<p class=\"_paragraph_1994c_4 _paragraph_xtcu6_10 layout-component text-serif-m layout-normal text-serif-m layout-padded\">Etter flere timer med flyalarmer og varsler om drone og rakettangrep, sa <a href=\"https:\/\/www.vg.no\/tag\/ukraina?utm_source=vg-article&amp;utm_medium=auto-tagger&amp;utm_campaign=3MW9p9\" class=\"_link_1994c_39\" rel=\"nofollow noopener\" target=\"_blank\">Ukrainas<\/a> luftforsvar ved 5-tiden norsk tid om risiko for nye russiske rakettangrep over hele landet. <\/p>\n<p class=\"_paragraph_1994c_4 _paragraph_xtcu6_10 layout-component text-serif-m layout-normal text-serif-m layout-padded\">If\u00f8lge Reuters skal en person v\u00e6re bekreftet omkommet og ni personer v\u00e6re skadet etter angrep i Zaporizjzja i Ukraina.<\/p>\n<p><img alt=\"En bil i Zaporizjzja st\u00e5r s\u00f8ndag i fyr etter russiske luftangrep.   Foto: STATE EMERGENCY SERVICE OF UKRAINE \/ Reuters \/ NTB\" class=\"_image_qp4xg_65 layout-component layout-normal\" data-fullscreen- data-track-element-type=\"Article image fullscreen\" data-track-name=\"ImageFullscreen\" decoding=\"async\" loading=\"lazy\" height=\"897\" itemprop=\"image\"  src=\"https:\/\/www.europesays.com\/no\/wp-content\/uploads\/2025\/10\/8f500e3c-66d2-4f7c-8733-b3afc70be6a7\"  style=\"object-position:0% 0%\" width=\"1437\"\/>En bil i Zaporizjzja st\u00e5r s\u00f8ndag i fyr etter russiske luftangrep.   Foto: STATE EMERGENCY SERVICE OF UKRAINE \/ Reuters \/ NTB<\/p>\n<p class=\"_paragraph_1994c_4 _paragraph_xtcu6_10 layout-component text-serif-m layout-normal text-serif-m layout-padded\">Ordf\u00f8reren i den Ukrainske byen Lviv, Andrij Sadovyj, skal ha varslet om at raketter n\u00e6rmet seg byen og at luftvernet var beredt p\u00e5 \u00e5 bekjempe et russisk droneangrep. <\/p>\n<p class=\"_paragraph_1994c_4 _paragraph_xtcu6_10 layout-component text-serif-m layout-normal text-serif-m layout-padded\">Reuters melder at Sadovyj skal ha skrevet p\u00e5 Telegram at Lviv var uten str\u00f8m som f\u00f8lge av angrepet, og at han advarte sterkt om \u00e5 bevege seg i byens gater. <\/p>\n<p class=\"_paragraph_1994c_4 _paragraph_xtcu6_10 layout-component text-serif-m layout-normal text-serif-m layout-padded\">Vitner opplyser til Reuters at de h\u00f8rte small fra det som h\u00f8rtes ut som luftvern i alle retninger.<\/p>\n<p><img alt=\"En bygning i brann etter et droneangrep i Zaporizjzja.  Foto: STATE EMERGENCY SERVICE OF UKRAINE \/ Reuters \/ NTB\" class=\"_image_qp4xg_65 layout-component layout-normal\" data-fullscreen- data-track-element-type=\"Article image fullscreen\" data-track-name=\"ImageFullscreen\" decoding=\"async\" loading=\"lazy\" height=\"851\" itemprop=\"image\"  src=\"https:\/\/www.europesays.com\/no\/wp-content\/uploads\/2025\/10\/ed555a04-5453-4072-b85b-d52ab1c6d093\"  style=\"object-position:0% 0%\" width=\"1569\"\/>En bygning i brann etter et droneangrep i Zaporizjzja.  Foto: STATE EMERGENCY SERVICE OF UKRAINE \/ Reuters \/ NTB<\/p>\n<p class=\"_paragraph_1994c_4 _paragraph_xtcu6_10 layout-component text-serif-m layout-normal text-serif-m layout-padded\">Nato-landet Polen, som ligger rundt 70 kilometer fra Lviv, opplyser p\u00e5 X om at polske og allierte fly ble sendt p\u00e5 vingene i polsk luftrom, mens bakkebasert luftvern og radarsystemer var satt i h\u00f8yeste beredskap.<\/p>\n<p class=\"_paragraph_1994c_4 _paragraph_xtcu6_10 layout-component text-serif-m layout-normal text-serif-m layout-padded\">I l\u00f8pet av natten var ogs\u00e5 flyplassen utenfor Vilnius, hovedstaden i Polens naboland Litauen, stengt i flere timer etter meldinger om mulige ballonger i luftrommet.<\/p>\n","protected":false},"excerpt":{"rendered":"Polen sendte kampfly p\u00e5 vingene under et russisk angrep mot Ukraina natt til onsdag. Ukraina melder om mange&hellip;\n","protected":false},"author":2,"featured_media":52945,"comment_status":"","ping_status":"","sticky":false,"template":"","format":"standard","meta":{"footnotes":""},"categories":[12],"tags":[20,21,24,25,15,179,22,23,233,13,30,28,29,14,16,3603,188,26,27,489,42,43,44,45],"class_list":{"0":"post-52944","1":"post","2":"type-post","3":"status-publish","4":"format-standard","5":"has-post-thumbnail","7":"category-verden","8":"tag-breaking-news","9":"tag-breakingnews","10":"tag-featured-news","11":"tag-featurednews","12":"tag-headlines","13":"tag-krigen-i-ukraina","14":"tag-latest-news","15":"tag-latestnews","16":"tag-nato","17":"tag-news","18":"tag-no","19":"tag-norge","20":"tag-norway","21":"tag-nyheter","22":"tag-overskrifter","23":"tag-polen","24":"tag-russland","25":"tag-top-stories","26":"tag-topstories","27":"tag-ukraina","28":"tag-verden","29":"tag-world","30":"tag-world-news","31":"tag-worldnews"},"share_on_mastodon":{"url":"","error":""},"_links":{"self":[{"href":"https:\/\/www.europesays.com\/no\/wp-json\/wp\/v2\/posts\/52944","targetHints":{"allow":["GET"]}}],"collection":[{"href":"https:\/\/www.europesays.com\/no\/wp-json\/wp\/v2\/posts"}],"about":[{"href":"https:\/\/www.europesays.com\/no\/wp-json\/wp\/v2\/types\/post"}],"author":[{"embeddable":true,"href":"https:\/\/www.europesays.com\/no\/wp-json\/wp\/v2\/users\/2"}],"replies":[{"embeddable":true,"href":"https:\/\/www.europesays.com\/no\/wp-json\/wp\/v2\/comments?post=52944"}],"version-history":[{"count":0,"href":"https:\/\/www.europesays.com\/no\/wp-json\/wp\/v2\/posts\/52944\/revisions"}],"wp:featuredmedia":[{"embeddable":true,"href":"https:\/\/www.europesays.com\/no\/wp-json\/wp\/v2\/media\/52945"}],"wp:attachment":[{"href":"https:\/\/www.europesays.com\/no\/wp-json\/wp\/v2\/media?parent=52944"}],"wp:term":[{"taxonomy":"category","embeddable":true,"href":"https:\/\/www.europesays.com\/no\/wp-json\/wp\/v2\/categories?post=52944"},{"taxonomy":"post_tag","embeddable":true,"href":"https:\/\/www.europesays.com\/no\/wp-json\/wp\/v2\/tags?post=52944"}],"curies":[{"name":"wp","href":"https:\/\/api.w.org\/{rel}","templated":true}]}}