{"id":52956,"date":"2025-10-05T06:26:35","date_gmt":"2025-10-05T06:26:35","guid":{"rendered":"https:\/\/www.europesays.com\/no\/52956\/"},"modified":"2025-10-05T06:26:35","modified_gmt":"2025-10-05T06:26:35","slug":"sport-fotball-vaeret-og-kansellert-fly-forsinker-fotballkamp-ny-kampstart-for-follo-og-rana-fk-er-sondag-klokken-1600","status":"publish","type":"post","link":"https:\/\/www.europesays.com\/no\/52956\/","title":{"rendered":"Sport, Fotball | V\u00e6ret og kansellert fly forsinker fotballkamp. Ny kampstart for Follo og Rana FK er s\u00f8ndag klokken 16:00"},"content":{"rendered":"\n<p>V\u00e6ret har n\u00e5 flyttet kamptidspunktet for s\u00f8ndagens oppgj\u00f8r mellom Follo og Rana FK.<br \/>13:40-flyet til Trondheim fra R\u00f8ssvoll er kansellert og dermed blir det en forsinkelse for kampstart p\u00e5 fire timer. <\/p>\n<p>Rana Blad sender live fra kampen som da starter s\u00f8ndag klokken 16:00, i stedet for klokken 12:00.<\/p>\n<p>Daglig leder Jimmy Fjelldalselv melder til Rana Blad at laget n\u00e5 tar buss til Bod\u00f8, overnatter der og flyr nedover i morgen formiddag. Det blir hjemtur f\u00f8rst p\u00e5 mandag.<\/p>\n","protected":false},"excerpt":{"rendered":"V\u00e6ret har n\u00e5 flyttet kamptidspunktet for s\u00f8ndagens oppgj\u00f8r mellom Follo og Rana FK.13:40-flyet til Trondheim fra R\u00f8ssvoll er&hellip;\n","protected":false},"author":2,"featured_media":5826,"comment_status":"","ping_status":"","sticky":false,"template":"","format":"standard","meta":{"footnotes":""},"categories":[59],"tags":[36,92,30,28,29,1079,83,82,1510],"class_list":{"0":"post-52956","1":"post","2":"type-post","3":"status-publish","4":"format-standard","5":"has-post-thumbnail","7":"category-sport","8":"tag-art","9":"tag-fotball","10":"tag-no","11":"tag-norge","12":"tag-norway","13":"tag-rana-blad-ung","14":"tag-sport","15":"tag-sports","16":"tag-story"},"share_on_mastodon":{"url":"","error":""},"_links":{"self":[{"href":"https:\/\/www.europesays.com\/no\/wp-json\/wp\/v2\/posts\/52956","targetHints":{"allow":["GET"]}}],"collection":[{"href":"https:\/\/www.europesays.com\/no\/wp-json\/wp\/v2\/posts"}],"about":[{"href":"https:\/\/www.europesays.com\/no\/wp-json\/wp\/v2\/types\/post"}],"author":[{"embeddable":true,"href":"https:\/\/www.europesays.com\/no\/wp-json\/wp\/v2\/users\/2"}],"replies":[{"embeddable":true,"href":"https:\/\/www.europesays.com\/no\/wp-json\/wp\/v2\/comments?post=52956"}],"version-history":[{"count":0,"href":"https:\/\/www.europesays.com\/no\/wp-json\/wp\/v2\/posts\/52956\/revisions"}],"wp:featuredmedia":[{"embeddable":true,"href":"https:\/\/www.europesays.com\/no\/wp-json\/wp\/v2\/media\/5826"}],"wp:attachment":[{"href":"https:\/\/www.europesays.com\/no\/wp-json\/wp\/v2\/media?parent=52956"}],"wp:term":[{"taxonomy":"category","embeddable":true,"href":"https:\/\/www.europesays.com\/no\/wp-json\/wp\/v2\/categories?post=52956"},{"taxonomy":"post_tag","embeddable":true,"href":"https:\/\/www.europesays.com\/no\/wp-json\/wp\/v2\/tags?post=52956"}],"curies":[{"name":"wp","href":"https:\/\/api.w.org\/{rel}","templated":true}]}}