{"id":52957,"date":"2025-10-05T06:27:16","date_gmt":"2025-10-05T06:27:16","guid":{"rendered":"https:\/\/www.europesays.com\/no\/52957\/"},"modified":"2025-10-05T06:27:16","modified_gmt":"2025-10-05T06:27:16","slug":"endelig-er-dette-haret-trendy","status":"publish","type":"post","link":"https:\/\/www.europesays.com\/no\/52957\/","title":{"rendered":"Endelig er dette h\u00e5ret trendy"},"content":{"rendered":"<p class=\"kicker \" style=\"\">H\u00e5rtrend:<\/p>\n<p>  N\u00e5 trenger vi ikke \u00e5 style det perfekt lenger.\u00a0<\/p>\n<p>\n    H\u00c5RTREND: Dua Lipa er en av dem som g\u00e5r for den nye h\u00e5rtrenden. FOTO: NTB\n  <\/p>\n<p>I mange \u00e5r har det mest ettertraktede h\u00e5ret v\u00e6rt de perfekt stylede Hollywood-svallene med glansfulle kr\u00f8ller og mye volum. Det h\u00e5ret blir nok aldri helt umoderne, men for oss som aldri har v\u00e6rt i n\u00e6rheten av et slikt h\u00e5r, er det gledelig \u00e5 h\u00f8re at det mer naturlige, frizzete h\u00e5ret n\u00e5 g\u00e5r inn i sin storhetstid.<\/p>\n<p>    <a itemprop=\"url\" href=\"https:\/\/www.kk.no\/mote\/frisyren-gjor-comeback\/83291638\" rel=\"nofollow noopener\" target=\"_blank\"><\/p>\n<p>      <img loading=\"lazy\" decoding=\"async\" src=\"https:\/\/www.europesays.com\/no\/wp-content\/uploads\/2025\/10\/83445976.webp\" width=\"980\" height=\"441\" title=\"Frisyren gj\u00f8r comeback\" alt=\"\" class=\"lazyload\" style=\"--aspect-ratio-image: 2.22; \"\/><\/p>\n<p>        Frisyren gj\u00f8r comeback<\/p>\n<p>    <\/a><\/p>\n<p>Stadig flere stjerner viser frem h\u00e5r som ser ustylet ut, der frisyrene kompletteres av frizz, krusete h\u00e5r, som stikker ut og gir et naturlig rufsete preg.<\/p>\n<p>&#8211; Vi skal v\u00e6re mindre fikset<\/p>\n<p>H\u00e5rstylisten Luke Hersheson mener at det krusete, litt &laquo;ustelte&raquo; h\u00e5ret, g\u00e5r h\u00e5nd i h\u00e5nd med \u00f8vrige skj\u00f8nnhetstrender.<\/p>\n<p>\u2013 Vi beveger oss mot at h\u00e5r- og skj\u00f8nnhetstrender generelt skal f\u00f8les mindre fikset. Du vil at h\u00e5ret ditt skal se ustylet ut, nesten som om du ble tatt av en regnskur. I stedet for at det skal se retusjert ut, er det noe ekte ved det, sier han til <a href=\"https:\/\/www.vogue.co.uk\/article\/embracing-frizzy-hair\" rel=\"nofollow noopener\" target=\"_blank\">British Vogue<\/a>.<\/p>\n<p>    <a itemprop=\"url\" href=\"https:\/\/www.kk.no\/mote\/hartrikset-dronning-mary-sverger-til-1\/83547321\" rel=\"nofollow noopener\" target=\"_blank\"><\/p>\n<p>      <img loading=\"lazy\" decoding=\"async\" src=\"https:\/\/www.europesays.com\/no\/wp-content\/uploads\/2025\/10\/83547470.webp\" width=\"980\" height=\"441\" title=\"H\u00e5rtrikset dronning Mary sverger til\" alt=\"\" class=\"lazyload\" style=\"--aspect-ratio-image: 2.22; \"\/><\/p>\n<p>        H\u00e5rtrikset dronning Mary sverger til<\/p>\n<p>    <\/a><\/p>\n<p>Stjernene elsker det\u00a0\t<\/p>\n<p>Det finnes mange verdensstjerner \u00e5 hente inspirasjon fra for \u00e5 f\u00f8le seg fin og trygg med frizzete h\u00e5r: skuespilleren Zo\u00eb Kravitz, modell-ikonet Alexa Chung og artisten Dua Lipa har alle omfavnet den naturlige trenden og viser den frem p\u00e5 sosiale medier.<\/p>\n<p>\u2013 Litt fluff eller frizz kan tilf\u00f8re mykhet og volum. Bare pass p\u00e5 at det ikke tipper over til \u00e5 bli matt og glansl\u00f8st \u2013 du vil fortsatt ha glansen, noe du kan f\u00e5 fra en lett berikende balsam, sier fris\u00f8ren Sam McKnight til <a href=\"https:\/\/www.vogue.co.uk\/article\/embracing-frizzy-hair\" rel=\"nofollow noopener\" target=\"_blank\">British Vogue<\/a>.<\/p>\n<p>    <a itemprop=\"url\" href=\"https:\/\/www.kk.no\/mote\/harforvandlingen-til-agnes-hylles\/83626623\" rel=\"nofollow noopener\" target=\"_blank\"><\/p>\n<p>      <img loading=\"lazy\" decoding=\"async\" src=\"https:\/\/www.europesays.com\/no\/wp-content\/uploads\/2025\/10\/1759645635_900_83626659.webp\" width=\"980\" height=\"441\" title=\"H\u00e5rforvandlingen til Agnes hylles\" alt=\"\" class=\"lazyload\" style=\"--aspect-ratio-image: 2.22; \"\/><\/p>\n<p>        H\u00e5rforvandlingen til Agnes hylles <\/p>\n<p>    <\/a><\/p>\n<p>Hvis du vil vekke liv i h\u00e5ret ditt og f\u00e5 litt ekstra fluff og frizz, kan det v\u00e6re nok \u00e5 spraye litt vanlig vann i h\u00e5ret for \u00e5, som Luke Hersheson sier, \u00abf\u00e5 tilbake den naturlige teksturen i h\u00e5ret\u00bb.<\/p>\n<p>    <a itemprop=\"url\" href=\"https:\/\/www.kk.no\/mote\/vekker-oppsikt-med-ny-harfrisyre\/83667842\" rel=\"nofollow noopener\" target=\"_blank\"><\/p>\n<p>      <img loading=\"lazy\" decoding=\"async\" src=\"https:\/\/www.europesays.com\/no\/wp-content\/uploads\/2025\/10\/83667997.webp\" width=\"980\" height=\"441\" title=\"Vekker oppsikt med ny h\u00e5rfrisyre\" alt=\"\" class=\"lazyload\" style=\"--aspect-ratio-image: 2.22; \"\/><\/p>\n<p>        Vekker oppsikt med ny h\u00e5rfrisyre<\/p>\n<p>    <\/a><\/p>\n<p>Denne saken ble f\u00f8rst publisert p\u00e5 <a href=\"https:\/\/www.femina.se\/skonhet\/antligen-frissigt-har-ar-trendigare-an-nagonsin\/11037431\" rel=\"nofollow noopener\" target=\"_blank\">Femina<\/a>, som ogs\u00e5 eies av Aller Media.<\/p>\n","protected":false},"excerpt":{"rendered":"H\u00e5rtrend: N\u00e5 trenger vi ikke \u00e5 style det perfekt lenger.\u00a0 H\u00c5RTREND: Dua Lipa er en av dem som&hellip;\n","protected":false},"author":2,"featured_media":52958,"comment_status":"","ping_status":"","sticky":false,"template":"","format":"standard","meta":{"footnotes":""},"categories":[58],"tags":[71,1534,4024,30,28,29,1702,72],"class_list":{"0":"post-52957","1":"post","2":"type-post","3":"status-publish","4":"format-standard","5":"has-post-thumbnail","7":"category-underholdning","8":"tag-entertainment","9":"tag-har","10":"tag-mote","11":"tag-no","12":"tag-norge","13":"tag-norway","14":"tag-trend","15":"tag-underholdning"},"share_on_mastodon":{"url":"","error":""},"_links":{"self":[{"href":"https:\/\/www.europesays.com\/no\/wp-json\/wp\/v2\/posts\/52957","targetHints":{"allow":["GET"]}}],"collection":[{"href":"https:\/\/www.europesays.com\/no\/wp-json\/wp\/v2\/posts"}],"about":[{"href":"https:\/\/www.europesays.com\/no\/wp-json\/wp\/v2\/types\/post"}],"author":[{"embeddable":true,"href":"https:\/\/www.europesays.com\/no\/wp-json\/wp\/v2\/users\/2"}],"replies":[{"embeddable":true,"href":"https:\/\/www.europesays.com\/no\/wp-json\/wp\/v2\/comments?post=52957"}],"version-history":[{"count":0,"href":"https:\/\/www.europesays.com\/no\/wp-json\/wp\/v2\/posts\/52957\/revisions"}],"wp:featuredmedia":[{"embeddable":true,"href":"https:\/\/www.europesays.com\/no\/wp-json\/wp\/v2\/media\/52958"}],"wp:attachment":[{"href":"https:\/\/www.europesays.com\/no\/wp-json\/wp\/v2\/media?parent=52957"}],"wp:term":[{"taxonomy":"category","embeddable":true,"href":"https:\/\/www.europesays.com\/no\/wp-json\/wp\/v2\/categories?post=52957"},{"taxonomy":"post_tag","embeddable":true,"href":"https:\/\/www.europesays.com\/no\/wp-json\/wp\/v2\/tags?post=52957"}],"curies":[{"name":"wp","href":"https:\/\/api.w.org\/{rel}","templated":true}]}}