{"id":52961,"date":"2025-10-05T06:51:07","date_gmt":"2025-10-05T06:51:07","guid":{"rendered":"https:\/\/www.europesays.com\/no\/52961\/"},"modified":"2025-10-05T06:51:07","modified_gmt":"2025-10-05T06:51:07","slug":"37-dode-etter-skolekollapsen-i-indonesia","status":"publish","type":"post","link":"https:\/\/www.europesays.com\/no\/52961\/","title":{"rendered":"37 d\u00f8de etter skolekollapsen i Indonesia"},"content":{"rendered":"\n<p class=\"_lead_1994c_2 _lead_xtcu6_50 layout-component text-serif-m layout-normal text-serif-l layout-component layout-wide layout-padded _wide_17hqh_1 layout-padded\">Antallet d\u00f8de etter skolekollapsen i Indonesia tidligere i uken, har steget til 37, melder myndighetene.<\/p>\n<p><img alt=\"Redningstjenesten leter gjennom \u00f8deleggelsene etter ofre for skolekollapsen i Indonesia mandag.  Foto: Trisnadi \/ AP \/ NTB\" class=\"_image_qp4xg_65 layout-component layout-wide\" data-fullscreen- data-track-element-type=\"Article image fullscreen\" data-track-name=\"ImageFullscreen\" fetchpriority=\"high\" decoding=\"sync\" loading=\"eager\" height=\"2688\" itemprop=\"image\"  src=\"https:\/\/www.europesays.com\/no\/wp-content\/uploads\/2025\/10\/3363b6a6-e141-4ae2-a66d-bbd3dfff4f24\"  style=\"object-position:0% 0%\" width=\"4032\"\/>Redningstjenesten leter gjennom \u00f8deleggelsene etter ofre for skolekollapsen i Indonesia mandag.  Foto: Trisnadi \/ AP \/ NTB<\/p>\n<ul aria-hidden=\"true\" class=\"_images_1y6fe_106\">\n<li><a class=\"_link_1y6fe_111\" href=\"https:\/\/www.vg.no\/forfatter\/ntb\" style=\"z-index:1\" title=\"NTB\" rel=\"nofollow noopener\" target=\"_blank\"><img alt=\"Bilde av NTB\" class=\"_image_1y6fe_88\" fetchpriority=\"low\" loading=\"lazy\" decoding=\"async\" itemprop=\"image\"  src=\"https:\/\/www.europesays.com\/no\/wp-content\/uploads\/2025\/10\/1759647067_468_c33980b0-5d07-4027-84a1-813f90a7c8d6\"  width=\"480\"\/><\/a><\/li>\n<\/ul>\n<p> Oppdatert s\u00f8ndag 5. oktober kl. 08:13     <\/p>\n<p class=\"_paragraph_1994c_4 _paragraph_xtcu6_10 layout-component text-serif-m layout-normal text-serif-m layout-padded\">\u2013 S\u00f8ndag morgen har vi funnet 141 ofre. 104 er i god behold, 37 er d\u00f8de, sier sjef for landets redningstjenesten Yudhi Bramantyo i en uttalelse.<\/p>\n<p class=\"_paragraph_1994c_4 _paragraph_xtcu6_10 layout-component text-serif-m layout-normal text-serif-m layout-padded\">Han legger til at 26 personer fremdeles er savnet.<\/p>\n<p class=\"_paragraph_1994c_4 _paragraph_xtcu6_10 layout-component text-serif-m layout-normal text-serif-m layout-padded\">D\u00f8dstallet inkluderer en kroppsdel som redningsarbeiderne fant i \u00f8deleggelsene l\u00f8rdag, if\u00f8lge Yudhi.<\/p>\n<p class=\"_paragraph_1994c_4 _paragraph_xtcu6_10 layout-component text-serif-m layout-normal text-serif-m layout-padded\">\u00c5rsaken til kollapsen, som <a href=\"https:\/\/www.vg.no\/nyheter\/i\/qPGgwg\/skole-raste-sammen-i-indonesia-minst-en-doed-og-83-skadet\" data-track-element-type=\"Link\" data-track-id=\"link:qPGgwg\" class=\"_link_1994c_39\" rel=\"nofollow noopener\" target=\"_blank\">skjedde i en fleretasjers skolebygning p\u00e5 \u00f8ya Java<\/a> mandag, er ikke ferdig etterforsket. Men forel\u00f8pig informasjon tyder p\u00e5 lav kvalitet i konstruksjonen, if\u00f8lge eksperter.<\/p>\n","protected":false},"excerpt":{"rendered":"Antallet d\u00f8de etter skolekollapsen i Indonesia tidligere i uken, har steget til 37, melder myndighetene. Redningstjenesten leter gjennom&hellip;\n","protected":false},"author":2,"featured_media":52962,"comment_status":"","ping_status":"","sticky":false,"template":"","format":"standard","meta":{"footnotes":""},"categories":[12],"tags":[20,21,24,25,15,3124,8055,22,23,13,30,28,29,14,16,8056,26,27,51,42,43,44,45],"class_list":{"0":"post-52961","1":"post","2":"type-post","3":"status-publish","4":"format-standard","5":"has-post-thumbnail","7":"category-verden","8":"tag-breaking-news","9":"tag-breakingnews","10":"tag-featured-news","11":"tag-featurednews","12":"tag-headlines","13":"tag-indonesia","14":"tag-java","15":"tag-latest-news","16":"tag-latestnews","17":"tag-news","18":"tag-no","19":"tag-norge","20":"tag-norway","21":"tag-nyheter","22":"tag-overskrifter","23":"tag-redningstjenesten","24":"tag-top-stories","25":"tag-topstories","26":"tag-ulykke","27":"tag-verden","28":"tag-world","29":"tag-world-news","30":"tag-worldnews"},"share_on_mastodon":{"url":"","error":""},"_links":{"self":[{"href":"https:\/\/www.europesays.com\/no\/wp-json\/wp\/v2\/posts\/52961","targetHints":{"allow":["GET"]}}],"collection":[{"href":"https:\/\/www.europesays.com\/no\/wp-json\/wp\/v2\/posts"}],"about":[{"href":"https:\/\/www.europesays.com\/no\/wp-json\/wp\/v2\/types\/post"}],"author":[{"embeddable":true,"href":"https:\/\/www.europesays.com\/no\/wp-json\/wp\/v2\/users\/2"}],"replies":[{"embeddable":true,"href":"https:\/\/www.europesays.com\/no\/wp-json\/wp\/v2\/comments?post=52961"}],"version-history":[{"count":0,"href":"https:\/\/www.europesays.com\/no\/wp-json\/wp\/v2\/posts\/52961\/revisions"}],"wp:featuredmedia":[{"embeddable":true,"href":"https:\/\/www.europesays.com\/no\/wp-json\/wp\/v2\/media\/52962"}],"wp:attachment":[{"href":"https:\/\/www.europesays.com\/no\/wp-json\/wp\/v2\/media?parent=52961"}],"wp:term":[{"taxonomy":"category","embeddable":true,"href":"https:\/\/www.europesays.com\/no\/wp-json\/wp\/v2\/categories?post=52961"},{"taxonomy":"post_tag","embeddable":true,"href":"https:\/\/www.europesays.com\/no\/wp-json\/wp\/v2\/tags?post=52961"}],"curies":[{"name":"wp","href":"https:\/\/api.w.org\/{rel}","templated":true}]}}