{"id":52970,"date":"2025-10-05T07:06:08","date_gmt":"2025-10-05T07:06:08","guid":{"rendered":"https:\/\/www.europesays.com\/no\/52970\/"},"modified":"2025-10-05T07:06:08","modified_gmt":"2025-10-05T07:06:08","slug":"strombrudd-elvia-fremdeles-strombrudd-pa-gjovik-og-toten","status":"publish","type":"post","link":"https:\/\/www.europesays.com\/no\/52970\/","title":{"rendered":"Str\u00f8mbrudd, Elvia | Fremdeles str\u00f8mbrudd p\u00e5 Gj\u00f8vik og Toten"},"content":{"rendered":"\n<p>Elvia har hatt alle mannskaper ute siden uv\u00e6ret Amy satte inn her p\u00e5 \u00d8stlandet. Ekstremv\u00e6ret har f\u00f8rt til at mange i Elvias nettomr\u00e5der har v\u00e6rt uten str\u00f8m. Dette har i perioder v\u00e6rt oppimot 2000 i Vestoppland. <\/p>\n<p>\u2013 Mannskaper fra Elvia jobber for \u00e5 f\u00e5 str\u00f8mmen tilbake til kundene s\u00e5 raskt som overhodet mulig, skrev selskapet i en pressemelding l\u00f8rdag ettermiddag. <\/p>\n<p>L\u00f8rdag kveld var det om lag 2500 abonnenter i Elvias nett uten str\u00f8m. Av disse var det 16 i Gj\u00f8vik, syv i Vestre Toten og 163 i \u00d8stre Toten. <\/p>\n<p>S\u00f8ndag morgen har tallet uten str\u00f8m sunket ytterligere. If\u00f8lge Elvias avbruddskart er 11 husstander uten str\u00f8m i Gj\u00f8vik, syv i Vestre Toten og 157 i \u00d8stre Toten. <\/p>\n<p>\u2013 Vi har \u00f8kt beredskapen ytterligere, og f\u00e5tt inn enda flere folk b\u00e5de ute og inne. V\u00e5r hovedprioritet er \u00e5 rette feil s\u00e5 raskt som overhodet mulig, selv om situasjonen er krevende, sa Erik Jansen, direkt\u00f8r for nettdrift i Elvia i pressemeldingen. <\/p>\n<p>Fare for langvarige str\u00f8mbrudd<\/p>\n<p>P\u00e5 grunn av det store omfanget av feil og krevende forhold, m\u00e5 enkelte kunder belage seg p\u00e5 \u00e5 v\u00e6re uten str\u00f8m i en lengre periode. De fleste vil f\u00e5 tilbake str\u00f8mmen i l\u00f8pet av dagen, men noen kunder kan bli n\u00f8dt til \u00e5 vente til s\u00f8ndag eller mandag f\u00f8r str\u00f8mtilf\u00f8rselen er gjenopprettet. Elvias feilmeldingstelefon har f\u00e5tt inn om lag 1800 telefoner fra folk som er ber\u00f8rt av uv\u00e6ret siden l\u00f8rdag morgen klokken 07.00. <\/p>\n<p>\u2013 Tilbakemeldingene vi f\u00e5r fra folk er at de har forst\u00e5else for at uv\u00e6ret Amy er unormalt og noe de ikke er vant til, og de forst\u00e5r derfor at str\u00f8mbrudd kan skje, sa Jansen som understreket at Elvia jobbet for \u00e5 rette feil s\u00e5 raskt som mulig.<\/p>\n<p>Ved langvarige str\u00f8mbrudd over 12 timer f\u00e5r kundene automatisk kompensasjon fra nettselskapet. Dersom str\u00f8mbruddet skulle f\u00f8re til skader p\u00e5 mat i kj\u00f8leskap og fryser, kan dette i mange tilfeller dekkes av den enkeltes innboforsikring. <\/p>\n<p>\u2013 Opplever du langvarig str\u00f8mbrudd er det viktig \u00e5 holde varmen, ha nok mat og vann, og s\u00f8rge for lys og informasjon. Bruk alternative varmekilder som peis eller parafinovn, finn fram tepper, stearinlys, lommelykter og gjerne en batteridrevet radio, oppfordret Jansen. <\/p>\n<p>Dedikerte utemannskaper <\/p>\n<p>Etter hvert som vinden l\u00f8yer og st\u00f8rre deler av nettet f\u00e5r tilbake str\u00f8mmen, kan dette avdekke flere feil lenger ned i nettet som ikke har blitt fanget opp mens det har v\u00e6rt str\u00f8ml\u00f8st. <\/p>\n<p>\u2013 Utemannskapene jobber p\u00e5 spreng for \u00e5 gi alle tilbake str\u00f8mmen s\u00e5 raskt som mulig. Det st\u00e5r stor yrkesstolthet og dedikasjon bak innsatsen som n\u00e5 legges ned, og jeg vil rette en stor takk til dem, sa Jansen. <\/p>\n<p>P\u00e5 det meste har om lag 20 000 kunder v\u00e6rt uten str\u00f8m samtidig. Noen har v\u00e6rt str\u00f8ml\u00f8se i flere timer. Andre har opplevd str\u00f8mbrudd, men f\u00e5tt str\u00f8mmen tilbake, mens andre nylig har mistet str\u00f8mmen. Feilene er spredt over et stort geografisk omr\u00e5de, noe som gj\u00f8r feilrettingen krevende.<\/p>\n<p>Elvia har f\u00e5tt flere meldinger fra kunder som melder om lavthengende linjer og kabler p\u00e5 bakken. <\/p>\n<p>\u2013 Oppdager du slike feil, hold avstand og meld fra til Elvia. Linjene kan v\u00e6re str\u00f8mf\u00f8rende, og ber\u00f8ring kan v\u00e6re livsfarlig, sa Jansen. <\/p>\n","protected":false},"excerpt":{"rendered":"Elvia har hatt alle mannskaper ute siden uv\u00e6ret Amy satte inn her p\u00e5 \u00d8stlandet. Ekstremv\u00e6ret har f\u00f8rt til&hellip;\n","protected":false},"author":2,"featured_media":4217,"comment_status":"","ping_status":"","sticky":false,"template":"","format":"standard","meta":{"footnotes":""},"categories":[10],"tags":[36,20,21,7931,6282,24,25,15,22,23,13,30,28,29,14,16,1510,2245,26,27,553],"class_list":{"0":"post-52970","1":"post","2":"type-post","3":"status-publish","4":"format-standard","5":"has-post-thumbnail","7":"category-norge","8":"tag-art","9":"tag-breaking-news","10":"tag-breakingnews","11":"tag-ekstremvaeret-amy","12":"tag-elvia","13":"tag-featured-news","14":"tag-featurednews","15":"tag-headlines","16":"tag-latest-news","17":"tag-latestnews","18":"tag-news","19":"tag-no","20":"tag-norge","21":"tag-norway","22":"tag-nyheter","23":"tag-overskrifter","24":"tag-story","25":"tag-strombrudd","26":"tag-top-stories","27":"tag-topstories","28":"tag-vaer"},"share_on_mastodon":{"url":"","error":""},"_links":{"self":[{"href":"https:\/\/www.europesays.com\/no\/wp-json\/wp\/v2\/posts\/52970","targetHints":{"allow":["GET"]}}],"collection":[{"href":"https:\/\/www.europesays.com\/no\/wp-json\/wp\/v2\/posts"}],"about":[{"href":"https:\/\/www.europesays.com\/no\/wp-json\/wp\/v2\/types\/post"}],"author":[{"embeddable":true,"href":"https:\/\/www.europesays.com\/no\/wp-json\/wp\/v2\/users\/2"}],"replies":[{"embeddable":true,"href":"https:\/\/www.europesays.com\/no\/wp-json\/wp\/v2\/comments?post=52970"}],"version-history":[{"count":0,"href":"https:\/\/www.europesays.com\/no\/wp-json\/wp\/v2\/posts\/52970\/revisions"}],"wp:featuredmedia":[{"embeddable":true,"href":"https:\/\/www.europesays.com\/no\/wp-json\/wp\/v2\/media\/4217"}],"wp:attachment":[{"href":"https:\/\/www.europesays.com\/no\/wp-json\/wp\/v2\/media?parent=52970"}],"wp:term":[{"taxonomy":"category","embeddable":true,"href":"https:\/\/www.europesays.com\/no\/wp-json\/wp\/v2\/categories?post=52970"},{"taxonomy":"post_tag","embeddable":true,"href":"https:\/\/www.europesays.com\/no\/wp-json\/wp\/v2\/tags?post=52970"}],"curies":[{"name":"wp","href":"https:\/\/api.w.org\/{rel}","templated":true}]}}