{"id":52999,"date":"2025-10-05T07:51:12","date_gmt":"2025-10-05T07:51:12","guid":{"rendered":"https:\/\/www.europesays.com\/no\/52999\/"},"modified":"2025-10-05T07:51:12","modified_gmt":"2025-10-05T07:51:12","slug":"mari-maurstad-straler-i-musikalen-a-little-night-music-pa-nationaltheatret","status":"publish","type":"post","link":"https:\/\/www.europesays.com\/no\/52999\/","title":{"rendered":"Mari Maurstad str\u00e5ler i musikalen \u00abA Little Night Music\u00bb p\u00e5 Nationaltheatret"},"content":{"rendered":"<p class=\"kicker \" style=\"\">S\u00f8t musikk for Mari og Aage<\/p>\n<p>  Hun str\u00e5ler p\u00e5 scenen, og han lar seg begeistre. Maris nye musikal er musikk<br \/>\ni Aages \u00f8rer.<\/p>\n<p>\n    STOLT AV<br \/>\nFRUEN: Mari<br \/>\nMaurstad fikk<br \/>\ngratulasjoner og<br \/>\nen god klem av<br \/>\nektemannen Aage<br \/>\nKvalbein etter<br \/>\nendt premiere. FOTO: Andreas Fadum\n  <\/p>\n<p>Den siste dagen i august var det premiere p\u00e5 musikalen \u00abA Little Night \u00adMusic\u00bb \u2013 og forestillingen ble mottatt med ovasjoner av publikum og fikk positive \u00adanmeldelser.\u00a0<\/p>\n<p>Blant dem som briljerer p\u00e5 Nationaltheatres scene er Mari Maurstad (68).<\/p>\n<p>        SJELDEN BLEMME: N\u00e5r kronprins Haakon og kronprinsesse Victoria skulle hjem fra \u00e5pningen av felles norsk-svensk politistasjon, stokket det seg helt for f\u00f8rstnevnte. Video: H\u00e5vard Bj\u00f8rnerem \/\/ Reporter: Caroline Vagle<\/p>\n<p>I rollen som \u00abLeonora Armfeldt\u00bb f\u00e5r hun brynt seg p\u00e5 musikken som er skapt av legen\u00addariske Stephen Sondheim (1930-2021), og hun \u00adopptrer sammen med blant andre K\u00e5re Conradi (53) og Lena Kristin Ellingsen (44) i b\u00e6rende roller.<\/p>\n<p>&#8211; Det er alltid litt spennende med premierer, og det er som regel litt ekstra med nerver da. Men jeg synes det er blitt en god forestilling, sier Mari kort tid etter teppefall.<\/p>\n<p>          <img loading=\"lazy\" decoding=\"async\" src=\"https:\/\/www.europesays.com\/no\/wp-content\/uploads\/2025\/10\/83600127.webp\" width=\"686\" height=\"467\" title=\"MUSIKAL-KLASSIKER: Her er ensemblet som spiller \u00abA&#10;Little Night Music\u00bb p\u00e5 Amfiscenen&#10;p\u00e5 Nationaltheatret i tiden fremover. FOTO: Andreas Fadum\" alt=\"\" class=\"\" style=\"--aspect-ratio-image: 1.47; \"\/><\/p>\n<p>\n          MUSIKAL-KLASSIKER: Her er ensemblet som spiller \u00abA<br \/>\nLittle Night Music\u00bb p\u00e5 Amfiscenen<br \/>\np\u00e5 Nationaltheatret i tiden fremover. FOTO: Andreas Fadum\n      <\/p>\n<p>    <a itemprop=\"url\" href=\"https:\/\/www.seher.no\/kongelig\/trist-at-folk-far-feil-inntrykk\/83599614\" rel=\"nofollow noopener\" target=\"_blank\"><\/p>\n<p>      <img loading=\"lazy\" decoding=\"async\" src=\"https:\/\/www.europesays.com\/no\/wp-content\/uploads\/2025\/10\/83599675.webp\" width=\"980\" height=\"441\" title=\"- Trist at folk f\u00e5r feil inntrykk\" alt=\"\" class=\"lazyload\" style=\"--aspect-ratio-image: 2.22; \"\/><\/p>\n<p>        &#8211; Trist at folk f\u00e5r feil inntrykk<\/p>\n<p>    <\/a><\/p>\n<p>Teatersminken sitter fortsatt p\u00e5, og bak scenen venter ektemannen Aage Kvalbein (78). Han er professor emeritus i cello, og har betydelig kunnskap n\u00e5r det gjelder det rent musikalske.<\/p>\n<p>&#8211; F\u00f8rste gang jeg h\u00f8rte musikken, tenkte jeg: \u00abHerregud, s\u00e5 vanskelig\u00bb. \u00adEtter \u00e5 ha \u00f8vd en stund, er det mye lettere. N\u00e5 tar jeg meg i \u00e5 nynne p\u00e5 sangene etter at jeg kommer hjem, legger Mari til.<\/p>\n<p>          <img loading=\"lazy\" decoding=\"async\" src=\"https:\/\/www.europesays.com\/no\/wp-content\/uploads\/2025\/10\/83600126.webp\" width=\"686\" height=\"981\" title=\"KONA BRILJERER:&#10;Skuespiller Trond Fausa&#10;Aurv\u00e5g (52) var p\u00e5 plass&#10;for \u00e5 se kona Lena Kristin&#10;Ellingsen i en av de st\u00f8rste&#10;rollene i forestillingen. FOTO: Andreas Fadum\" alt=\"\" class=\"\" style=\"--aspect-ratio-image: 0.70; \"\/><\/p>\n<p>\n          KONA BRILJERER:<br \/>\nSkuespiller Trond Fausa<br \/>\nAurv\u00e5g (52) var p\u00e5 plass<br \/>\nfor \u00e5 se kona Lena Kristin<br \/>\nEllingsen i en av de st\u00f8rste<br \/>\nrollene i forestillingen. FOTO: Andreas Fadum\n      <\/p>\n<p class=\"font-weight-bold m-font-weight-bold italic m-italic\" data-lab-font_weight=\"font-weight-bold\" data-lab-italic=\"italic\">&#8211; Har du \u00f8vd med Aage hjemme?<\/p>\n<p>&#8211; Nei, det har vi ikke. Vi har \u00f8vd nok her p\u00e5 teatret. Men en ting som jeg synes er litt ekstra morsomt er at en i ensemblet spiller cello i forestillingen, og det har han aldri gjort f\u00f8r. I tillegg synger han samtidig. Det klarer ikke du, Aage!<\/p>\n<p>&#8211; Nei, n\u00e5 har jeg f\u00e5tt meg et nytt m\u00e5l \u00e5 strekke meg etter, men jeg synes han klarer seg godt, sier ektemannen.<\/p>\n<p>          <img loading=\"lazy\" decoding=\"async\" src=\"https:\/\/www.europesays.com\/no\/wp-content\/uploads\/2025\/10\/83600129.webp\" width=\"686\" height=\"1029\" title=\"ELSKER TEATER:&#10;Mange har str\u00f8mmet til&#10;kinoene for \u00e5 se skuespiller Laila Goody (54) i&#10;filmen \u00abIngen kommentar\u00bb. Denne kvelden var&#10;hun i teatret for \u00e5&#10;se en herlig musikal. FOTO: Andreas Fadum\" alt=\"\" class=\"\" style=\"--aspect-ratio-image: 0.67; \"\/><\/p>\n<p>\n          ELSKER TEATER:<br \/>\nMange har str\u00f8mmet til<br \/>\nkinoene for \u00e5 se skuespiller Laila Goody (54) i<br \/>\nfilmen \u00abIngen kommentar\u00bb. Denne kvelden var<br \/>\nhun i teatret for \u00e5<br \/>\nse en herlig musikal. FOTO: Andreas Fadum\n      <\/p>\n<p>F\u00f8r han legger til:<\/p>\n<p>&#8211; Jeg er sv\u00e6rt imponert over hele forestillingen. Det er jo p\u00e5 en m\u00e5te skrullete innhold i dette stykket, men s\u00e5 er det s\u00e5 fin musikk. Jeg synes skuespillerne behersker denne vanskelige musikken veldig godt, sier han.<\/p>\n<p>    <a itemprop=\"url\" href=\"https:\/\/www.seher.no\/kongelig\/avskyelig\/83600311\" rel=\"nofollow noopener\" target=\"_blank\"><\/p>\n<p>      <img loading=\"lazy\" decoding=\"async\" src=\"https:\/\/www.europesays.com\/no\/wp-content\/uploads\/2025\/10\/83600997.webp\" width=\"980\" height=\"441\" title=\"Eksen: - Avskyelig!\" alt=\"\" class=\"lazyload\" style=\"--aspect-ratio-image: 2.22; \"\/><\/p>\n<p>        Eksen: &#8211; Avskyelig!<\/p>\n<p>    <\/a><\/p>\n<p>Det mest kjente sangnummeret fra \u00abA Little Night Music\u00bb, er utvilsomt \u00abSend in the Clowns\u00bb. Det er blitt en evergreen, og fremf\u00f8res av Lena Kristin Ellingsen i denne norske utgaven.<\/p>\n<p>          <img loading=\"lazy\" decoding=\"async\" src=\"https:\/\/www.europesays.com\/no\/wp-content\/uploads\/2025\/10\/83600128.webp\" width=\"686\" height=\"995\" title=\"KORTREIST: Skuespiller Robert Skj\u00e6rstad&#10;(59, t.h.) befant seg p\u00e5&#10;hjemmebane, siden han er&#10;ansatt ved Nationaltheatret.&#10;Denne kvelden i selskap&#10;med stemmeskuespiller&#10;\u00d8yvind B. Lyse (60). FOTO: Andreas Fadum\" alt=\"\" class=\"\" style=\"--aspect-ratio-image: 0.69; \"\/><\/p>\n<p>\n          KORTREIST: Skuespiller Robert Skj\u00e6rstad<br \/>\n(59, t.h.) befant seg p\u00e5<br \/>\nhjemmebane, siden han er<br \/>\nansatt ved Nationaltheatret.<br \/>\nDenne kvelden i selskap<br \/>\nmed stemmeskuespiller<br \/>\n\u00d8yvind B. Lyse (60). FOTO: Andreas Fadum\n      <\/p>\n<p>&#8211; Vanligvis settes slike musikaler opp p\u00e5 hovedscenen, men denne gang er den p\u00e5 den mer intime amfiscenen. Jeg synes det kler denne forestillingen veldig godt, sier Mari Maurstad.<\/p>\n<p class=\"font-weight-bold m-font-weight-bold\" data-lab-font_weight=\"font-weight-bold\">LES OGS\u00c5:\u00a0<a href=\"https:\/\/www.seher.no\/sterke-historier\/fare-for-at-vi-mistet-begge\/83567165\" rel=\"nofollow noopener\" target=\"_blank\">&#8211; Fare for at vi\u00a0mistet begge<\/a><\/p>\n","protected":false},"excerpt":{"rendered":"S\u00f8t musikk for Mari og Aage Hun str\u00e5ler p\u00e5 scenen, og han lar seg begeistre. Maris nye musikal&hellip;\n","protected":false},"author":2,"featured_media":53000,"comment_status":"","ping_status":"","sticky":false,"template":"","format":"standard","meta":{"footnotes":""},"categories":[58],"tags":[71,479,8060,6106,1211,30,28,29,8061,72],"class_list":{"0":"post-52999","1":"post","2":"type-post","3":"status-publish","4":"format-standard","5":"has-post-thumbnail","7":"category-underholdning","8":"tag-entertainment","9":"tag-kjendis","10":"tag-lena-kristin-ellingsen","11":"tag-mari-maurstad","12":"tag-nationaltheatret","13":"tag-no","14":"tag-norge","15":"tag-norway","16":"tag-stephen-sondheim","17":"tag-underholdning"},"share_on_mastodon":{"url":"","error":""},"_links":{"self":[{"href":"https:\/\/www.europesays.com\/no\/wp-json\/wp\/v2\/posts\/52999","targetHints":{"allow":["GET"]}}],"collection":[{"href":"https:\/\/www.europesays.com\/no\/wp-json\/wp\/v2\/posts"}],"about":[{"href":"https:\/\/www.europesays.com\/no\/wp-json\/wp\/v2\/types\/post"}],"author":[{"embeddable":true,"href":"https:\/\/www.europesays.com\/no\/wp-json\/wp\/v2\/users\/2"}],"replies":[{"embeddable":true,"href":"https:\/\/www.europesays.com\/no\/wp-json\/wp\/v2\/comments?post=52999"}],"version-history":[{"count":0,"href":"https:\/\/www.europesays.com\/no\/wp-json\/wp\/v2\/posts\/52999\/revisions"}],"wp:featuredmedia":[{"embeddable":true,"href":"https:\/\/www.europesays.com\/no\/wp-json\/wp\/v2\/media\/53000"}],"wp:attachment":[{"href":"https:\/\/www.europesays.com\/no\/wp-json\/wp\/v2\/media?parent=52999"}],"wp:term":[{"taxonomy":"category","embeddable":true,"href":"https:\/\/www.europesays.com\/no\/wp-json\/wp\/v2\/categories?post=52999"},{"taxonomy":"post_tag","embeddable":true,"href":"https:\/\/www.europesays.com\/no\/wp-json\/wp\/v2\/tags?post=52999"}],"curies":[{"name":"wp","href":"https:\/\/api.w.org\/{rel}","templated":true}]}}