{"id":53004,"date":"2025-10-05T08:02:07","date_gmt":"2025-10-05T08:02:07","guid":{"rendered":"https:\/\/www.europesays.com\/no\/53004\/"},"modified":"2025-10-05T08:02:07","modified_gmt":"2025-10-05T08:02:07","slug":"amy-ekstremvaer-mange-er-fortsatt-stromlose-etter-ekstremvaeret-amy","status":"publish","type":"post","link":"https:\/\/www.europesays.com\/no\/53004\/","title":{"rendered":"Amy, Ekstremv\u00e6r | Mange er fortsatt str\u00f8ml\u00f8se etter ekstremv\u00e6ret \u00abAmy\u00bb"},"content":{"rendered":"\n<p>\u2013 Str\u00f8mtilf\u00f8rselen til omr\u00e5det er ber\u00f8rt etter feil i str\u00f8mnettet.<\/p>\n<p>Den SMSen har Linea sendt til 47 kunder i Rana, og til 94 kunder i Hemnes.<\/p>\n<p>De ber\u00f8rte omr\u00e5dene i Rana er deler av R\u00f8vassdalen, og i Hemnes gjelder det deler R\u00f8svatnet og Bjerkadalen.<\/p>\n<p>L\u00f8rdag kveld meldte Linea at disse kundene har blitt str\u00f8ml\u00f8se, og avsluttet arbeidet for kvelden. De skal gjenoppta arbeidet s\u00e5 snart det blir lyst s\u00f8ndag morgen, og antar at kundene vil ha f\u00e5tt str\u00f8mmen tilbake klokken 12 s\u00f8ndag.<\/p>\n<p>En krevende l\u00f8rdag<\/p>\n<p>\u2013 Etter en krevende l\u00f8rdag med mange feil i str\u00f8mnettet p\u00e5 Helgeland, har mont\u00f8rene til Linea f\u00e5tt noen timers hvile siden de ble tatt inn rundt midnatt. N\u00e5, s\u00f8ndag morgen kl. 07:30, er litt over 200 kunder fortsatt uten str\u00f8mforsyning, og mannskapene er i gang igjen for \u00e5 rette feil og redusere antallet ber\u00f8rte kunder, skriver Frode Dorp, leder for kommunikasjon i Linea i en pressemelding s\u00f8ndag morgen.<\/p>\n<p>\u2013 Mont\u00f8rene v\u00e5re har gjort en formidabel innsats gjennom hele l\u00f8rdagen, og det var viktig at de fikk noen timers hvile f\u00f8r dagslyset kom tilbake. N\u00e5 fortsetter arbeidet med \u00e5 f\u00e5 str\u00f8mmen tilbake til de siste kundene og med \u00e5 f\u00f8lge opp lavspentfeil som har oppst\u00e5tt under uv\u00e6ret, sier Dorp.<\/p>\n<p>Falne tr\u00e6r<\/p>\n<p>Selv om vinden har stilnet, forventer Linea at stormen \u00abAmy\u00bb kan ha f\u00f8rt til at tr\u00e6r henger inn over str\u00f8mnettet, noe som kan skape problemer ogs\u00e5 i etterkant av uv\u00e6ret.<\/p>\n<p>\u2013 Det vil bli tatt beslutning senere i dag for \u00e5 gjennomf\u00f8re befaringer med helikopter n\u00e5r v\u00e6ret tillater det. Dette for \u00e5 f\u00e5 oversikt over eventuelle skader og omr\u00e5der der det fortsatt kan v\u00e6re tr\u00e6r eller andre gjenstander i n\u00e6rheten av linjenettet, sier Dorp.<\/p>\n<p>Linea understreker at tips fra publikum har v\u00e6rt sv\u00e6rt verdifulle gjennom hele stormen. Mange har meldt fra om tr\u00e6r p\u00e5 linjene og observasjoner som har gjort feilrettingen raskere og tryggere.<\/p>\n<p>\u2013 Vi setter stor pris p\u00e5 alle som melder fra, men minner samtidig om at det er livsfarlig \u00e5 n\u00e6rme seg en str\u00f8mf\u00f8rende linje. Dersom du ser en linje som ligger nede, hold god avstand og varsle 110-sentralen eller Linea umiddelbart, sier Dorp.<\/p>\n","protected":false},"excerpt":{"rendered":"\u2013 Str\u00f8mtilf\u00f8rselen til omr\u00e5det er ber\u00f8rt etter feil i str\u00f8mnettet. Den SMSen har Linea sendt til 47 kunder&hellip;\n","protected":false},"author":2,"featured_media":5826,"comment_status":"","ping_status":"","sticky":false,"template":"","format":"standard","meta":{"footnotes":""},"categories":[10],"tags":[7934,36,20,21,7933,24,25,15,22,23,13,30,28,29,14,16,1510,243,26,27],"class_list":{"0":"post-53004","1":"post","2":"type-post","3":"status-publish","4":"format-standard","5":"has-post-thumbnail","7":"category-norge","8":"tag-amy","9":"tag-art","10":"tag-breaking-news","11":"tag-breakingnews","12":"tag-ekstremvaer","13":"tag-featured-news","14":"tag-featurednews","15":"tag-headlines","16":"tag-latest-news","17":"tag-latestnews","18":"tag-news","19":"tag-no","20":"tag-norge","21":"tag-norway","22":"tag-nyheter","23":"tag-overskrifter","24":"tag-story","25":"tag-strom","26":"tag-top-stories","27":"tag-topstories"},"share_on_mastodon":{"url":"","error":""},"_links":{"self":[{"href":"https:\/\/www.europesays.com\/no\/wp-json\/wp\/v2\/posts\/53004","targetHints":{"allow":["GET"]}}],"collection":[{"href":"https:\/\/www.europesays.com\/no\/wp-json\/wp\/v2\/posts"}],"about":[{"href":"https:\/\/www.europesays.com\/no\/wp-json\/wp\/v2\/types\/post"}],"author":[{"embeddable":true,"href":"https:\/\/www.europesays.com\/no\/wp-json\/wp\/v2\/users\/2"}],"replies":[{"embeddable":true,"href":"https:\/\/www.europesays.com\/no\/wp-json\/wp\/v2\/comments?post=53004"}],"version-history":[{"count":0,"href":"https:\/\/www.europesays.com\/no\/wp-json\/wp\/v2\/posts\/53004\/revisions"}],"wp:featuredmedia":[{"embeddable":true,"href":"https:\/\/www.europesays.com\/no\/wp-json\/wp\/v2\/media\/5826"}],"wp:attachment":[{"href":"https:\/\/www.europesays.com\/no\/wp-json\/wp\/v2\/media?parent=53004"}],"wp:term":[{"taxonomy":"category","embeddable":true,"href":"https:\/\/www.europesays.com\/no\/wp-json\/wp\/v2\/categories?post=53004"},{"taxonomy":"post_tag","embeddable":true,"href":"https:\/\/www.europesays.com\/no\/wp-json\/wp\/v2\/tags?post=53004"}],"curies":[{"name":"wp","href":"https:\/\/api.w.org\/{rel}","templated":true}]}}