{"id":53021,"date":"2025-10-05T08:36:14","date_gmt":"2025-10-05T08:36:14","guid":{"rendered":"https:\/\/www.europesays.com\/no\/53021\/"},"modified":"2025-10-05T08:36:14","modified_gmt":"2025-10-05T08:36:14","slug":"morgenrapport-vaer-utagerende-mann-pa-utested-i-namsos-per-na-er-det-litt-uklart-hva-som-har-foregatt","status":"publish","type":"post","link":"https:\/\/www.europesays.com\/no\/53021\/","title":{"rendered":"Morgenrapport, V\u00e6r | Utagerende mann p\u00e5 utested i Namsos: \u2013 Per n\u00e5 er det litt uklart hva som har foreg\u00e5tt"},"content":{"rendered":"\n<p><b>NAMSOS:<\/b> I Namsos fikk politiet melding om en utagerende person p\u00e5 et utested, som kastet gjenstander i lokalet. <a href=\"https:\/\/www.t-a.no\/til-sykehus-etter-slasskamp-trussel-med-kniv\/s\/5-116-2232649\" rel=\"Follow nofollow noopener\" target=\"_blank\">Tr\u00f8nder-Avisa<\/a> skriver at det ble hevdet at den utagerende mannen hadde kniv og var truende.<\/p>\n<p>\u2013 Politiet rykket ut for \u00e5 f\u00e5 kontroll p\u00e5 vedkommende. P\u00e5 stedet f\u00e5r vi opplyst at en person, som ikke lenger var i lokalet, skulle ha tatt kniven fra den utagerende mannen. Det hadde ogs\u00e5 den antatte gjerningspersonen, sier operasjonsleder i politiet, Trond Hangaas, til Tr\u00f8nder-Avisa.<\/p>\n<p>Politiet dro s\u00e5 til bostedsadressen til gjerningspersonen, hvor de kom over en kniv p\u00e5 utsida av bostedet.<\/p>\n<p>\u2013 Per n\u00e5 er det litt uklart hva som har foreg\u00e5tt i situasjonen p\u00e5 utestedet, eller om det har v\u00e6rt noen situasjon i det hele tatt.<\/p>\n<p>Leteaksjonen fortsetter<\/p>\n<p>P\u00e5 H\u00f8ylandet foreg\u00e5r det en leteaksjon etter en mann i 60-\u00e5ra. L\u00f8rdag kveld ble det satt inn store ressurser i s\u00f8ket.<\/p>\n<p>Operasjonsleder i politiet, Bj\u00f8rn Rune Selgren, opplyser at vedkommende fortsatt ikke er funnet \u2013 og at s\u00f8ket blir gjenopptatt s\u00f8ndag.<\/p>\n<p>\u2013 Vi har h\u00e5p om at han blir funnet.<\/p>\n<p>  <a href=\"https:\/\/www.namdalsavisa.no\/5-121-1492539\" class=\"related-teaser default-story-teaser article--c-eRUmMG article--c-eRUmMG-jKCPdD-design-default article--c-eRUmMG-kpKLOW-cv\" rel=\"nofollow noopener\" target=\"_blank\"><\/p>\n<p>\n            Les ogs\u00e5<\/p>\n<p>              Leteaksjon etter mann i 60-\u00e5ra p\u00e5 H\u00f8ylandet: \u2013 Det er satt inn store ressurser i s\u00f8ket\n        <\/p>\n<p>  <\/a><br \/>\n  Tr\u00f8ndelag<\/p>\n<p>I <b>Trondheim<\/b> ble en mann i 30-\u00e5ra anmeldt for b\u00e6ring av kniv p\u00e5 offentlig sted. To kniver ble tatt i beslag fra vedkommende.<\/p>\n<p>I <b>Trondheim<\/b> nektet en vekter en beruset mindre\u00e5rig gutt adgang til et utested. Vedkommende responderte med vold mot vekteren, og stakk fra stedet. Vekteren anmelder hendelsen.<\/p>\n<p>I <b>Steinkjer <\/b>har en person blitt utsatt for vold.<\/p>\n<p>\u2013 Vi fikk melding om at det skulle ha v\u00e6rt en sl\u00e5sskamp. Det ble meldt at en person var skadd og l\u00e5 p\u00e5 bakken, sier operasjonsleder Trond Hangaas til <a href=\"https:\/\/www.t-a.no\/til-sykehus-etter-slasskamp-trussel-med-kniv\/s\/5-116-2232649\" rel=\"Follow nofollow noopener\" target=\"_blank\">Tr\u00f8nder-Avisa.<\/a><\/p>\n<p>Vedkommende ble fraktet til sykehus av ambulansen f\u00f8r politiet kom til stedet. P\u00e5 stedet fikk politiet vite at enda en person hadde blitt utsatt for vold \u2013 men som hadde forlatt omr\u00e5det.<\/p>\n<p>\u2013 Politiet gjennomf\u00f8rte en del vitneforklaringer p\u00e5 stedet, og etterforsker saken videre, utdyper Hangaas.<\/p>\n<p>Antatt gjerningsperson skal v\u00e6re en mann i 20-\u00e5ra.<\/p>\n<p>Vindfull s\u00f8ndag<\/p>\n<p>Selv om \u00abAmy\u00bb har gjort fra seg det aller verste. Vil nok vinden likevel merkes i dag. I ytre str\u00f8k kan vindkastene bli opptil 20 m\/s p\u00e5 formiddagen, men vinden skal minke utover dagen.<\/p>\n<p>I indre str\u00f8k kan det bli noen regnbyger.<\/p>\n<p><a href=\"https:\/\/www.met.no\/vaer-og-klima\/tekstvarsel\" rel=\"Follow nofollow noopener\" target=\"_blank\">Meteorologens tekstvarsel for Tr\u00f8ndelag:<\/a><\/p>\n<p>S\u00f8r\u00f8st liten kuling, sterk kuling utsatte steder, utover formiddagen minkende til liten kuling og om kvelden s\u00f8rlig frisk bris. Litt regn og regnbyger i indre str\u00f8k, ellers stort sett oppholdsv\u00e6r og perioder med sol.<\/p>\n<p>Str\u00f8mbrudd<\/p>\n<p>P\u00e5 det meste mistet 6000 kunder str\u00f8mmen l\u00f8rdag \u2013 bare i Namdal. P\u00e5 Tensio str\u00f8mkart ser det ut som om de fleste har f\u00e5tt str\u00f8mmen tilbake. 141 kunder i kommunene Namsos, H\u00f8ylandet og N\u00e6r\u00f8ysund er str\u00f8ml\u00f8se s\u00f8ndag morgen.<\/p>\n<p>I Tr\u00f8ndelag er fortsatt 18.000 kunder uten str\u00f8m.<\/p>\n<p>   <img decoding=\"async\" width=\"559\" height=\"400\" fetchpriority=\"low\"  loading=\"lazy\"  src=\"https:\/\/www.europesays.com\/no\/wp-content\/uploads\/2025\/10\/Skjermbilde+2025-10-05+073653.png\" alt=\"\" class=\"brick-c-cFOWSL\" style=\"--brick-image-ratio: 559 \/ 400;\"\/><\/p>\n<p>    141 FORTSATT UTEN STR\u00d8M: Str\u00f8mavbrudd s\u00f8ndag morgen.<br \/>\n    Foto: Skjermdump fra Tensio\n  <\/p>\n<p>  Trafikkmeldinger<\/p>\n<p>Fergesambandet Borgan-Ramstadlandet var innstilt. Men Torghatten opplyser om at hele ruten er tilbake i drift fra klokka 08:40.<\/p>\n<p>Mer fra NA<\/p>\n<p>P\u00e5 Otter\u00f8ya r\u00e5der landlig familieidyll med hobbydyrking og ferske kanelboller. Kontrasten mot forhistoriens r\u00e5skap kunne ikke v\u00e6rt st\u00f8rre.<\/p>\n<p>  <a href=\"https:\/\/www.namdalsavisa.no\/5-121-1492456\" class=\"related-teaser has-image default-feature-teaser article--c-eRUmMG article--c-eRUmMG-jKCPdD-design-default\" rel=\"nofollow noopener\" target=\"_blank\"><\/p>\n<p>    <img decoding=\"async\" loading=\"lazy\"  src=\"https:\/\/www.europesays.com\/no\/wp-content\/uploads\/2025\/10\/DSC_9222.jpg\" alt=\"\" class=\"brick-c-cFOWSL\" style=\"\"\/><\/p>\n<p>\n            Les ogs\u00e5<\/p>\n<p>              Nyter idyllen p\u00e5 eldgammelt draps\u00e5sted: \u2013 Ingen skrekkhistorie vi har prata mye om\n        <\/p>\n<p>  <\/a><\/p>\n<p>Denne uka markerte VB R\u00f8rservice VVS sine f\u00f8rste 30 \u00e5r i bransjen.<\/p>\n<p>  <a href=\"https:\/\/www.namdalsavisa.no\/5-121-1492054\" class=\"related-teaser has-image default-story-teaser article--c-eRUmMG article--c-eRUmMG-jKCPdD-design-default\" rel=\"nofollow noopener\" target=\"_blank\"><\/p>\n<p>    <img decoding=\"async\" loading=\"lazy\"  src=\"https:\/\/www.europesays.com\/no\/wp-content\/uploads\/2025\/10\/vb+r%C3%B8rservice+vvs02.JPG\" alt=\"\" class=\"brick-c-cFOWSL\" style=\"\"\/><\/p>\n<p>\n            Les ogs\u00e5<\/p>\n<p>              Etter 30 \u00e5r i bransjen vet de det meste om hva namsosingene vil ha p\u00e5 badet\n        <\/p>\n<p>  <\/a><\/p>\n<p>Vikna seniordans ble startet opp i 2005. L\u00f8rdag feiret de 20-\u00e5rsjubileum.<\/p>\n<p>\u2013 Hodet og f\u00f8ttene har godt av det, mener Martin \u00d8iahals.<\/p>\n<p>  <a href=\"https:\/\/www.namdalsavisa.no\/5-121-1492389\" class=\"related-teaser has-image default-story-teaser article--c-eRUmMG article--c-eRUmMG-jKCPdD-design-default\" rel=\"nofollow noopener\" target=\"_blank\"><\/p>\n<p>    <img decoding=\"async\" loading=\"lazy\"  src=\"https:\/\/www.europesays.com\/no\/wp-content\/uploads\/2025\/10\/IMG_2911.JPG\" alt=\"\" class=\"brick-c-cFOWSL\" style=\"\"\/><\/p>\n<p>\n            Les ogs\u00e5<\/p>\n<p>              Erling (89) og Martin (90) er ikke i overtall, men holder seg spreke med det popul\u00e6re dansetilbudet\n        <\/p>\n<p>  <\/a><\/p>\n","protected":false},"excerpt":{"rendered":"NAMSOS: I Namsos fikk politiet melding om en utagerende person p\u00e5 et utested, som kastet gjenstander i lokalet.&hellip;\n","protected":false},"author":2,"featured_media":3063,"comment_status":"","ping_status":"","sticky":false,"template":"","format":"standard","meta":{"footnotes":""},"categories":[12],"tags":[36,20,21,24,25,15,22,23,739,13,30,28,29,14,16,782,1510,26,27,553,42,43,44,45],"class_list":{"0":"post-53021","1":"post","2":"type-post","3":"status-publish","4":"format-standard","5":"has-post-thumbnail","7":"category-verden","8":"tag-art","9":"tag-breaking-news","10":"tag-breakingnews","11":"tag-featured-news","12":"tag-featurednews","13":"tag-headlines","14":"tag-latest-news","15":"tag-latestnews","16":"tag-morgenrapport","17":"tag-news","18":"tag-no","19":"tag-norge","20":"tag-norway","21":"tag-nyheter","22":"tag-overskrifter","23":"tag-politiloggen","24":"tag-story","25":"tag-top-stories","26":"tag-topstories","27":"tag-vaer","28":"tag-verden","29":"tag-world","30":"tag-world-news","31":"tag-worldnews"},"share_on_mastodon":{"url":"","error":""},"_links":{"self":[{"href":"https:\/\/www.europesays.com\/no\/wp-json\/wp\/v2\/posts\/53021","targetHints":{"allow":["GET"]}}],"collection":[{"href":"https:\/\/www.europesays.com\/no\/wp-json\/wp\/v2\/posts"}],"about":[{"href":"https:\/\/www.europesays.com\/no\/wp-json\/wp\/v2\/types\/post"}],"author":[{"embeddable":true,"href":"https:\/\/www.europesays.com\/no\/wp-json\/wp\/v2\/users\/2"}],"replies":[{"embeddable":true,"href":"https:\/\/www.europesays.com\/no\/wp-json\/wp\/v2\/comments?post=53021"}],"version-history":[{"count":0,"href":"https:\/\/www.europesays.com\/no\/wp-json\/wp\/v2\/posts\/53021\/revisions"}],"wp:featuredmedia":[{"embeddable":true,"href":"https:\/\/www.europesays.com\/no\/wp-json\/wp\/v2\/media\/3063"}],"wp:attachment":[{"href":"https:\/\/www.europesays.com\/no\/wp-json\/wp\/v2\/media?parent=53021"}],"wp:term":[{"taxonomy":"category","embeddable":true,"href":"https:\/\/www.europesays.com\/no\/wp-json\/wp\/v2\/categories?post=53021"},{"taxonomy":"post_tag","embeddable":true,"href":"https:\/\/www.europesays.com\/no\/wp-json\/wp\/v2\/tags?post=53021"}],"curies":[{"name":"wp","href":"https:\/\/api.w.org\/{rel}","templated":true}]}}