{"id":53034,"date":"2025-10-05T08:45:11","date_gmt":"2025-10-05T08:45:11","guid":{"rendered":"https:\/\/www.europesays.com\/no\/53034\/"},"modified":"2025-10-05T08:45:11","modified_gmt":"2025-10-05T08:45:11","slug":"vaer-hoy-vannstand-farevarsel-om-hoy-vannstand-toppen-er-ventet-i-formiddag","status":"publish","type":"post","link":"https:\/\/www.europesays.com\/no\/53034\/","title":{"rendered":"V\u00e6r, H\u00f8y vannstand | Farevarsel om h\u00f8y vannstand: Toppen er ventet i formiddag"},"content":{"rendered":"\n<p><b>Meteorologisk institutt sendte l\u00f8rdag ut et gult farevarsel for h\u00f8y vannstand i bergensomr\u00e5det.<\/b><\/p>\n<p>Faren er ventet \u00e5 \u00f8ke fra klokken 0900 l\u00f8rdag, og minke klokken 1300.<\/p>\n<p>\u2013 Det kommer en topp i formiddag. VI f\u00f8lger med p\u00e5 observasjonene, sier vakthavende meteorolog Susana Reuder.<\/p>\n<p>Med h\u00f8y vannstand er det fare for oversv\u00f8mmelser som kan gi skade p\u00e5 infrastruktur, bygninger og strandsonen, forklarer meteorologen.<\/p>\n<p><b>\u2013 Dessuten kan det bli h\u00f8ye b\u00f8lger, opp mot fem meter, som kan gj\u00f8re skade, legger hun til.<\/b><\/p>\n<p>Om det skjer er litt usikkert, if\u00f8lge Reuder. Det er nemlig en kombinasjon av kraftig vind, b\u00f8lger og et lavt lufttrykk som gj\u00f8r at det kan bli h\u00f8y vannstand langs kysten og i fjordomr\u00e5dene.<\/p>\n<p>   <img decoding=\"async\" width=\"5568\" height=\"3712\" fetchpriority=\"low\"  loading=\"lazy\"  src=\"https:\/\/www.europesays.com\/no\/wp-content\/uploads\/2025\/10\/BA59374.jpg\" alt=\"\" class=\"brick-c-cFOWSL\" style=\"--brick-image-ratio: 5568 \/ 3712;\"\/><\/p>\n<p>    Slik s\u00e5 det ut i 2020, da det var h\u00f8y vannstand p\u00e5 Bryggen i Bergen.<br \/>\n    Foto: EIRIK HAGES\u00c6TER (arkiv)\n  <\/p>\n<p>  Flere faktorer m\u00e5 v\u00e6re p\u00e5 plass<\/p>\n<p>\u2013 Hvor sannsynlig er det at det blir oversv\u00f8mmelser?<\/p>\n<p>\u2013 Noe sannsynlighet er det, det er derfor vi har sendt ut farevarsel. Vi kan ikke v\u00e6re helt sikre p\u00e5 at alle ingredienser er p\u00e5 plass samtidig. Men observasjonene peker p\u00e5 at vannstanden er p\u00e5 vei opp.<\/p>\n<p>\u2013 Er det ting som tyder p\u00e5 at farevarselet kan bli oppjustert?<\/p>\n<p>\u2013 Nei, for lavtrykket passerer ganske fort \u00f8stover. Det er heller ikke s\u00e5 dypt som det har v\u00e6rt. Derfor har vi ogs\u00e5 nedjustert farevarselet fra oransje til gult for Rogaland, p\u00e5peker meteorologen.<\/p>\n<p>Reuder minner om viktigheten av \u00e5 sjekke fort\u00f8yninger og l\u00f8se gjenstander i strandsonen.<\/p>\n<p>Solgl\u00f8tt, men s\u00e5 en fuktig h\u00f8stferie<\/p>\n<p>Resten av helgen er ventet \u00e5 by p\u00e5 litt av hvert, if\u00f8lge Reuder.<\/p>\n<p>\u2013 S\u00f8ndagen byr p\u00e5 enkelte regnbyger, men ogs\u00e5 litt lettere skydekke. Det kan hende solen titter frem sent p\u00e5 formiddagen. Men mot kvelden blir det igjen skyer og regnbyger, sier meteorologen.<\/p>\n<p>Hun har videre en d\u00e5rlig nyhet for bergensere p\u00e5 h\u00f8stferie:<\/p>\n<p>\u2013 Uken blir preget av lavtrykksaktivitet, men lite vind. Det blir perioder med nedb\u00f8r hver dag!<\/p>\n<p>  <a href=\"https:\/\/www.ba.no\/5-8-3177742\" class=\"related-teaser has-image default-story-teaser article--c-eRUmMG article--c-eRUmMG-jKCPdD-design-default\" rel=\"nofollow noopener\" target=\"_blank\"><\/p>\n<p>    <img decoding=\"async\" loading=\"lazy\"  src=\"https:\/\/www.europesays.com\/no\/wp-content\/uploads\/2025\/10\/IMG_0039+%281%29.jpg\" alt=\"\" class=\"brick-c-cFOWSL\" style=\"\"\/><\/p>\n<p>\n            Les ogs\u00e5<\/p>\n<p>              Byen bl\u00e5ste vekk: Bergens mest vindfulle natt p\u00e5 minst 28 \u00e5r\n        <\/p>\n<p>  <\/a><\/p>\n<p>  <a href=\"https:\/\/www.ba.no\/5-8-3177872\" class=\"related-teaser has-image default-story-teaser article--c-eRUmMG article--c-eRUmMG-jKCPdD-design-default\" rel=\"nofollow noopener\" target=\"_blank\"><\/p>\n<p>    <img decoding=\"async\" loading=\"lazy\"  src=\"https:\/\/www.europesays.com\/no\/wp-content\/uploads\/2025\/10\/v-i-62936aea-fec7-41e1-abe1-7a591975469f-2.jpg\" alt=\"\" class=\"brick-c-cFOWSL\" style=\"\"\/><\/p>\n<p>\n            Les ogs\u00e5<\/p>\n<p>              M\u00e5 sprenge vekk tr\u00e6rne: \u2013 Fortvilende situasjon\n        <\/p>\n<p>  <\/a><\/p>\n<p>  <a href=\"https:\/\/www.ba.no\/5-8-3177477\" class=\"related-teaser has-image default-story-teaser article--c-eRUmMG article--c-eRUmMG-jKCPdD-design-default\" rel=\"nofollow noopener\" target=\"_blank\"><\/p>\n<p>    <img decoding=\"async\" loading=\"lazy\"  src=\"https:\/\/www.europesays.com\/no\/wp-content\/uploads\/2025\/10\/1759653911_234_aleksanderogbirgitte.jpg\" alt=\"\" class=\"brick-c-cFOWSL\" style=\"\"\/><\/p>\n<p>\n            Les ogs\u00e5<\/p>\n<p>              Container bl\u00e5ste over Teslaen deres: \u2013 Vi hadde akkurat kj\u00f8pt den!\n        <\/p>\n<p>  <\/a><\/p>\n","protected":false},"excerpt":{"rendered":"Meteorologisk institutt sendte l\u00f8rdag ut et gult farevarsel for h\u00f8y vannstand i bergensomr\u00e5det. Faren er ventet \u00e5 \u00f8ke&hellip;\n","protected":false},"author":2,"featured_media":53035,"comment_status":"","ping_status":"","sticky":false,"template":"","format":"standard","meta":{"footnotes":""},"categories":[5],"tags":[36,20,21,8065,24,25,15,19,8064,22,23,17,18,13,30,28,29,14,16,1510,26,27,8003,553],"class_list":{"0":"post-53034","1":"post","2":"type-post","3":"status-publish","4":"format-standard","5":"has-post-thumbnail","7":"category-overskrifter","8":"tag-art","9":"tag-breaking-news","10":"tag-breakingnews","11":"tag-bryggen","12":"tag-featured-news","13":"tag-featurednews","14":"tag-headlines","15":"tag-hovedoppslag","16":"tag-hoy-vannstand","17":"tag-latest-news","18":"tag-latestnews","19":"tag-main-news","20":"tag-mainnews","21":"tag-news","22":"tag-no","23":"tag-norge","24":"tag-norway","25":"tag-nyheter","26":"tag-overskrifter","27":"tag-story","28":"tag-top-stories","29":"tag-topstories","30":"tag-uvaeret-amy","31":"tag-vaer"},"share_on_mastodon":{"url":"","error":""},"_links":{"self":[{"href":"https:\/\/www.europesays.com\/no\/wp-json\/wp\/v2\/posts\/53034","targetHints":{"allow":["GET"]}}],"collection":[{"href":"https:\/\/www.europesays.com\/no\/wp-json\/wp\/v2\/posts"}],"about":[{"href":"https:\/\/www.europesays.com\/no\/wp-json\/wp\/v2\/types\/post"}],"author":[{"embeddable":true,"href":"https:\/\/www.europesays.com\/no\/wp-json\/wp\/v2\/users\/2"}],"replies":[{"embeddable":true,"href":"https:\/\/www.europesays.com\/no\/wp-json\/wp\/v2\/comments?post=53034"}],"version-history":[{"count":0,"href":"https:\/\/www.europesays.com\/no\/wp-json\/wp\/v2\/posts\/53034\/revisions"}],"wp:featuredmedia":[{"embeddable":true,"href":"https:\/\/www.europesays.com\/no\/wp-json\/wp\/v2\/media\/53035"}],"wp:attachment":[{"href":"https:\/\/www.europesays.com\/no\/wp-json\/wp\/v2\/media?parent=53034"}],"wp:term":[{"taxonomy":"category","embeddable":true,"href":"https:\/\/www.europesays.com\/no\/wp-json\/wp\/v2\/categories?post=53034"},{"taxonomy":"post_tag","embeddable":true,"href":"https:\/\/www.europesays.com\/no\/wp-json\/wp\/v2\/tags?post=53034"}],"curies":[{"name":"wp","href":"https:\/\/api.w.org\/{rel}","templated":true}]}}